{"id":7782,"date":"2025-07-09T10:13:35","date_gmt":"2025-07-09T10:13:35","guid":{"rendered":"https:\/\/parroquiasanagustin.org\/?p=7782"},"modified":"2025-09-24T10:06:35","modified_gmt":"2025-09-24T10:06:35","slug":"5a-jornada-mundial-de-los-abuelos-y-de-las-personas-mayores","status":"publish","type":"post","link":"https:\/\/parroquiasanagustin.org\/index.php\/2025\/07\/09\/5a-jornada-mundial-de-los-abuelos-y-de-las-personas-mayores\/","title":{"rendered":"5\u00aa Jornada Mundial de los Abuelos y de las Personas Mayores"},"content":{"rendered":"<p><a href=\"https:\/\/parroquiasanagustin.org\/?attachment_id=7783\"><img fetchpriority=\"high\" decoding=\"async\" class=\"alignright wp-image-7783\" src=\"https:\/\/parroquiasanagustin.org\/wp-content\/uploads\/2025\/07\/o_1ivhs86da66d15lam3s12cs11i8a-212x300.jpg\" alt=\"\" width=\"300\" height=\"425\" srcset=\"https:\/\/parroquiasanagustin.org\/wp-content\/uploads\/2025\/07\/o_1ivhs86da66d15lam3s12cs11i8a-212x300.jpg 212w, https:\/\/parroquiasanagustin.org\/wp-content\/uploads\/2025\/07\/o_1ivhs86da66d15lam3s12cs11i8a-724x1024.jpg 724w, https:\/\/parroquiasanagustin.org\/wp-content\/uploads\/2025\/07\/o_1ivhs86da66d15lam3s12cs11i8a-768x1087.jpg 768w, https:\/\/parroquiasanagustin.org\/wp-content\/uploads\/2025\/07\/o_1ivhs86da66d15lam3s12cs11i8a-1085x1536.jpg 1085w, https:\/\/parroquiasanagustin.org\/wp-content\/uploads\/2025\/07\/o_1ivhs86da66d15lam3s12cs11i8a-1447x2048.jpg 1447w, https:\/\/parroquiasanagustin.org\/wp-content\/uploads\/2025\/07\/o_1ivhs86da66d15lam3s12cs11i8a.jpg 1809w\" sizes=\"(max-width: 300px) 100vw, 300px\" \/><\/a><\/p>\n<p><span class=\"medium\">El Santo Padre ha elegido el tema de la 5\u00aa Jornada Mundial de los Abuelos y de las Personas Mayores, que este a\u00f1o se celebrar\u00e1 el domingo 27 de julio: \u00ab<b>\u00a1Feliz el que no ve desvanecerse su esperanza!<\/b>\u00bb<b>&nbsp;<\/b>(cf. Eclo 14,2).<\/span><\/p>\n<p><span class=\"medium\">Estas palabras, tomadas del libro del Eclesi\u00e1stico, expresan la bienaventuranza de los ancianos y se\u00f1alan la esperanza puesta en el Se\u00f1or como camino hacia una vejez cristiana y reconciliada.<\/span><\/p>\n<p><span class=\"medium\">En el a\u00f1o del Jubileo, la Jornada, instituida por el Papa Francisco en 2021, quiere ser una oportunidad para reflexionar sobre c\u00f3mo la presencia de los abuelos y los ancianos puede convertirse en un signo de esperanza en cada familia y comunidad eclesial.<\/span><\/p>\n<p>Para esta jornada, La Catedral de Canarias acoger\u00e1 el <strong>jueves 24 de julio, a las 18.30 horas<\/strong>, el&nbsp;<strong>Jubileo de las Personas Mayores<\/strong>. Este acto es una ocasi\u00f3n especial para dar gracias a Dios por la vida, la fe y el testimonio de nuestros mayores.<\/p>\n<p>Est\u00e1n invitados&nbsp;<strong>todos los diocesanos<\/strong>&nbsp;que deseen unirse a esta celebraci\u00f3n, que reconoce y valora el papel fundamental de los mayores en la vida de la Iglesia y de la sociedad.<\/p>\n","protected":false},"excerpt":{"rendered":"<p>El Santo Padre ha elegido el tema de la 5\u00aa Jornada Mundial de los Abuelos y de las Personas Mayores, que este a\u00f1o se celebrar\u00e1 el domingo 27 de julio: \u00ab\u00a1Feliz el que no ve desvanecerse su esperanza!\u00bb&nbsp;(cf. Eclo 14,2). Estas palabras, tomadas del libro del Eclesi\u00e1stico, expresan la bienaventuranza de los ancianos y se\u00f1alan la esperanza puesta en el Se\u00f1or como camino hacia una vejez cristiana y reconciliada. En el a\u00f1o del Jubileo, la Jornada, instituida por el Papa Francisco en 2021, quiere ser una oportunidad para reflexionar sobre c\u00f3mo la presencia de los abuelos y los ancianos puede convertirse en un signo de esperanza en cada familia y comunidad eclesial. Para esta jornada, La Catedral de Canarias acoger\u00e1 el jueves 24 de julio, a las 18.30 horas, el&nbsp;Jubileo de las Personas Mayores. Este acto es una ocasi\u00f3n especial para dar gracias a Dios por la vida, la fe y el testimonio de nuestros mayores. Est\u00e1n invitados&nbsp;todos los diocesanos&nbsp;que deseen unirse a esta celebraci\u00f3n, que reconoce y valora el papel fundamental de los mayores en la vida de la Iglesia y de la sociedad.<\/p>\n","protected":false},"author":2,"featured_media":7783,"comment_status":"closed","ping_status":"closed","sticky":false,"template":"","format":"standard","meta":{"ocean_front_end_style_editor":"no","ocean_post_layout":"","ocean_both_sidebars_style":"","ocean_both_sidebars_content_width":0,"ocean_both_sidebars_sidebars_width":0,"ocean_sidebar":"","ocean_second_sidebar":"","ocean_disable_margins":"enable","ocean_add_body_class":"","ocean_shortcode_before_top_bar":"","ocean_shortcode_after_top_bar":"","ocean_shortcode_before_header":"","ocean_shortcode_after_header":"","ocean_has_shortcode":"","ocean_shortcode_after_title":"","ocean_shortcode_before_footer_widgets":"","ocean_shortcode_after_footer_widgets":"","ocean_shortcode_before_footer_bottom":"","ocean_shortcode_after_footer_bottom":"","ocean_display_top_bar":"default","ocean_display_header":"default","ocean_header_style":"","ocean_center_header_left_menu":"","ocean_custom_header_template":"","ocean_custom_logo":0,"ocean_custom_retina_logo":0,"ocean_custom_logo_max_width":0,"ocean_custom_logo_tablet_max_width":0,"ocean_custom_logo_mobile_max_width":0,"ocean_custom_logo_max_height":0,"ocean_custom_logo_tablet_max_height":0,"ocean_custom_logo_mobile_max_height":0,"ocean_header_custom_menu":"","ocean_menu_typo_font_family":"","ocean_menu_typo_font_subset":"","ocean_menu_typo_font_size":0,"ocean_menu_typo_font_size_tablet":0,"ocean_menu_typo_font_size_mobile":0,"ocean_menu_typo_font_size_unit":"px","ocean_menu_typo_font_weight":"","ocean_menu_typo_font_weight_tablet":"","ocean_menu_typo_font_weight_mobile":"","ocean_menu_typo_transform":"","ocean_menu_typo_transform_tablet":"","ocean_menu_typo_transform_mobile":"","ocean_menu_typo_line_height":0,"ocean_menu_typo_line_height_tablet":0,"ocean_menu_typo_line_height_mobile":0,"ocean_menu_typo_line_height_unit":"","ocean_menu_typo_spacing":0,"ocean_menu_typo_spacing_tablet":0,"ocean_menu_typo_spacing_mobile":0,"ocean_menu_typo_spacing_unit":"","ocean_menu_link_color":"","ocean_menu_link_color_hover":"","ocean_menu_link_color_active":"","ocean_menu_link_background":"","ocean_menu_link_hover_background":"","ocean_menu_link_active_background":"","ocean_menu_social_links_bg":"","ocean_menu_social_hover_links_bg":"","ocean_menu_social_links_color":"","ocean_menu_social_hover_links_color":"","ocean_disable_title":"default","ocean_disable_heading":"default","ocean_post_title":"","ocean_post_subheading":"","ocean_post_title_style":"","ocean_post_title_background_color":"","ocean_post_title_background":0,"ocean_post_title_bg_image_position":"","ocean_post_title_bg_image_attachment":"","ocean_post_title_bg_image_repeat":"","ocean_post_title_bg_image_size":"","ocean_post_title_height":0,"ocean_post_title_bg_overlay":0.5,"ocean_post_title_bg_overlay_color":"","ocean_disable_breadcrumbs":"default","ocean_breadcrumbs_color":"","ocean_breadcrumbs_separator_color":"","ocean_breadcrumbs_links_color":"","ocean_breadcrumbs_links_hover_color":"","ocean_display_footer_widgets":"default","ocean_display_footer_bottom":"default","ocean_custom_footer_template":"","ocean_post_oembed":"","ocean_post_self_hosted_media":"","ocean_post_video_embed":"","ocean_link_format":"","ocean_link_format_target":"self","ocean_quote_format":"","ocean_quote_format_link":"post","ocean_gallery_link_images":"on","ocean_gallery_id":[],"footnotes":""},"categories":[138,1],"tags":[87,53],"class_list":["post-7782","post","type-post","status-publish","format-standard","has-post-thumbnail","hentry","category-anteriores","category-sin-categoria","tag-abuelos","tag-jornada","entry","has-media"],"yoast_head":"<!-- This site is optimized with the Yoast SEO plugin v28.3 - https:\/\/yoast.com\/product\/yoast-seo-wordpress\/ -->\n<title>5\u00aa Jornada Mundial de los Abuelos y de las Personas Mayores - Parroquia Matriz de San Agust\u00edn<\/title>\n<meta name=\"robots\" content=\"index, follow, max-snippet:-1, max-image-preview:large, max-video-preview:-1\" \/>\n<link rel=\"canonical\" href=\"https:\/\/parroquiasanagustin.org\/index.php\/2025\/07\/09\/5a-jornada-mundial-de-los-abuelos-y-de-las-personas-mayores\/\" \/>\n<meta property=\"og:locale\" content=\"es_ES\" \/>\n<meta property=\"og:type\" content=\"article\" \/>\n<meta property=\"og:title\" content=\"5\u00aa Jornada Mundial de los Abuelos y de las Personas Mayores - Parroquia Matriz de San Agust\u00edn\" \/>\n<meta property=\"og:description\" content=\"El Santo Padre ha elegido el tema de la 5\u00aa Jornada Mundial de los Abuelos y de las Personas Mayores, que este a\u00f1o se celebrar\u00e1 el domingo 27 de julio: \u00ab\u00a1Feliz el que no ve desvanecerse su esperanza!\u00bb&nbsp;(cf. Eclo 14,2). Estas palabras, tomadas del libro del Eclesi\u00e1stico, expresan la bienaventuranza de los ancianos y se\u00f1alan la esperanza puesta en el Se\u00f1or como camino hacia una vejez cristiana y reconciliada. En el a\u00f1o del Jubileo, la Jornada, instituida por el Papa Francisco en 2021, quiere ser una oportunidad para reflexionar sobre c\u00f3mo la presencia de los abuelos y los ancianos puede convertirse en un signo de esperanza en cada familia y comunidad eclesial. Para esta jornada, La Catedral de Canarias acoger\u00e1 el jueves 24 de julio, a las 18.30 horas, el&nbsp;Jubileo de las Personas Mayores. Este acto es una ocasi\u00f3n especial para dar gracias a Dios por la vida, la fe y el testimonio de nuestros mayores. Est\u00e1n invitados&nbsp;todos los diocesanos&nbsp;que deseen unirse a esta celebraci\u00f3n, que reconoce y valora el papel fundamental de los mayores en la vida de la Iglesia y de la sociedad.\" \/>\n<meta property=\"og:url\" content=\"https:\/\/parroquiasanagustin.org\/index.php\/2025\/07\/09\/5a-jornada-mundial-de-los-abuelos-y-de-las-personas-mayores\/\" \/>\n<meta property=\"og:site_name\" content=\"Parroquia Matriz de San Agust\u00edn\" \/>\n<meta property=\"article:published_time\" content=\"2025-07-09T10:13:35+00:00\" \/>\n<meta property=\"article:modified_time\" content=\"2025-09-24T10:06:35+00:00\" \/>\n<meta property=\"og:image\" content=\"https:\/\/parroquiasanagustin.org\/wp-content\/uploads\/2025\/07\/o_1ivhs86da66d15lam3s12cs11i8a.jpg\" \/>\n\t<meta property=\"og:image:width\" content=\"1809\" \/>\n\t<meta property=\"og:image:height\" content=\"2560\" \/>\n\t<meta property=\"og:image:type\" content=\"image\/jpeg\" \/>\n<meta name=\"author\" content=\"admin\" \/>\n<meta name=\"twitter:card\" content=\"summary_large_image\" \/>\n<meta name=\"twitter:label1\" content=\"Escrito por\" \/>\n\t<meta name=\"twitter:data1\" content=\"admin\" \/>\n\t<meta name=\"twitter:label2\" content=\"Tiempo de lectura\" \/>\n\t<meta name=\"twitter:data2\" content=\"1 minuto\" \/>\n<script type=\"application\/ld+json\" class=\"yoast-schema-graph\">{\"@context\":\"https:\\\/\\\/schema.org\",\"@graph\":[{\"@type\":\"Article\",\"@id\":\"https:\\\/\\\/parroquiasanagustin.org\\\/index.php\\\/2025\\\/07\\\/09\\\/5a-jornada-mundial-de-los-abuelos-y-de-las-personas-mayores\\\/#article\",\"isPartOf\":{\"@id\":\"https:\\\/\\\/parroquiasanagustin.org\\\/index.php\\\/2025\\\/07\\\/09\\\/5a-jornada-mundial-de-los-abuelos-y-de-las-personas-mayores\\\/\"},\"author\":{\"name\":\"admin\",\"@id\":\"https:\\\/\\\/parroquiasanagustin.org\\\/#\\\/schema\\\/person\\\/847433f46674263837c7be221cfa5120\"},\"headline\":\"5\u00aa Jornada Mundial de los Abuelos y de las Personas Mayores\",\"datePublished\":\"2025-07-09T10:13:35+00:00\",\"dateModified\":\"2025-09-24T10:06:35+00:00\",\"mainEntityOfPage\":{\"@id\":\"https:\\\/\\\/parroquiasanagustin.org\\\/index.php\\\/2025\\\/07\\\/09\\\/5a-jornada-mundial-de-los-abuelos-y-de-las-personas-mayores\\\/\"},\"wordCount\":206,\"publisher\":{\"@id\":\"https:\\\/\\\/parroquiasanagustin.org\\\/#organization\"},\"image\":{\"@id\":\"https:\\\/\\\/parroquiasanagustin.org\\\/index.php\\\/2025\\\/07\\\/09\\\/5a-jornada-mundial-de-los-abuelos-y-de-las-personas-mayores\\\/#primaryimage\"},\"thumbnailUrl\":\"https:\\\/\\\/parroquiasanagustin.org\\\/wp-content\\\/uploads\\\/2025\\\/07\\\/o_1ivhs86da66d15lam3s12cs11i8a.jpg\",\"keywords\":[\"abuelos\",\"jornada\"],\"articleSection\":[\"Anteriores\"],\"inLanguage\":\"es\"},{\"@type\":\"WebPage\",\"@id\":\"https:\\\/\\\/parroquiasanagustin.org\\\/index.php\\\/2025\\\/07\\\/09\\\/5a-jornada-mundial-de-los-abuelos-y-de-las-personas-mayores\\\/\",\"url\":\"https:\\\/\\\/parroquiasanagustin.org\\\/index.php\\\/2025\\\/07\\\/09\\\/5a-jornada-mundial-de-los-abuelos-y-de-las-personas-mayores\\\/\",\"name\":\"5\u00aa Jornada Mundial de los Abuelos y de las Personas Mayores - Parroquia Matriz de San Agust\u00edn\",\"isPartOf\":{\"@id\":\"https:\\\/\\\/parroquiasanagustin.org\\\/#website\"},\"primaryImageOfPage\":{\"@id\":\"https:\\\/\\\/parroquiasanagustin.org\\\/index.php\\\/2025\\\/07\\\/09\\\/5a-jornada-mundial-de-los-abuelos-y-de-las-personas-mayores\\\/#primaryimage\"},\"image\":{\"@id\":\"https:\\\/\\\/parroquiasanagustin.org\\\/index.php\\\/2025\\\/07\\\/09\\\/5a-jornada-mundial-de-los-abuelos-y-de-las-personas-mayores\\\/#primaryimage\"},\"thumbnailUrl\":\"https:\\\/\\\/parroquiasanagustin.org\\\/wp-content\\\/uploads\\\/2025\\\/07\\\/o_1ivhs86da66d15lam3s12cs11i8a.jpg\",\"datePublished\":\"2025-07-09T10:13:35+00:00\",\"dateModified\":\"2025-09-24T10:06:35+00:00\",\"breadcrumb\":{\"@id\":\"https:\\\/\\\/parroquiasanagustin.org\\\/index.php\\\/2025\\\/07\\\/09\\\/5a-jornada-mundial-de-los-abuelos-y-de-las-personas-mayores\\\/#breadcrumb\"},\"inLanguage\":\"es\",\"potentialAction\":[{\"@type\":\"ReadAction\",\"target\":[\"https:\\\/\\\/parroquiasanagustin.org\\\/index.php\\\/2025\\\/07\\\/09\\\/5a-jornada-mundial-de-los-abuelos-y-de-las-personas-mayores\\\/\"]}]},{\"@type\":\"ImageObject\",\"inLanguage\":\"es\",\"@id\":\"https:\\\/\\\/parroquiasanagustin.org\\\/index.php\\\/2025\\\/07\\\/09\\\/5a-jornada-mundial-de-los-abuelos-y-de-las-personas-mayores\\\/#primaryimage\",\"url\":\"https:\\\/\\\/parroquiasanagustin.org\\\/wp-content\\\/uploads\\\/2025\\\/07\\\/o_1ivhs86da66d15lam3s12cs11i8a.jpg\",\"contentUrl\":\"https:\\\/\\\/parroquiasanagustin.org\\\/wp-content\\\/uploads\\\/2025\\\/07\\\/o_1ivhs86da66d15lam3s12cs11i8a.jpg\",\"width\":1809,\"height\":2560},{\"@type\":\"BreadcrumbList\",\"@id\":\"https:\\\/\\\/parroquiasanagustin.org\\\/index.php\\\/2025\\\/07\\\/09\\\/5a-jornada-mundial-de-los-abuelos-y-de-las-personas-mayores\\\/#breadcrumb\",\"itemListElement\":[{\"@type\":\"ListItem\",\"position\":1,\"name\":\"Portada\",\"item\":\"https:\\\/\\\/parroquiasanagustin.org\\\/\"},{\"@type\":\"ListItem\",\"position\":2,\"name\":\"5\u00aa Jornada Mundial de los Abuelos y de las Personas Mayores\"}]},{\"@type\":\"WebSite\",\"@id\":\"https:\\\/\\\/parroquiasanagustin.org\\\/#website\",\"url\":\"https:\\\/\\\/parroquiasanagustin.org\\\/\",\"name\":\"Parroquia Matriz de San Agust\u00edn\",\"description\":\"Iglesia de San Agust\u00edn y Santuario de Santa Rita, Vegueta, Las Palmas de Gran Canaria\",\"publisher\":{\"@id\":\"https:\\\/\\\/parroquiasanagustin.org\\\/#organization\"},\"potentialAction\":[{\"@type\":\"SearchAction\",\"target\":{\"@type\":\"EntryPoint\",\"urlTemplate\":\"https:\\\/\\\/parroquiasanagustin.org\\\/?s={search_term_string}\"},\"query-input\":{\"@type\":\"PropertyValueSpecification\",\"valueRequired\":true,\"valueName\":\"search_term_string\"}}],\"inLanguage\":\"es\"},{\"@type\":\"Organization\",\"@id\":\"https:\\\/\\\/parroquiasanagustin.org\\\/#organization\",\"name\":\"Parroquia Matriz de San Agust\u00edn\",\"url\":\"https:\\\/\\\/parroquiasanagustin.org\\\/\",\"logo\":{\"@type\":\"ImageObject\",\"inLanguage\":\"es\",\"@id\":\"https:\\\/\\\/parroquiasanagustin.org\\\/#\\\/schema\\\/logo\\\/image\\\/\",\"url\":\"https:\\\/\\\/parroquiasanagustin.org\\\/wp-content\\\/uploads\\\/2020\\\/03\\\/iglesiaicono.jpg\",\"contentUrl\":\"https:\\\/\\\/parroquiasanagustin.org\\\/wp-content\\\/uploads\\\/2020\\\/03\\\/iglesiaicono.jpg\",\"width\":567,\"height\":567,\"caption\":\"Parroquia Matriz de San Agust\u00edn\"},\"image\":{\"@id\":\"https:\\\/\\\/parroquiasanagustin.org\\\/#\\\/schema\\\/logo\\\/image\\\/\"}},{\"@type\":\"Person\",\"@id\":\"https:\\\/\\\/parroquiasanagustin.org\\\/#\\\/schema\\\/person\\\/847433f46674263837c7be221cfa5120\",\"name\":\"admin\",\"image\":{\"@type\":\"ImageObject\",\"inLanguage\":\"es\",\"@id\":\"https:\\\/\\\/secure.gravatar.com\\\/avatar\\\/07d4512f723a9a3b729f475206dd5edd698d449d5c20abe9a12060d2ff1e0807?s=96&d=mm&r=g\",\"url\":\"https:\\\/\\\/secure.gravatar.com\\\/avatar\\\/07d4512f723a9a3b729f475206dd5edd698d449d5c20abe9a12060d2ff1e0807?s=96&d=mm&r=g\",\"contentUrl\":\"https:\\\/\\\/secure.gravatar.com\\\/avatar\\\/07d4512f723a9a3b729f475206dd5edd698d449d5c20abe9a12060d2ff1e0807?s=96&d=mm&r=g\",\"caption\":\"admin\"},\"url\":\"https:\\\/\\\/parroquiasanagustin.org\\\/index.php\\\/author\\\/admin\\\/\"}]}<\/script>\n<!-- \/ Yoast SEO plugin. -->","yoast_head_json":{"title":"5\u00aa Jornada Mundial de los Abuelos y de las Personas Mayores - Parroquia Matriz de San Agust\u00edn","robots":{"index":"index","follow":"follow","max-snippet":"max-snippet:-1","max-image-preview":"max-image-preview:large","max-video-preview":"max-video-preview:-1"},"canonical":"https:\/\/parroquiasanagustin.org\/index.php\/2025\/07\/09\/5a-jornada-mundial-de-los-abuelos-y-de-las-personas-mayores\/","og_locale":"es_ES","og_type":"article","og_title":"5\u00aa Jornada Mundial de los Abuelos y de las Personas Mayores - Parroquia Matriz de San Agust\u00edn","og_description":"El Santo Padre ha elegido el tema de la 5\u00aa Jornada Mundial de los Abuelos y de las Personas Mayores, que este a\u00f1o se celebrar\u00e1 el domingo 27 de julio: \u00ab\u00a1Feliz el que no ve desvanecerse su esperanza!\u00bb&nbsp;(cf. Eclo 14,2). Estas palabras, tomadas del libro del Eclesi\u00e1stico, expresan la bienaventuranza de los ancianos y se\u00f1alan la esperanza puesta en el Se\u00f1or como camino hacia una vejez cristiana y reconciliada. En el a\u00f1o del Jubileo, la Jornada, instituida por el Papa Francisco en 2021, quiere ser una oportunidad para reflexionar sobre c\u00f3mo la presencia de los abuelos y los ancianos puede convertirse en un signo de esperanza en cada familia y comunidad eclesial. Para esta jornada, La Catedral de Canarias acoger\u00e1 el jueves 24 de julio, a las 18.30 horas, el&nbsp;Jubileo de las Personas Mayores. Este acto es una ocasi\u00f3n especial para dar gracias a Dios por la vida, la fe y el testimonio de nuestros mayores. Est\u00e1n invitados&nbsp;todos los diocesanos&nbsp;que deseen unirse a esta celebraci\u00f3n, que reconoce y valora el papel fundamental de los mayores en la vida de la Iglesia y de la sociedad.","og_url":"https:\/\/parroquiasanagustin.org\/index.php\/2025\/07\/09\/5a-jornada-mundial-de-los-abuelos-y-de-las-personas-mayores\/","og_site_name":"Parroquia Matriz de San Agust\u00edn","article_published_time":"2025-07-09T10:13:35+00:00","article_modified_time":"2025-09-24T10:06:35+00:00","og_image":[{"width":1809,"height":2560,"url":"https:\/\/parroquiasanagustin.org\/wp-content\/uploads\/2025\/07\/o_1ivhs86da66d15lam3s12cs11i8a.jpg","type":"image\/jpeg"}],"author":"admin","twitter_card":"summary_large_image","twitter_misc":{"Escrito por":"admin","Tiempo de lectura":"1 minuto"},"schema":{"@context":"https:\/\/schema.org","@graph":[{"@type":"Article","@id":"https:\/\/parroquiasanagustin.org\/index.php\/2025\/07\/09\/5a-jornada-mundial-de-los-abuelos-y-de-las-personas-mayores\/#article","isPartOf":{"@id":"https:\/\/parroquiasanagustin.org\/index.php\/2025\/07\/09\/5a-jornada-mundial-de-los-abuelos-y-de-las-personas-mayores\/"},"author":{"name":"admin","@id":"https:\/\/parroquiasanagustin.org\/#\/schema\/person\/847433f46674263837c7be221cfa5120"},"headline":"5\u00aa Jornada Mundial de los Abuelos y de las Personas Mayores","datePublished":"2025-07-09T10:13:35+00:00","dateModified":"2025-09-24T10:06:35+00:00","mainEntityOfPage":{"@id":"https:\/\/parroquiasanagustin.org\/index.php\/2025\/07\/09\/5a-jornada-mundial-de-los-abuelos-y-de-las-personas-mayores\/"},"wordCount":206,"publisher":{"@id":"https:\/\/parroquiasanagustin.org\/#organization"},"image":{"@id":"https:\/\/parroquiasanagustin.org\/index.php\/2025\/07\/09\/5a-jornada-mundial-de-los-abuelos-y-de-las-personas-mayores\/#primaryimage"},"thumbnailUrl":"https:\/\/parroquiasanagustin.org\/wp-content\/uploads\/2025\/07\/o_1ivhs86da66d15lam3s12cs11i8a.jpg","keywords":["abuelos","jornada"],"articleSection":["Anteriores"],"inLanguage":"es"},{"@type":"WebPage","@id":"https:\/\/parroquiasanagustin.org\/index.php\/2025\/07\/09\/5a-jornada-mundial-de-los-abuelos-y-de-las-personas-mayores\/","url":"https:\/\/parroquiasanagustin.org\/index.php\/2025\/07\/09\/5a-jornada-mundial-de-los-abuelos-y-de-las-personas-mayores\/","name":"5\u00aa Jornada Mundial de los Abuelos y de las Personas Mayores - Parroquia Matriz de San Agust\u00edn","isPartOf":{"@id":"https:\/\/parroquiasanagustin.org\/#website"},"primaryImageOfPage":{"@id":"https:\/\/parroquiasanagustin.org\/index.php\/2025\/07\/09\/5a-jornada-mundial-de-los-abuelos-y-de-las-personas-mayores\/#primaryimage"},"image":{"@id":"https:\/\/parroquiasanagustin.org\/index.php\/2025\/07\/09\/5a-jornada-mundial-de-los-abuelos-y-de-las-personas-mayores\/#primaryimage"},"thumbnailUrl":"https:\/\/parroquiasanagustin.org\/wp-content\/uploads\/2025\/07\/o_1ivhs86da66d15lam3s12cs11i8a.jpg","datePublished":"2025-07-09T10:13:35+00:00","dateModified":"2025-09-24T10:06:35+00:00","breadcrumb":{"@id":"https:\/\/parroquiasanagustin.org\/index.php\/2025\/07\/09\/5a-jornada-mundial-de-los-abuelos-y-de-las-personas-mayores\/#breadcrumb"},"inLanguage":"es","potentialAction":[{"@type":"ReadAction","target":["https:\/\/parroquiasanagustin.org\/index.php\/2025\/07\/09\/5a-jornada-mundial-de-los-abuelos-y-de-las-personas-mayores\/"]}]},{"@type":"ImageObject","inLanguage":"es","@id":"https:\/\/parroquiasanagustin.org\/index.php\/2025\/07\/09\/5a-jornada-mundial-de-los-abuelos-y-de-las-personas-mayores\/#primaryimage","url":"https:\/\/parroquiasanagustin.org\/wp-content\/uploads\/2025\/07\/o_1ivhs86da66d15lam3s12cs11i8a.jpg","contentUrl":"https:\/\/parroquiasanagustin.org\/wp-content\/uploads\/2025\/07\/o_1ivhs86da66d15lam3s12cs11i8a.jpg","width":1809,"height":2560},{"@type":"BreadcrumbList","@id":"https:\/\/parroquiasanagustin.org\/index.php\/2025\/07\/09\/5a-jornada-mundial-de-los-abuelos-y-de-las-personas-mayores\/#breadcrumb","itemListElement":[{"@type":"ListItem","position":1,"name":"Portada","item":"https:\/\/parroquiasanagustin.org\/"},{"@type":"ListItem","position":2,"name":"5\u00aa Jornada Mundial de los Abuelos y de las Personas Mayores"}]},{"@type":"WebSite","@id":"https:\/\/parroquiasanagustin.org\/#website","url":"https:\/\/parroquiasanagustin.org\/","name":"Parroquia Matriz de San Agust\u00edn","description":"Iglesia de San Agust\u00edn y Santuario de Santa Rita, Vegueta, Las Palmas de Gran Canaria","publisher":{"@id":"https:\/\/parroquiasanagustin.org\/#organization"},"potentialAction":[{"@type":"SearchAction","target":{"@type":"EntryPoint","urlTemplate":"https:\/\/parroquiasanagustin.org\/?s={search_term_string}"},"query-input":{"@type":"PropertyValueSpecification","valueRequired":true,"valueName":"search_term_string"}}],"inLanguage":"es"},{"@type":"Organization","@id":"https:\/\/parroquiasanagustin.org\/#organization","name":"Parroquia Matriz de San Agust\u00edn","url":"https:\/\/parroquiasanagustin.org\/","logo":{"@type":"ImageObject","inLanguage":"es","@id":"https:\/\/parroquiasanagustin.org\/#\/schema\/logo\/image\/","url":"https:\/\/parroquiasanagustin.org\/wp-content\/uploads\/2020\/03\/iglesiaicono.jpg","contentUrl":"https:\/\/parroquiasanagustin.org\/wp-content\/uploads\/2020\/03\/iglesiaicono.jpg","width":567,"height":567,"caption":"Parroquia Matriz de San Agust\u00edn"},"image":{"@id":"https:\/\/parroquiasanagustin.org\/#\/schema\/logo\/image\/"}},{"@type":"Person","@id":"https:\/\/parroquiasanagustin.org\/#\/schema\/person\/847433f46674263837c7be221cfa5120","name":"admin","image":{"@type":"ImageObject","inLanguage":"es","@id":"https:\/\/secure.gravatar.com\/avatar\/07d4512f723a9a3b729f475206dd5edd698d449d5c20abe9a12060d2ff1e0807?s=96&d=mm&r=g","url":"https:\/\/secure.gravatar.com\/avatar\/07d4512f723a9a3b729f475206dd5edd698d449d5c20abe9a12060d2ff1e0807?s=96&d=mm&r=g","contentUrl":"https:\/\/secure.gravatar.com\/avatar\/07d4512f723a9a3b729f475206dd5edd698d449d5c20abe9a12060d2ff1e0807?s=96&d=mm&r=g","caption":"admin"},"url":"https:\/\/parroquiasanagustin.org\/index.php\/author\/admin\/"}]}},"_links":{"self":[{"href":"https:\/\/parroquiasanagustin.org\/index.php\/wp-json\/wp\/v2\/posts\/7782","targetHints":{"allow":["GET"]}}],"collection":[{"href":"https:\/\/parroquiasanagustin.org\/index.php\/wp-json\/wp\/v2\/posts"}],"about":[{"href":"https:\/\/parroquiasanagustin.org\/index.php\/wp-json\/wp\/v2\/types\/post"}],"author":[{"embeddable":true,"href":"https:\/\/parroquiasanagustin.org\/index.php\/wp-json\/wp\/v2\/users\/2"}],"replies":[{"embeddable":true,"href":"https:\/\/parroquiasanagustin.org\/index.php\/wp-json\/wp\/v2\/comments?post=7782"}],"version-history":[{"count":1,"href":"https:\/\/parroquiasanagustin.org\/index.php\/wp-json\/wp\/v2\/posts\/7782\/revisions"}],"predecessor-version":[{"id":7784,"href":"https:\/\/parroquiasanagustin.org\/index.php\/wp-json\/wp\/v2\/posts\/7782\/revisions\/7784"}],"wp:featuredmedia":[{"embeddable":true,"href":"https:\/\/parroquiasanagustin.org\/index.php\/wp-json\/wp\/v2\/media\/7783"}],"wp:attachment":[{"href":"https:\/\/parroquiasanagustin.org\/index.php\/wp-json\/wp\/v2\/media?parent=7782"}],"wp:term":[{"taxonomy":"category","embeddable":true,"href":"https:\/\/parroquiasanagustin.org\/index.php\/wp-json\/wp\/v2\/categories?post=7782"},{"taxonomy":"post_tag","embeddable":true,"href":"https:\/\/parroquiasanagustin.org\/index.php\/wp-json\/wp\/v2\/tags?post=7782"}],"curies":[{"name":"wp","href":"https:\/\/api.w.org\/{rel}","templated":true}]}}