{"id":7360,"date":"2025-01-08T18:06:50","date_gmt":"2025-01-08T18:06:50","guid":{"rendered":"https:\/\/parroquiasanagustin.org\/?p=7360"},"modified":"2025-02-26T08:47:23","modified_gmt":"2025-02-26T08:47:23","slug":"jornada-de-la-infancia-misionera-3","status":"publish","type":"post","link":"https:\/\/parroquiasanagustin.org\/index.php\/2025\/01\/08\/jornada-de-la-infancia-misionera-3\/","title":{"rendered":"Jornada de la Infancia Misionera"},"content":{"rendered":"<p><a href=\"https:\/\/parroquiasanagustin.org\/?attachment_id=7361\"><img fetchpriority=\"high\" decoding=\"async\" class=\"alignright wp-image-7361\" src=\"https:\/\/parroquiasanagustin.org\/wp-content\/uploads\/2025\/01\/Cartel-IM-2025-todas-las-le-212x300.jpg\" alt=\"\" width=\"300\" height=\"425\" srcset=\"https:\/\/parroquiasanagustin.org\/wp-content\/uploads\/2025\/01\/Cartel-IM-2025-todas-las-le-212x300.jpg 212w, https:\/\/parroquiasanagustin.org\/wp-content\/uploads\/2025\/01\/Cartel-IM-2025-todas-las-le-724x1024.jpg 724w, https:\/\/parroquiasanagustin.org\/wp-content\/uploads\/2025\/01\/Cartel-IM-2025-todas-las-le-768x1087.jpg 768w, https:\/\/parroquiasanagustin.org\/wp-content\/uploads\/2025\/01\/Cartel-IM-2025-todas-las-le-1086x1536.jpg 1086w, https:\/\/parroquiasanagustin.org\/wp-content\/uploads\/2025\/01\/Cartel-IM-2025-todas-las-le-1448x2048.jpg 1448w, https:\/\/parroquiasanagustin.org\/wp-content\/uploads\/2025\/01\/Cartel-IM-2025-todas-las-le-scaled.jpg 1809w\" sizes=\"(max-width: 300px) 100vw, 300px\" \/><\/a>La <strong>Jornada de Infancia Misionera&nbsp;se celebra en Espa\u00f1a el&nbsp;19 de enero<\/strong>. Esta Obra Pontificia tiene el encargo del Papa de acudir en ayuda del trabajo que los misioneros realizan en los territorios de misi\u00f3n con los m\u00e1s peque\u00f1os. Gracias a lo que se recauda cada a\u00f1o, se pueden atender m\u00e1s de&nbsp;<strong>2.700 proyectos de educaci\u00f3n, salud, evangelizaci\u00f3n y protecci\u00f3n de la vida que benefician a m\u00e1s de cuatro millones de ni\u00f1os<\/strong>. Un a\u00f1o m\u00e1s, celebramos esta Jornada para que puedan seguir contando con el apoyo de toda la Iglesia para seguir adelante con esta misi\u00f3n.<\/p>\n<p>&nbsp;Esta Obra Pontificia tiene la particularidad de que no s\u00f3lo se dirige a donantes adultos (que tambi\u00e9n), sino sobre todo a los ni\u00f1os, a los que quiere formarles como&nbsp;<strong>peque\u00f1os misioneros, y les hace c\u00f3mplices de la tarea de los misioneros<\/strong>. Para ello, a lo largo de a\u00f1o se organizan encuentros de ni\u00f1os en diversas di\u00f3cesis, campamentos, concursos de dibujo, festivales, catequesis y actividades en colegios y parroquias\u2026<\/p>\n<p>\u00bfQue\u0301 es Infancia Misionera?<\/p>\n<p>Es una&nbsp;red internacional de nin\u0303os&nbsp;que se forman en la misio\u0301n y comparten sus apor- taciones para&nbsp;ayudar a los misioneros en su trabajo con la infancia. Gracias a su generosidad, los misioneros cuentan con una ayuda para que ma\u0301s de cuatro millones de nin\u0303os en las misiones puedan acceder a la educacio\u0301n, la salud, la proteccio\u0301n de la vida, y la fe.<\/p>\n<p>Aunque Infancia Misionera es una iniciativa mundial,&nbsp;la celebracio\u0301n de su jornada no es simulta\u0301nea en todos los pai\u0301ses.&nbsp;En Espan\u0303a tiene lugar el II Domingo del Tiempo Ordinario, que en 2025 es el 19 de enero, con el lema &#8216;Comparto lo que tengo&#8217;.<\/p>\n<p>\u00bfQuie\u0301n participa?<\/p>\n<p>Infancia Misionera esta\u0301 dirigida principalmente a los&nbsp;nin\u0303os, agentes y destinatarios de la misio\u0301n de la Iglesia. Sin embargo, esta Jornada tambie\u0301n hace un llamamiento a&nbsp;adultos, que con su oracio\u0301n y donativos, pueden unirse al trabajo que los misioneros realizan con los nin\u0303os del mundo.<\/p>\n<p>\u00bfQuie\u0301n lo organiza?<\/p>\n<p>Obras Misionales Pontificias (OMP)&nbsp;es el instrumento de la Iglesia que se encarga del sostenimiento de los Territorios de Misio\u0301n. Una de las cuatro obras que forman esta institucio\u0301n, llamada &#8216;Obra de Infancia Misionera&#8217;, es la que organiza esta jornada. Su fundador, monsen\u0303or Forbin Janson comenzo\u0301 esta iniciativa&nbsp;pionera de la infancia&nbsp;en&nbsp;1843, 80 an\u0303os antes de la Declaracio\u0301n de los Derechos de los nin\u0303os de Ginebra.<\/p>\n<p>\u00bfA que\u0301 se destina el dinero?<\/p>\n<p>Con las aportaciones recogidas por Infancia Misionera, se sostiene el trabajo que se realiza con los nin\u0303os en los 1.127 territorios de misio\u0301n que tiene la Iglesia. Con este di- nero se apoyan ma\u0301s de 2.700 proyectos de&nbsp;educacio\u0301n, salud, proteccio\u0301n de la vida y evangelizacio\u0301n.<\/p>\n<p>En 2024 Espan\u0303a ha ocupado el&nbsp;primer lugar en el ran- king&nbsp;de pai\u0301ses que ma\u0301s aportan al Fondo Universal de Solidaridad de Infancia Misionera. Una vez cerrado el ejercicio econo\u0301mico de 2023, Obras Misionales Pontifi- cias Espan\u0303a informa a Ia Secretari\u0301a Internacional de In- fancia Misionera de Roma del dinero disponible, y desde alli\u0301 se va indicando que\u0301 proyectos van a ser financiados desde nuestro pai\u0301s.&nbsp;El dinero se envi\u0301a a trave\u0301s de las nunciaturas, y cada proyecto cuenta con el aval de los obispos locales.&nbsp;Posteriormente, todos los proyec- tos deben remitir informes de su ejecucio\u0301n.<\/p>\n<ul>\n<li>Dinero enviado en 2024 por Espan\u0303a:&nbsp;2.664.067,53\u20ac<\/li>\n<li>Pai\u0301ses beneficiados:&nbsp;36<\/li>\n<li>Proyectos atendidos:&nbsp;470<\/li>\n<li>Nin\u0303os atendidos:&nbsp;ma\u0301s de 700.000 nin\u0303os<\/li>\n<\/ul>\n","protected":false},"excerpt":{"rendered":"<p>La Jornada de Infancia Misionera&nbsp;se celebra en Espa\u00f1a el&nbsp;19 de enero. Esta Obra Pontificia tiene el encargo del Papa de acudir en ayuda del trabajo que los misioneros realizan en los territorios de misi\u00f3n con los m\u00e1s peque\u00f1os. Gracias a lo que se recauda cada a\u00f1o, se pueden atender m\u00e1s de&nbsp;2.700 proyectos de educaci\u00f3n, salud, evangelizaci\u00f3n y protecci\u00f3n de la vida que benefician a m\u00e1s de cuatro millones de ni\u00f1os. Un a\u00f1o m\u00e1s, celebramos esta Jornada para que puedan seguir contando con el apoyo de toda la Iglesia para seguir adelante con esta misi\u00f3n. &nbsp;Esta Obra Pontificia tiene la particularidad de que no s\u00f3lo se dirige a donantes adultos (que tambi\u00e9n), sino sobre todo a los ni\u00f1os, a los que quiere formarles como&nbsp;peque\u00f1os misioneros, y les hace c\u00f3mplices de la tarea de los misioneros. Para ello, a lo largo de a\u00f1o se organizan encuentros de ni\u00f1os en diversas di\u00f3cesis, campamentos, concursos de dibujo, festivales, catequesis y actividades en colegios y parroquias\u2026 \u00bfQue\u0301 es Infancia Misionera? Es una&nbsp;red internacional de nin\u0303os&nbsp;que se forman en la misio\u0301n y comparten sus apor- taciones para&nbsp;ayudar a los misioneros en su trabajo con la infancia. Gracias a su generosidad, los misioneros cuentan con una ayuda para que ma\u0301s de cuatro millones de nin\u0303os en las misiones puedan acceder a la educacio\u0301n, la salud, la proteccio\u0301n de la vida, y la fe. Aunque Infancia Misionera es una iniciativa mundial,&nbsp;la celebracio\u0301n de su jornada no es simulta\u0301nea en todos los pai\u0301ses.&nbsp;En Espan\u0303a tiene lugar el II Domingo del Tiempo Ordinario, que en 2025 es el 19 de enero, con el lema &#8216;Comparto lo que tengo&#8217;. \u00bfQuie\u0301n participa? Infancia Misionera esta\u0301 dirigida principalmente a los&nbsp;nin\u0303os, agentes y destinatarios de la misio\u0301n de la Iglesia. Sin embargo, esta Jornada tambie\u0301n hace un llamamiento a&nbsp;adultos, que con su oracio\u0301n y donativos, pueden unirse al trabajo que los misioneros realizan con los nin\u0303os del mundo. \u00bfQuie\u0301n lo organiza? Obras Misionales Pontificias (OMP)&nbsp;es el instrumento de la Iglesia que se encarga del sostenimiento de los Territorios de Misio\u0301n. Una de las cuatro obras que forman esta institucio\u0301n, llamada &#8216;Obra de Infancia Misionera&#8217;, es la que organiza esta jornada. Su fundador, monsen\u0303or Forbin Janson comenzo\u0301 esta iniciativa&nbsp;pionera de la infancia&nbsp;en&nbsp;1843, 80 an\u0303os antes de la Declaracio\u0301n de los Derechos de los nin\u0303os de Ginebra. \u00bfA que\u0301 se destina el dinero? Con las aportaciones recogidas por Infancia Misionera, se sostiene el trabajo que se realiza con los nin\u0303os en los 1.127 territorios de misio\u0301n que tiene la Iglesia. Con este di- nero se apoyan ma\u0301s de 2.700 proyectos de&nbsp;educacio\u0301n, salud, proteccio\u0301n de la vida y evangelizacio\u0301n. En 2024 Espan\u0303a ha ocupado el&nbsp;primer lugar en el ran- king&nbsp;de pai\u0301ses que ma\u0301s aportan al Fondo Universal de Solidaridad de Infancia Misionera. Una vez cerrado el ejercicio econo\u0301mico de 2023, Obras Misionales Pontifi- cias Espan\u0303a informa a Ia Secretari\u0301a Internacional de In- fancia Misionera de Roma del dinero disponible, y desde alli\u0301 se va indicando que\u0301 proyectos van a ser financiados desde nuestro pai\u0301s.&nbsp;El dinero se envi\u0301a a trave\u0301s de las nunciaturas, y cada proyecto cuenta con el aval de los obispos locales.&nbsp;Posteriormente, todos los proyec- tos deben remitir informes de su ejecucio\u0301n. Dinero enviado en 2024 por Espan\u0303a:&nbsp;2.664.067,53\u20ac Pai\u0301ses beneficiados:&nbsp;36 Proyectos atendidos:&nbsp;470 Nin\u0303os atendidos:&nbsp;ma\u0301s de 700.000 nin\u0303os<\/p>\n","protected":false},"author":2,"featured_media":7361,"comment_status":"closed","ping_status":"closed","sticky":false,"template":"","format":"standard","meta":{"ocean_front_end_style_editor":"no","ocean_post_layout":"","ocean_both_sidebars_style":"","ocean_both_sidebars_content_width":0,"ocean_both_sidebars_sidebars_width":0,"ocean_sidebar":"","ocean_second_sidebar":"","ocean_disable_margins":"enable","ocean_add_body_class":"","ocean_shortcode_before_top_bar":"","ocean_shortcode_after_top_bar":"","ocean_shortcode_before_header":"","ocean_shortcode_after_header":"","ocean_has_shortcode":"","ocean_shortcode_after_title":"","ocean_shortcode_before_footer_widgets":"","ocean_shortcode_after_footer_widgets":"","ocean_shortcode_before_footer_bottom":"","ocean_shortcode_after_footer_bottom":"","ocean_display_top_bar":"default","ocean_display_header":"default","ocean_header_style":"","ocean_center_header_left_menu":"","ocean_custom_header_template":"","ocean_custom_logo":0,"ocean_custom_retina_logo":0,"ocean_custom_logo_max_width":0,"ocean_custom_logo_tablet_max_width":0,"ocean_custom_logo_mobile_max_width":0,"ocean_custom_logo_max_height":0,"ocean_custom_logo_tablet_max_height":0,"ocean_custom_logo_mobile_max_height":0,"ocean_header_custom_menu":"","ocean_menu_typo_font_family":"","ocean_menu_typo_font_subset":"","ocean_menu_typo_font_size":0,"ocean_menu_typo_font_size_tablet":0,"ocean_menu_typo_font_size_mobile":0,"ocean_menu_typo_font_size_unit":"px","ocean_menu_typo_font_weight":"","ocean_menu_typo_font_weight_tablet":"","ocean_menu_typo_font_weight_mobile":"","ocean_menu_typo_transform":"","ocean_menu_typo_transform_tablet":"","ocean_menu_typo_transform_mobile":"","ocean_menu_typo_line_height":0,"ocean_menu_typo_line_height_tablet":0,"ocean_menu_typo_line_height_mobile":0,"ocean_menu_typo_line_height_unit":"","ocean_menu_typo_spacing":0,"ocean_menu_typo_spacing_tablet":0,"ocean_menu_typo_spacing_mobile":0,"ocean_menu_typo_spacing_unit":"","ocean_menu_link_color":"","ocean_menu_link_color_hover":"","ocean_menu_link_color_active":"","ocean_menu_link_background":"","ocean_menu_link_hover_background":"","ocean_menu_link_active_background":"","ocean_menu_social_links_bg":"","ocean_menu_social_hover_links_bg":"","ocean_menu_social_links_color":"","ocean_menu_social_hover_links_color":"","ocean_disable_title":"default","ocean_disable_heading":"default","ocean_post_title":"","ocean_post_subheading":"","ocean_post_title_style":"","ocean_post_title_background_color":"","ocean_post_title_background":0,"ocean_post_title_bg_image_position":"","ocean_post_title_bg_image_attachment":"","ocean_post_title_bg_image_repeat":"","ocean_post_title_bg_image_size":"","ocean_post_title_height":0,"ocean_post_title_bg_overlay":0.5,"ocean_post_title_bg_overlay_color":"","ocean_disable_breadcrumbs":"default","ocean_breadcrumbs_color":"","ocean_breadcrumbs_separator_color":"","ocean_breadcrumbs_links_color":"","ocean_breadcrumbs_links_hover_color":"","ocean_display_footer_widgets":"default","ocean_display_footer_bottom":"default","ocean_custom_footer_template":"","ocean_post_oembed":"","ocean_post_self_hosted_media":"","ocean_post_video_embed":"","ocean_link_format":"","ocean_link_format_target":"self","ocean_quote_format":"","ocean_quote_format_link":"post","ocean_gallery_link_images":"on","ocean_gallery_id":[],"footnotes":""},"categories":[138,62,15],"tags":[81,53,166],"class_list":["post-7360","post","type-post","status-publish","format-standard","has-post-thumbnail","hentry","category-anteriores","category-conferencia-episcopal","category-diocesis","tag-infancia","tag-jornada","tag-misiones","entry","has-media"],"yoast_head":"<!-- This site is optimized with the Yoast SEO plugin v28.3 - https:\/\/yoast.com\/product\/yoast-seo-wordpress\/ -->\n<title>Jornada de la Infancia Misionera - Parroquia Matriz de San Agust\u00edn<\/title>\n<meta name=\"robots\" content=\"index, follow, max-snippet:-1, max-image-preview:large, max-video-preview:-1\" \/>\n<link rel=\"canonical\" href=\"https:\/\/parroquiasanagustin.org\/index.php\/2025\/01\/08\/jornada-de-la-infancia-misionera-3\/\" \/>\n<meta property=\"og:locale\" content=\"es_ES\" \/>\n<meta property=\"og:type\" content=\"article\" \/>\n<meta property=\"og:title\" content=\"Jornada de la Infancia Misionera - Parroquia Matriz de San Agust\u00edn\" \/>\n<meta property=\"og:description\" content=\"La Jornada de Infancia Misionera&nbsp;se celebra en Espa\u00f1a el&nbsp;19 de enero. Esta Obra Pontificia tiene el encargo del Papa de acudir en ayuda del trabajo que los misioneros realizan en los territorios de misi\u00f3n con los m\u00e1s peque\u00f1os. Gracias a lo que se recauda cada a\u00f1o, se pueden atender m\u00e1s de&nbsp;2.700 proyectos de educaci\u00f3n, salud, evangelizaci\u00f3n y protecci\u00f3n de la vida que benefician a m\u00e1s de cuatro millones de ni\u00f1os. Un a\u00f1o m\u00e1s, celebramos esta Jornada para que puedan seguir contando con el apoyo de toda la Iglesia para seguir adelante con esta misi\u00f3n. &nbsp;Esta Obra Pontificia tiene la particularidad de que no s\u00f3lo se dirige a donantes adultos (que tambi\u00e9n), sino sobre todo a los ni\u00f1os, a los que quiere formarles como&nbsp;peque\u00f1os misioneros, y les hace c\u00f3mplices de la tarea de los misioneros. Para ello, a lo largo de a\u00f1o se organizan encuentros de ni\u00f1os en diversas di\u00f3cesis, campamentos, concursos de dibujo, festivales, catequesis y actividades en colegios y parroquias\u2026 \u00bfQue\u0301 es Infancia Misionera? Es una&nbsp;red internacional de nin\u0303os&nbsp;que se forman en la misio\u0301n y comparten sus apor- taciones para&nbsp;ayudar a los misioneros en su trabajo con la infancia. Gracias a su generosidad, los misioneros cuentan con una ayuda para que ma\u0301s de cuatro millones de nin\u0303os en las misiones puedan acceder a la educacio\u0301n, la salud, la proteccio\u0301n de la vida, y la fe. Aunque Infancia Misionera es una iniciativa mundial,&nbsp;la celebracio\u0301n de su jornada no es simulta\u0301nea en todos los pai\u0301ses.&nbsp;En Espan\u0303a tiene lugar el II Domingo del Tiempo Ordinario, que en 2025 es el 19 de enero, con el lema &#8216;Comparto lo que tengo&#8217;. \u00bfQuie\u0301n participa? Infancia Misionera esta\u0301 dirigida principalmente a los&nbsp;nin\u0303os, agentes y destinatarios de la misio\u0301n de la Iglesia. Sin embargo, esta Jornada tambie\u0301n hace un llamamiento a&nbsp;adultos, que con su oracio\u0301n y donativos, pueden unirse al trabajo que los misioneros realizan con los nin\u0303os del mundo. \u00bfQuie\u0301n lo organiza? Obras Misionales Pontificias (OMP)&nbsp;es el instrumento de la Iglesia que se encarga del sostenimiento de los Territorios de Misio\u0301n. Una de las cuatro obras que forman esta institucio\u0301n, llamada &#8216;Obra de Infancia Misionera&#8217;, es la que organiza esta jornada. Su fundador, monsen\u0303or Forbin Janson comenzo\u0301 esta iniciativa&nbsp;pionera de la infancia&nbsp;en&nbsp;1843, 80 an\u0303os antes de la Declaracio\u0301n de los Derechos de los nin\u0303os de Ginebra. \u00bfA que\u0301 se destina el dinero? Con las aportaciones recogidas por Infancia Misionera, se sostiene el trabajo que se realiza con los nin\u0303os en los 1.127 territorios de misio\u0301n que tiene la Iglesia. Con este di- nero se apoyan ma\u0301s de 2.700 proyectos de&nbsp;educacio\u0301n, salud, proteccio\u0301n de la vida y evangelizacio\u0301n. En 2024 Espan\u0303a ha ocupado el&nbsp;primer lugar en el ran- king&nbsp;de pai\u0301ses que ma\u0301s aportan al Fondo Universal de Solidaridad de Infancia Misionera. Una vez cerrado el ejercicio econo\u0301mico de 2023, Obras Misionales Pontifi- cias Espan\u0303a informa a Ia Secretari\u0301a Internacional de In- fancia Misionera de Roma del dinero disponible, y desde alli\u0301 se va indicando que\u0301 proyectos van a ser financiados desde nuestro pai\u0301s.&nbsp;El dinero se envi\u0301a a trave\u0301s de las nunciaturas, y cada proyecto cuenta con el aval de los obispos locales.&nbsp;Posteriormente, todos los proyec- tos deben remitir informes de su ejecucio\u0301n. Dinero enviado en 2024 por Espan\u0303a:&nbsp;2.664.067,53\u20ac Pai\u0301ses beneficiados:&nbsp;36 Proyectos atendidos:&nbsp;470 Nin\u0303os atendidos:&nbsp;ma\u0301s de 700.000 nin\u0303os\" \/>\n<meta property=\"og:url\" content=\"https:\/\/parroquiasanagustin.org\/index.php\/2025\/01\/08\/jornada-de-la-infancia-misionera-3\/\" \/>\n<meta property=\"og:site_name\" content=\"Parroquia Matriz de San Agust\u00edn\" \/>\n<meta property=\"article:published_time\" content=\"2025-01-08T18:06:50+00:00\" \/>\n<meta property=\"article:modified_time\" content=\"2025-02-26T08:47:23+00:00\" \/>\n<meta property=\"og:image\" content=\"https:\/\/parroquiasanagustin.org\/wp-content\/uploads\/2025\/01\/Cartel-IM-2025-todas-las-le-scaled.jpg\" \/>\n\t<meta property=\"og:image:width\" content=\"1809\" \/>\n\t<meta property=\"og:image:height\" content=\"2560\" \/>\n\t<meta property=\"og:image:type\" content=\"image\/jpeg\" \/>\n<meta name=\"author\" content=\"admin\" \/>\n<meta name=\"twitter:card\" content=\"summary_large_image\" \/>\n<meta name=\"twitter:label1\" content=\"Escrito por\" \/>\n\t<meta name=\"twitter:data1\" content=\"admin\" \/>\n\t<meta name=\"twitter:label2\" content=\"Tiempo de lectura\" \/>\n\t<meta name=\"twitter:data2\" content=\"3 minutos\" \/>\n<script type=\"application\/ld+json\" class=\"yoast-schema-graph\">{\"@context\":\"https:\\\/\\\/schema.org\",\"@graph\":[{\"@type\":\"Article\",\"@id\":\"https:\\\/\\\/parroquiasanagustin.org\\\/index.php\\\/2025\\\/01\\\/08\\\/jornada-de-la-infancia-misionera-3\\\/#article\",\"isPartOf\":{\"@id\":\"https:\\\/\\\/parroquiasanagustin.org\\\/index.php\\\/2025\\\/01\\\/08\\\/jornada-de-la-infancia-misionera-3\\\/\"},\"author\":{\"name\":\"admin\",\"@id\":\"https:\\\/\\\/parroquiasanagustin.org\\\/#\\\/schema\\\/person\\\/847433f46674263837c7be221cfa5120\"},\"headline\":\"Jornada de la Infancia Misionera\",\"datePublished\":\"2025-01-08T18:06:50+00:00\",\"dateModified\":\"2025-02-26T08:47:23+00:00\",\"mainEntityOfPage\":{\"@id\":\"https:\\\/\\\/parroquiasanagustin.org\\\/index.php\\\/2025\\\/01\\\/08\\\/jornada-de-la-infancia-misionera-3\\\/\"},\"wordCount\":646,\"publisher\":{\"@id\":\"https:\\\/\\\/parroquiasanagustin.org\\\/#organization\"},\"image\":{\"@id\":\"https:\\\/\\\/parroquiasanagustin.org\\\/index.php\\\/2025\\\/01\\\/08\\\/jornada-de-la-infancia-misionera-3\\\/#primaryimage\"},\"thumbnailUrl\":\"https:\\\/\\\/parroquiasanagustin.org\\\/wp-content\\\/uploads\\\/2025\\\/01\\\/Cartel-IM-2025-todas-las-le-scaled.jpg\",\"keywords\":[\"Infancia\",\"jornada\",\"misiones\"],\"articleSection\":[\"Anteriores\",\"Conferencia Episcopal\",\"Di\u00f3cesis\"],\"inLanguage\":\"es\"},{\"@type\":\"WebPage\",\"@id\":\"https:\\\/\\\/parroquiasanagustin.org\\\/index.php\\\/2025\\\/01\\\/08\\\/jornada-de-la-infancia-misionera-3\\\/\",\"url\":\"https:\\\/\\\/parroquiasanagustin.org\\\/index.php\\\/2025\\\/01\\\/08\\\/jornada-de-la-infancia-misionera-3\\\/\",\"name\":\"Jornada de la Infancia Misionera - Parroquia Matriz de San Agust\u00edn\",\"isPartOf\":{\"@id\":\"https:\\\/\\\/parroquiasanagustin.org\\\/#website\"},\"primaryImageOfPage\":{\"@id\":\"https:\\\/\\\/parroquiasanagustin.org\\\/index.php\\\/2025\\\/01\\\/08\\\/jornada-de-la-infancia-misionera-3\\\/#primaryimage\"},\"image\":{\"@id\":\"https:\\\/\\\/parroquiasanagustin.org\\\/index.php\\\/2025\\\/01\\\/08\\\/jornada-de-la-infancia-misionera-3\\\/#primaryimage\"},\"thumbnailUrl\":\"https:\\\/\\\/parroquiasanagustin.org\\\/wp-content\\\/uploads\\\/2025\\\/01\\\/Cartel-IM-2025-todas-las-le-scaled.jpg\",\"datePublished\":\"2025-01-08T18:06:50+00:00\",\"dateModified\":\"2025-02-26T08:47:23+00:00\",\"breadcrumb\":{\"@id\":\"https:\\\/\\\/parroquiasanagustin.org\\\/index.php\\\/2025\\\/01\\\/08\\\/jornada-de-la-infancia-misionera-3\\\/#breadcrumb\"},\"inLanguage\":\"es\",\"potentialAction\":[{\"@type\":\"ReadAction\",\"target\":[\"https:\\\/\\\/parroquiasanagustin.org\\\/index.php\\\/2025\\\/01\\\/08\\\/jornada-de-la-infancia-misionera-3\\\/\"]}]},{\"@type\":\"ImageObject\",\"inLanguage\":\"es\",\"@id\":\"https:\\\/\\\/parroquiasanagustin.org\\\/index.php\\\/2025\\\/01\\\/08\\\/jornada-de-la-infancia-misionera-3\\\/#primaryimage\",\"url\":\"https:\\\/\\\/parroquiasanagustin.org\\\/wp-content\\\/uploads\\\/2025\\\/01\\\/Cartel-IM-2025-todas-las-le-scaled.jpg\",\"contentUrl\":\"https:\\\/\\\/parroquiasanagustin.org\\\/wp-content\\\/uploads\\\/2025\\\/01\\\/Cartel-IM-2025-todas-las-le-scaled.jpg\",\"width\":1809,\"height\":2560},{\"@type\":\"BreadcrumbList\",\"@id\":\"https:\\\/\\\/parroquiasanagustin.org\\\/index.php\\\/2025\\\/01\\\/08\\\/jornada-de-la-infancia-misionera-3\\\/#breadcrumb\",\"itemListElement\":[{\"@type\":\"ListItem\",\"position\":1,\"name\":\"Portada\",\"item\":\"https:\\\/\\\/parroquiasanagustin.org\\\/\"},{\"@type\":\"ListItem\",\"position\":2,\"name\":\"Jornada de la Infancia Misionera\"}]},{\"@type\":\"WebSite\",\"@id\":\"https:\\\/\\\/parroquiasanagustin.org\\\/#website\",\"url\":\"https:\\\/\\\/parroquiasanagustin.org\\\/\",\"name\":\"Parroquia Matriz de San Agust\u00edn\",\"description\":\"Iglesia de San Agust\u00edn y Santuario de Santa Rita, Vegueta, Las Palmas de Gran Canaria\",\"publisher\":{\"@id\":\"https:\\\/\\\/parroquiasanagustin.org\\\/#organization\"},\"potentialAction\":[{\"@type\":\"SearchAction\",\"target\":{\"@type\":\"EntryPoint\",\"urlTemplate\":\"https:\\\/\\\/parroquiasanagustin.org\\\/?s={search_term_string}\"},\"query-input\":{\"@type\":\"PropertyValueSpecification\",\"valueRequired\":true,\"valueName\":\"search_term_string\"}}],\"inLanguage\":\"es\"},{\"@type\":\"Organization\",\"@id\":\"https:\\\/\\\/parroquiasanagustin.org\\\/#organization\",\"name\":\"Parroquia Matriz de San Agust\u00edn\",\"url\":\"https:\\\/\\\/parroquiasanagustin.org\\\/\",\"logo\":{\"@type\":\"ImageObject\",\"inLanguage\":\"es\",\"@id\":\"https:\\\/\\\/parroquiasanagustin.org\\\/#\\\/schema\\\/logo\\\/image\\\/\",\"url\":\"https:\\\/\\\/parroquiasanagustin.org\\\/wp-content\\\/uploads\\\/2020\\\/03\\\/iglesiaicono.jpg\",\"contentUrl\":\"https:\\\/\\\/parroquiasanagustin.org\\\/wp-content\\\/uploads\\\/2020\\\/03\\\/iglesiaicono.jpg\",\"width\":567,\"height\":567,\"caption\":\"Parroquia Matriz de San Agust\u00edn\"},\"image\":{\"@id\":\"https:\\\/\\\/parroquiasanagustin.org\\\/#\\\/schema\\\/logo\\\/image\\\/\"}},{\"@type\":\"Person\",\"@id\":\"https:\\\/\\\/parroquiasanagustin.org\\\/#\\\/schema\\\/person\\\/847433f46674263837c7be221cfa5120\",\"name\":\"admin\",\"image\":{\"@type\":\"ImageObject\",\"inLanguage\":\"es\",\"@id\":\"https:\\\/\\\/secure.gravatar.com\\\/avatar\\\/07d4512f723a9a3b729f475206dd5edd698d449d5c20abe9a12060d2ff1e0807?s=96&d=mm&r=g\",\"url\":\"https:\\\/\\\/secure.gravatar.com\\\/avatar\\\/07d4512f723a9a3b729f475206dd5edd698d449d5c20abe9a12060d2ff1e0807?s=96&d=mm&r=g\",\"contentUrl\":\"https:\\\/\\\/secure.gravatar.com\\\/avatar\\\/07d4512f723a9a3b729f475206dd5edd698d449d5c20abe9a12060d2ff1e0807?s=96&d=mm&r=g\",\"caption\":\"admin\"},\"url\":\"https:\\\/\\\/parroquiasanagustin.org\\\/index.php\\\/author\\\/admin\\\/\"}]}<\/script>\n<!-- \/ Yoast SEO plugin. -->","yoast_head_json":{"title":"Jornada de la Infancia Misionera - Parroquia Matriz de San Agust\u00edn","robots":{"index":"index","follow":"follow","max-snippet":"max-snippet:-1","max-image-preview":"max-image-preview:large","max-video-preview":"max-video-preview:-1"},"canonical":"https:\/\/parroquiasanagustin.org\/index.php\/2025\/01\/08\/jornada-de-la-infancia-misionera-3\/","og_locale":"es_ES","og_type":"article","og_title":"Jornada de la Infancia Misionera - Parroquia Matriz de San Agust\u00edn","og_description":"La Jornada de Infancia Misionera&nbsp;se celebra en Espa\u00f1a el&nbsp;19 de enero. Esta Obra Pontificia tiene el encargo del Papa de acudir en ayuda del trabajo que los misioneros realizan en los territorios de misi\u00f3n con los m\u00e1s peque\u00f1os. Gracias a lo que se recauda cada a\u00f1o, se pueden atender m\u00e1s de&nbsp;2.700 proyectos de educaci\u00f3n, salud, evangelizaci\u00f3n y protecci\u00f3n de la vida que benefician a m\u00e1s de cuatro millones de ni\u00f1os. Un a\u00f1o m\u00e1s, celebramos esta Jornada para que puedan seguir contando con el apoyo de toda la Iglesia para seguir adelante con esta misi\u00f3n. &nbsp;Esta Obra Pontificia tiene la particularidad de que no s\u00f3lo se dirige a donantes adultos (que tambi\u00e9n), sino sobre todo a los ni\u00f1os, a los que quiere formarles como&nbsp;peque\u00f1os misioneros, y les hace c\u00f3mplices de la tarea de los misioneros. Para ello, a lo largo de a\u00f1o se organizan encuentros de ni\u00f1os en diversas di\u00f3cesis, campamentos, concursos de dibujo, festivales, catequesis y actividades en colegios y parroquias\u2026 \u00bfQue\u0301 es Infancia Misionera? Es una&nbsp;red internacional de nin\u0303os&nbsp;que se forman en la misio\u0301n y comparten sus apor- taciones para&nbsp;ayudar a los misioneros en su trabajo con la infancia. Gracias a su generosidad, los misioneros cuentan con una ayuda para que ma\u0301s de cuatro millones de nin\u0303os en las misiones puedan acceder a la educacio\u0301n, la salud, la proteccio\u0301n de la vida, y la fe. Aunque Infancia Misionera es una iniciativa mundial,&nbsp;la celebracio\u0301n de su jornada no es simulta\u0301nea en todos los pai\u0301ses.&nbsp;En Espan\u0303a tiene lugar el II Domingo del Tiempo Ordinario, que en 2025 es el 19 de enero, con el lema &#8216;Comparto lo que tengo&#8217;. \u00bfQuie\u0301n participa? Infancia Misionera esta\u0301 dirigida principalmente a los&nbsp;nin\u0303os, agentes y destinatarios de la misio\u0301n de la Iglesia. Sin embargo, esta Jornada tambie\u0301n hace un llamamiento a&nbsp;adultos, que con su oracio\u0301n y donativos, pueden unirse al trabajo que los misioneros realizan con los nin\u0303os del mundo. \u00bfQuie\u0301n lo organiza? Obras Misionales Pontificias (OMP)&nbsp;es el instrumento de la Iglesia que se encarga del sostenimiento de los Territorios de Misio\u0301n. Una de las cuatro obras que forman esta institucio\u0301n, llamada &#8216;Obra de Infancia Misionera&#8217;, es la que organiza esta jornada. Su fundador, monsen\u0303or Forbin Janson comenzo\u0301 esta iniciativa&nbsp;pionera de la infancia&nbsp;en&nbsp;1843, 80 an\u0303os antes de la Declaracio\u0301n de los Derechos de los nin\u0303os de Ginebra. \u00bfA que\u0301 se destina el dinero? Con las aportaciones recogidas por Infancia Misionera, se sostiene el trabajo que se realiza con los nin\u0303os en los 1.127 territorios de misio\u0301n que tiene la Iglesia. Con este di- nero se apoyan ma\u0301s de 2.700 proyectos de&nbsp;educacio\u0301n, salud, proteccio\u0301n de la vida y evangelizacio\u0301n. En 2024 Espan\u0303a ha ocupado el&nbsp;primer lugar en el ran- king&nbsp;de pai\u0301ses que ma\u0301s aportan al Fondo Universal de Solidaridad de Infancia Misionera. Una vez cerrado el ejercicio econo\u0301mico de 2023, Obras Misionales Pontifi- cias Espan\u0303a informa a Ia Secretari\u0301a Internacional de In- fancia Misionera de Roma del dinero disponible, y desde alli\u0301 se va indicando que\u0301 proyectos van a ser financiados desde nuestro pai\u0301s.&nbsp;El dinero se envi\u0301a a trave\u0301s de las nunciaturas, y cada proyecto cuenta con el aval de los obispos locales.&nbsp;Posteriormente, todos los proyec- tos deben remitir informes de su ejecucio\u0301n. Dinero enviado en 2024 por Espan\u0303a:&nbsp;2.664.067,53\u20ac Pai\u0301ses beneficiados:&nbsp;36 Proyectos atendidos:&nbsp;470 Nin\u0303os atendidos:&nbsp;ma\u0301s de 700.000 nin\u0303os","og_url":"https:\/\/parroquiasanagustin.org\/index.php\/2025\/01\/08\/jornada-de-la-infancia-misionera-3\/","og_site_name":"Parroquia Matriz de San Agust\u00edn","article_published_time":"2025-01-08T18:06:50+00:00","article_modified_time":"2025-02-26T08:47:23+00:00","og_image":[{"width":1809,"height":2560,"url":"https:\/\/parroquiasanagustin.org\/wp-content\/uploads\/2025\/01\/Cartel-IM-2025-todas-las-le-scaled.jpg","type":"image\/jpeg"}],"author":"admin","twitter_card":"summary_large_image","twitter_misc":{"Escrito por":"admin","Tiempo de lectura":"3 minutos"},"schema":{"@context":"https:\/\/schema.org","@graph":[{"@type":"Article","@id":"https:\/\/parroquiasanagustin.org\/index.php\/2025\/01\/08\/jornada-de-la-infancia-misionera-3\/#article","isPartOf":{"@id":"https:\/\/parroquiasanagustin.org\/index.php\/2025\/01\/08\/jornada-de-la-infancia-misionera-3\/"},"author":{"name":"admin","@id":"https:\/\/parroquiasanagustin.org\/#\/schema\/person\/847433f46674263837c7be221cfa5120"},"headline":"Jornada de la Infancia Misionera","datePublished":"2025-01-08T18:06:50+00:00","dateModified":"2025-02-26T08:47:23+00:00","mainEntityOfPage":{"@id":"https:\/\/parroquiasanagustin.org\/index.php\/2025\/01\/08\/jornada-de-la-infancia-misionera-3\/"},"wordCount":646,"publisher":{"@id":"https:\/\/parroquiasanagustin.org\/#organization"},"image":{"@id":"https:\/\/parroquiasanagustin.org\/index.php\/2025\/01\/08\/jornada-de-la-infancia-misionera-3\/#primaryimage"},"thumbnailUrl":"https:\/\/parroquiasanagustin.org\/wp-content\/uploads\/2025\/01\/Cartel-IM-2025-todas-las-le-scaled.jpg","keywords":["Infancia","jornada","misiones"],"articleSection":["Anteriores","Conferencia Episcopal","Di\u00f3cesis"],"inLanguage":"es"},{"@type":"WebPage","@id":"https:\/\/parroquiasanagustin.org\/index.php\/2025\/01\/08\/jornada-de-la-infancia-misionera-3\/","url":"https:\/\/parroquiasanagustin.org\/index.php\/2025\/01\/08\/jornada-de-la-infancia-misionera-3\/","name":"Jornada de la Infancia Misionera - Parroquia Matriz de San Agust\u00edn","isPartOf":{"@id":"https:\/\/parroquiasanagustin.org\/#website"},"primaryImageOfPage":{"@id":"https:\/\/parroquiasanagustin.org\/index.php\/2025\/01\/08\/jornada-de-la-infancia-misionera-3\/#primaryimage"},"image":{"@id":"https:\/\/parroquiasanagustin.org\/index.php\/2025\/01\/08\/jornada-de-la-infancia-misionera-3\/#primaryimage"},"thumbnailUrl":"https:\/\/parroquiasanagustin.org\/wp-content\/uploads\/2025\/01\/Cartel-IM-2025-todas-las-le-scaled.jpg","datePublished":"2025-01-08T18:06:50+00:00","dateModified":"2025-02-26T08:47:23+00:00","breadcrumb":{"@id":"https:\/\/parroquiasanagustin.org\/index.php\/2025\/01\/08\/jornada-de-la-infancia-misionera-3\/#breadcrumb"},"inLanguage":"es","potentialAction":[{"@type":"ReadAction","target":["https:\/\/parroquiasanagustin.org\/index.php\/2025\/01\/08\/jornada-de-la-infancia-misionera-3\/"]}]},{"@type":"ImageObject","inLanguage":"es","@id":"https:\/\/parroquiasanagustin.org\/index.php\/2025\/01\/08\/jornada-de-la-infancia-misionera-3\/#primaryimage","url":"https:\/\/parroquiasanagustin.org\/wp-content\/uploads\/2025\/01\/Cartel-IM-2025-todas-las-le-scaled.jpg","contentUrl":"https:\/\/parroquiasanagustin.org\/wp-content\/uploads\/2025\/01\/Cartel-IM-2025-todas-las-le-scaled.jpg","width":1809,"height":2560},{"@type":"BreadcrumbList","@id":"https:\/\/parroquiasanagustin.org\/index.php\/2025\/01\/08\/jornada-de-la-infancia-misionera-3\/#breadcrumb","itemListElement":[{"@type":"ListItem","position":1,"name":"Portada","item":"https:\/\/parroquiasanagustin.org\/"},{"@type":"ListItem","position":2,"name":"Jornada de la Infancia Misionera"}]},{"@type":"WebSite","@id":"https:\/\/parroquiasanagustin.org\/#website","url":"https:\/\/parroquiasanagustin.org\/","name":"Parroquia Matriz de San Agust\u00edn","description":"Iglesia de San Agust\u00edn y Santuario de Santa Rita, Vegueta, Las Palmas de Gran Canaria","publisher":{"@id":"https:\/\/parroquiasanagustin.org\/#organization"},"potentialAction":[{"@type":"SearchAction","target":{"@type":"EntryPoint","urlTemplate":"https:\/\/parroquiasanagustin.org\/?s={search_term_string}"},"query-input":{"@type":"PropertyValueSpecification","valueRequired":true,"valueName":"search_term_string"}}],"inLanguage":"es"},{"@type":"Organization","@id":"https:\/\/parroquiasanagustin.org\/#organization","name":"Parroquia Matriz de San Agust\u00edn","url":"https:\/\/parroquiasanagustin.org\/","logo":{"@type":"ImageObject","inLanguage":"es","@id":"https:\/\/parroquiasanagustin.org\/#\/schema\/logo\/image\/","url":"https:\/\/parroquiasanagustin.org\/wp-content\/uploads\/2020\/03\/iglesiaicono.jpg","contentUrl":"https:\/\/parroquiasanagustin.org\/wp-content\/uploads\/2020\/03\/iglesiaicono.jpg","width":567,"height":567,"caption":"Parroquia Matriz de San Agust\u00edn"},"image":{"@id":"https:\/\/parroquiasanagustin.org\/#\/schema\/logo\/image\/"}},{"@type":"Person","@id":"https:\/\/parroquiasanagustin.org\/#\/schema\/person\/847433f46674263837c7be221cfa5120","name":"admin","image":{"@type":"ImageObject","inLanguage":"es","@id":"https:\/\/secure.gravatar.com\/avatar\/07d4512f723a9a3b729f475206dd5edd698d449d5c20abe9a12060d2ff1e0807?s=96&d=mm&r=g","url":"https:\/\/secure.gravatar.com\/avatar\/07d4512f723a9a3b729f475206dd5edd698d449d5c20abe9a12060d2ff1e0807?s=96&d=mm&r=g","contentUrl":"https:\/\/secure.gravatar.com\/avatar\/07d4512f723a9a3b729f475206dd5edd698d449d5c20abe9a12060d2ff1e0807?s=96&d=mm&r=g","caption":"admin"},"url":"https:\/\/parroquiasanagustin.org\/index.php\/author\/admin\/"}]}},"_links":{"self":[{"href":"https:\/\/parroquiasanagustin.org\/index.php\/wp-json\/wp\/v2\/posts\/7360","targetHints":{"allow":["GET"]}}],"collection":[{"href":"https:\/\/parroquiasanagustin.org\/index.php\/wp-json\/wp\/v2\/posts"}],"about":[{"href":"https:\/\/parroquiasanagustin.org\/index.php\/wp-json\/wp\/v2\/types\/post"}],"author":[{"embeddable":true,"href":"https:\/\/parroquiasanagustin.org\/index.php\/wp-json\/wp\/v2\/users\/2"}],"replies":[{"embeddable":true,"href":"https:\/\/parroquiasanagustin.org\/index.php\/wp-json\/wp\/v2\/comments?post=7360"}],"version-history":[{"count":1,"href":"https:\/\/parroquiasanagustin.org\/index.php\/wp-json\/wp\/v2\/posts\/7360\/revisions"}],"predecessor-version":[{"id":7362,"href":"https:\/\/parroquiasanagustin.org\/index.php\/wp-json\/wp\/v2\/posts\/7360\/revisions\/7362"}],"wp:featuredmedia":[{"embeddable":true,"href":"https:\/\/parroquiasanagustin.org\/index.php\/wp-json\/wp\/v2\/media\/7361"}],"wp:attachment":[{"href":"https:\/\/parroquiasanagustin.org\/index.php\/wp-json\/wp\/v2\/media?parent=7360"}],"wp:term":[{"taxonomy":"category","embeddable":true,"href":"https:\/\/parroquiasanagustin.org\/index.php\/wp-json\/wp\/v2\/categories?post=7360"},{"taxonomy":"post_tag","embeddable":true,"href":"https:\/\/parroquiasanagustin.org\/index.php\/wp-json\/wp\/v2\/tags?post=7360"}],"curies":[{"name":"wp","href":"https:\/\/api.w.org\/{rel}","templated":true}]}}