{"id":7125,"date":"2024-10-09T09:08:09","date_gmt":"2024-10-09T09:08:09","guid":{"rendered":"https:\/\/parroquiasanagustin.org\/?p=7125"},"modified":"2024-11-05T21:10:25","modified_gmt":"2024-11-05T21:10:25","slug":"carta-pastoral-domund-2024","status":"publish","type":"post","link":"https:\/\/parroquiasanagustin.org\/index.php\/2024\/10\/09\/carta-pastoral-domund-2024\/","title":{"rendered":"Carta pastoral, Domund 2024"},"content":{"rendered":"<h1>&nbsp;<\/h1>\n<hr class=\"linea_noticia\">\n<div class=\"textaco\">\n<p><strong>&nbsp;<a href=\"https:\/\/parroquiasanagustin.org\/wp-content\/uploads\/2024\/10\/domund2024_cuadrada.jpg\"><img fetchpriority=\"high\" decoding=\"async\" class=\"wp-image-7126 alignright\" src=\"https:\/\/parroquiasanagustin.org\/wp-content\/uploads\/2024\/10\/domund2024_cuadrada-300x251.jpg\" alt=\"\" width=\"300\" height=\"251\" srcset=\"https:\/\/parroquiasanagustin.org\/wp-content\/uploads\/2024\/10\/domund2024_cuadrada-300x251.jpg 300w, https:\/\/parroquiasanagustin.org\/wp-content\/uploads\/2024\/10\/domund2024_cuadrada-768x644.jpg 768w, https:\/\/parroquiasanagustin.org\/wp-content\/uploads\/2024\/10\/domund2024_cuadrada.jpg 940w\" sizes=\"(max-width: 300px) 100vw, 300px\" \/><\/a>A los presb\u00edteros, di\u00e1conos, religiosos, religiosas, seminaristas y a todos los fieles de la Di\u00f3cesis de Canarias,<\/strong><\/p>\n<p>\u201cId e invitad a todos al banquete\u201d es el lema que nos propone este a\u00f1o el DOMUND, una jornada que celebraremos el pr\u00f3ximo 20 de octubre con la que la Iglesia Universal colabora con las misiones y, de un modo especial, reza por los misioneros repartidos por los lugares m\u00e1s olvidados de la tierra.<\/p>\n<p>Conscientes de que somos el Cuerpo de Cristo y que como miembros de El tenemos una funci\u00f3n que realizar, dispong\u00e1monos a vivir en el d\u00eda de las misiones la experiencia de Pentecost\u00e9s y a llenarnos del Esp\u00edritu Santo para que nos fortalezca, como a los disc\u00edpulos para anunciar&nbsp; la alegr\u00eda de la Resurrecci\u00f3n de Jes\u00fas a todos los hombres.<\/p>\n<p>Asumamos la necesidad de abrir caminos invitando a todas las personas del mundo a disfrutar del banquete de la misericordia y el amor de Dios manifestados en Cristo Jes\u00fas. Como afirma el Papa Francisco: construyamos una Iglesia en misi\u00f3n evangelizadora, una Iglesia que rompa sus fronteras, ampl\u00ede los l\u00edmites personales y geogr\u00e1ficos de la fe y se oriente hacia el mundo entero y sus m\u00faltiples periferias para anunciar la alegr\u00eda del encuentro con Cristo mediante el Evangelio.<\/p>\n<p>Hagamos todo lo posible por convocar, a todas las personas, a la gran mesa del Se\u00f1or.<\/p>\n<p>Abramos las puertas de este banquete colaborando con el DOMUND. Colaborad realizando un signo de comuni\u00f3n con vuestra ayuda econ\u00f3mica, y sobre todo os animo a orar, insistentemente, por los misioneros y las misioneras que est\u00e1n cambiando el mundo mediante la siembra de la Palabra de Cristo en lo que podr\u00edamos llamar primera l\u00ednea de la misi\u00f3n, es decir, all\u00ed donde todav\u00eda el Evangelio no ha echado ra\u00edces profundas y necesita ser proclamado en medio de dificultades y persecuciones. De un modo especial oremos por los que pertenecen a nuestra Di\u00f3cesis de Canarias, porque hacen presente la voz y el amor efectivo de nuestra Iglesia en los diversos lugares del mundo.<\/p>\n<p>Un abrazo afectuoso en Mar\u00eda Nuestra Madre,<\/p>\n<p><strong>+ Jos\u00e9 Mazuelos P\u00e9rez<\/strong><\/p>\n<p><strong>Obispo de Canarias<\/strong><\/p>\n<\/div>\n","protected":false},"excerpt":{"rendered":"<p>&nbsp; &nbsp;A los presb\u00edteros, di\u00e1conos, religiosos, religiosas, seminaristas y a todos los fieles de la Di\u00f3cesis de Canarias, \u201cId e invitad a todos al banquete\u201d es el lema que nos propone este a\u00f1o el DOMUND, una jornada que celebraremos el pr\u00f3ximo 20 de octubre con la que la Iglesia Universal colabora con las misiones y, de un modo especial, reza por los misioneros repartidos por los lugares m\u00e1s olvidados de la tierra. Conscientes de que somos el Cuerpo de Cristo y que como miembros de El tenemos una funci\u00f3n que realizar, dispong\u00e1monos a vivir en el d\u00eda de las misiones la experiencia de Pentecost\u00e9s y a llenarnos del Esp\u00edritu Santo para que nos fortalezca, como a los disc\u00edpulos para anunciar&nbsp; la alegr\u00eda de la Resurrecci\u00f3n de Jes\u00fas a todos los hombres. Asumamos la necesidad de abrir caminos invitando a todas las personas del mundo a disfrutar del banquete de la misericordia y el amor de Dios manifestados en Cristo Jes\u00fas. Como afirma el Papa Francisco: construyamos una Iglesia en misi\u00f3n evangelizadora, una Iglesia que rompa sus fronteras, ampl\u00ede los l\u00edmites personales y geogr\u00e1ficos de la fe y se oriente hacia el mundo entero y sus m\u00faltiples periferias para anunciar la alegr\u00eda del encuentro con Cristo mediante el Evangelio. Hagamos todo lo posible por convocar, a todas las personas, a la gran mesa del Se\u00f1or. Abramos las puertas de este banquete colaborando con el DOMUND. Colaborad realizando un signo de comuni\u00f3n con vuestra ayuda econ\u00f3mica, y sobre todo os animo a orar, insistentemente, por los misioneros y las misioneras que est\u00e1n cambiando el mundo mediante la siembra de la Palabra de Cristo en lo que podr\u00edamos llamar primera l\u00ednea de la misi\u00f3n, es decir, all\u00ed donde todav\u00eda el Evangelio no ha echado ra\u00edces profundas y necesita ser proclamado en medio de dificultades y persecuciones. De un modo especial oremos por los que pertenecen a nuestra Di\u00f3cesis de Canarias, porque hacen presente la voz y el amor efectivo de nuestra Iglesia en los diversos lugares del mundo. Un abrazo afectuoso en Mar\u00eda Nuestra Madre, + Jos\u00e9 Mazuelos P\u00e9rez Obispo de Canarias<\/p>\n","protected":false},"author":2,"featured_media":7126,"comment_status":"closed","ping_status":"closed","sticky":false,"template":"","format":"standard","meta":{"ocean_front_end_style_editor":"no","ocean_post_layout":"","ocean_both_sidebars_style":"","ocean_both_sidebars_content_width":0,"ocean_both_sidebars_sidebars_width":0,"ocean_sidebar":"","ocean_second_sidebar":"","ocean_disable_margins":"enable","ocean_add_body_class":"","ocean_shortcode_before_top_bar":"","ocean_shortcode_after_top_bar":"","ocean_shortcode_before_header":"","ocean_shortcode_after_header":"","ocean_has_shortcode":"","ocean_shortcode_after_title":"","ocean_shortcode_before_footer_widgets":"","ocean_shortcode_after_footer_widgets":"","ocean_shortcode_before_footer_bottom":"","ocean_shortcode_after_footer_bottom":"","ocean_display_top_bar":"default","ocean_display_header":"default","ocean_header_style":"","ocean_center_header_left_menu":"","ocean_custom_header_template":"","ocean_custom_logo":0,"ocean_custom_retina_logo":0,"ocean_custom_logo_max_width":0,"ocean_custom_logo_tablet_max_width":0,"ocean_custom_logo_mobile_max_width":0,"ocean_custom_logo_max_height":0,"ocean_custom_logo_tablet_max_height":0,"ocean_custom_logo_mobile_max_height":0,"ocean_header_custom_menu":"","ocean_menu_typo_font_family":"","ocean_menu_typo_font_subset":"","ocean_menu_typo_font_size":0,"ocean_menu_typo_font_size_tablet":0,"ocean_menu_typo_font_size_mobile":0,"ocean_menu_typo_font_size_unit":"px","ocean_menu_typo_font_weight":"","ocean_menu_typo_font_weight_tablet":"","ocean_menu_typo_font_weight_mobile":"","ocean_menu_typo_transform":"","ocean_menu_typo_transform_tablet":"","ocean_menu_typo_transform_mobile":"","ocean_menu_typo_line_height":0,"ocean_menu_typo_line_height_tablet":0,"ocean_menu_typo_line_height_mobile":0,"ocean_menu_typo_line_height_unit":"","ocean_menu_typo_spacing":0,"ocean_menu_typo_spacing_tablet":0,"ocean_menu_typo_spacing_mobile":0,"ocean_menu_typo_spacing_unit":"","ocean_menu_link_color":"","ocean_menu_link_color_hover":"","ocean_menu_link_color_active":"","ocean_menu_link_background":"","ocean_menu_link_hover_background":"","ocean_menu_link_active_background":"","ocean_menu_social_links_bg":"","ocean_menu_social_hover_links_bg":"","ocean_menu_social_links_color":"","ocean_menu_social_hover_links_color":"","ocean_disable_title":"default","ocean_disable_heading":"default","ocean_post_title":"","ocean_post_subheading":"","ocean_post_title_style":"","ocean_post_title_background_color":"","ocean_post_title_background":0,"ocean_post_title_bg_image_position":"","ocean_post_title_bg_image_attachment":"","ocean_post_title_bg_image_repeat":"","ocean_post_title_bg_image_size":"","ocean_post_title_height":0,"ocean_post_title_bg_overlay":0.5,"ocean_post_title_bg_overlay_color":"","ocean_disable_breadcrumbs":"default","ocean_breadcrumbs_color":"","ocean_breadcrumbs_separator_color":"","ocean_breadcrumbs_links_color":"","ocean_breadcrumbs_links_hover_color":"","ocean_display_footer_widgets":"default","ocean_display_footer_bottom":"default","ocean_custom_footer_template":"","ocean_post_oembed":"","ocean_post_self_hosted_media":"","ocean_post_video_embed":"","ocean_link_format":"","ocean_link_format_target":"self","ocean_quote_format":"","ocean_quote_format_link":"post","ocean_gallery_link_images":"on","ocean_gallery_id":[],"footnotes":""},"categories":[138,65],"tags":[93,53,32],"class_list":["post-7125","post","type-post","status-publish","format-standard","has-post-thumbnail","hentry","category-anteriores","category-obispo-mazuelos","tag-domund","tag-jornada","tag-obispo","entry","has-media"],"yoast_head":"<!-- This site is optimized with the Yoast SEO plugin v28.3 - https:\/\/yoast.com\/product\/yoast-seo-wordpress\/ -->\n<title>Carta pastoral, Domund 2024 - Parroquia Matriz de San Agust\u00edn<\/title>\n<meta name=\"robots\" content=\"index, follow, max-snippet:-1, max-image-preview:large, max-video-preview:-1\" \/>\n<link rel=\"canonical\" href=\"https:\/\/parroquiasanagustin.org\/index.php\/2024\/10\/09\/carta-pastoral-domund-2024\/\" \/>\n<meta property=\"og:locale\" content=\"es_ES\" \/>\n<meta property=\"og:type\" content=\"article\" \/>\n<meta property=\"og:title\" content=\"Carta pastoral, Domund 2024 - Parroquia Matriz de San Agust\u00edn\" \/>\n<meta property=\"og:description\" content=\"&nbsp; &nbsp;A los presb\u00edteros, di\u00e1conos, religiosos, religiosas, seminaristas y a todos los fieles de la Di\u00f3cesis de Canarias, \u201cId e invitad a todos al banquete\u201d es el lema que nos propone este a\u00f1o el DOMUND, una jornada que celebraremos el pr\u00f3ximo 20 de octubre con la que la Iglesia Universal colabora con las misiones y, de un modo especial, reza por los misioneros repartidos por los lugares m\u00e1s olvidados de la tierra. Conscientes de que somos el Cuerpo de Cristo y que como miembros de El tenemos una funci\u00f3n que realizar, dispong\u00e1monos a vivir en el d\u00eda de las misiones la experiencia de Pentecost\u00e9s y a llenarnos del Esp\u00edritu Santo para que nos fortalezca, como a los disc\u00edpulos para anunciar&nbsp; la alegr\u00eda de la Resurrecci\u00f3n de Jes\u00fas a todos los hombres. Asumamos la necesidad de abrir caminos invitando a todas las personas del mundo a disfrutar del banquete de la misericordia y el amor de Dios manifestados en Cristo Jes\u00fas. Como afirma el Papa Francisco: construyamos una Iglesia en misi\u00f3n evangelizadora, una Iglesia que rompa sus fronteras, ampl\u00ede los l\u00edmites personales y geogr\u00e1ficos de la fe y se oriente hacia el mundo entero y sus m\u00faltiples periferias para anunciar la alegr\u00eda del encuentro con Cristo mediante el Evangelio. Hagamos todo lo posible por convocar, a todas las personas, a la gran mesa del Se\u00f1or. Abramos las puertas de este banquete colaborando con el DOMUND. Colaborad realizando un signo de comuni\u00f3n con vuestra ayuda econ\u00f3mica, y sobre todo os animo a orar, insistentemente, por los misioneros y las misioneras que est\u00e1n cambiando el mundo mediante la siembra de la Palabra de Cristo en lo que podr\u00edamos llamar primera l\u00ednea de la misi\u00f3n, es decir, all\u00ed donde todav\u00eda el Evangelio no ha echado ra\u00edces profundas y necesita ser proclamado en medio de dificultades y persecuciones. De un modo especial oremos por los que pertenecen a nuestra Di\u00f3cesis de Canarias, porque hacen presente la voz y el amor efectivo de nuestra Iglesia en los diversos lugares del mundo. Un abrazo afectuoso en Mar\u00eda Nuestra Madre, + Jos\u00e9 Mazuelos P\u00e9rez Obispo de Canarias\" \/>\n<meta property=\"og:url\" content=\"https:\/\/parroquiasanagustin.org\/index.php\/2024\/10\/09\/carta-pastoral-domund-2024\/\" \/>\n<meta property=\"og:site_name\" content=\"Parroquia Matriz de San Agust\u00edn\" \/>\n<meta property=\"article:published_time\" content=\"2024-10-09T09:08:09+00:00\" \/>\n<meta property=\"article:modified_time\" content=\"2024-11-05T21:10:25+00:00\" \/>\n<meta property=\"og:image\" content=\"https:\/\/parroquiasanagustin.org\/wp-content\/uploads\/2024\/10\/domund2024_cuadrada.jpg\" \/>\n\t<meta property=\"og:image:width\" content=\"940\" \/>\n\t<meta property=\"og:image:height\" content=\"788\" \/>\n\t<meta property=\"og:image:type\" content=\"image\/jpeg\" \/>\n<meta name=\"author\" content=\"admin\" \/>\n<meta name=\"twitter:card\" content=\"summary_large_image\" \/>\n<meta name=\"twitter:label1\" content=\"Escrito por\" \/>\n\t<meta name=\"twitter:data1\" content=\"admin\" \/>\n\t<meta name=\"twitter:label2\" content=\"Tiempo de lectura\" \/>\n\t<meta name=\"twitter:data2\" content=\"2 minutos\" \/>\n<script type=\"application\/ld+json\" class=\"yoast-schema-graph\">{\"@context\":\"https:\\\/\\\/schema.org\",\"@graph\":[{\"@type\":\"Article\",\"@id\":\"https:\\\/\\\/parroquiasanagustin.org\\\/index.php\\\/2024\\\/10\\\/09\\\/carta-pastoral-domund-2024\\\/#article\",\"isPartOf\":{\"@id\":\"https:\\\/\\\/parroquiasanagustin.org\\\/index.php\\\/2024\\\/10\\\/09\\\/carta-pastoral-domund-2024\\\/\"},\"author\":{\"name\":\"admin\",\"@id\":\"https:\\\/\\\/parroquiasanagustin.org\\\/#\\\/schema\\\/person\\\/847433f46674263837c7be221cfa5120\"},\"headline\":\"Carta pastoral, Domund 2024\",\"datePublished\":\"2024-10-09T09:08:09+00:00\",\"dateModified\":\"2024-11-05T21:10:25+00:00\",\"mainEntityOfPage\":{\"@id\":\"https:\\\/\\\/parroquiasanagustin.org\\\/index.php\\\/2024\\\/10\\\/09\\\/carta-pastoral-domund-2024\\\/\"},\"wordCount\":386,\"publisher\":{\"@id\":\"https:\\\/\\\/parroquiasanagustin.org\\\/#organization\"},\"image\":{\"@id\":\"https:\\\/\\\/parroquiasanagustin.org\\\/index.php\\\/2024\\\/10\\\/09\\\/carta-pastoral-domund-2024\\\/#primaryimage\"},\"thumbnailUrl\":\"https:\\\/\\\/parroquiasanagustin.org\\\/wp-content\\\/uploads\\\/2024\\\/10\\\/domund2024_cuadrada.jpg\",\"keywords\":[\"domund\",\"jornada\",\"Obispo\"],\"articleSection\":[\"Anteriores\",\"Obispo Mazuelos\"],\"inLanguage\":\"es\"},{\"@type\":\"WebPage\",\"@id\":\"https:\\\/\\\/parroquiasanagustin.org\\\/index.php\\\/2024\\\/10\\\/09\\\/carta-pastoral-domund-2024\\\/\",\"url\":\"https:\\\/\\\/parroquiasanagustin.org\\\/index.php\\\/2024\\\/10\\\/09\\\/carta-pastoral-domund-2024\\\/\",\"name\":\"Carta pastoral, Domund 2024 - Parroquia Matriz de San Agust\u00edn\",\"isPartOf\":{\"@id\":\"https:\\\/\\\/parroquiasanagustin.org\\\/#website\"},\"primaryImageOfPage\":{\"@id\":\"https:\\\/\\\/parroquiasanagustin.org\\\/index.php\\\/2024\\\/10\\\/09\\\/carta-pastoral-domund-2024\\\/#primaryimage\"},\"image\":{\"@id\":\"https:\\\/\\\/parroquiasanagustin.org\\\/index.php\\\/2024\\\/10\\\/09\\\/carta-pastoral-domund-2024\\\/#primaryimage\"},\"thumbnailUrl\":\"https:\\\/\\\/parroquiasanagustin.org\\\/wp-content\\\/uploads\\\/2024\\\/10\\\/domund2024_cuadrada.jpg\",\"datePublished\":\"2024-10-09T09:08:09+00:00\",\"dateModified\":\"2024-11-05T21:10:25+00:00\",\"breadcrumb\":{\"@id\":\"https:\\\/\\\/parroquiasanagustin.org\\\/index.php\\\/2024\\\/10\\\/09\\\/carta-pastoral-domund-2024\\\/#breadcrumb\"},\"inLanguage\":\"es\",\"potentialAction\":[{\"@type\":\"ReadAction\",\"target\":[\"https:\\\/\\\/parroquiasanagustin.org\\\/index.php\\\/2024\\\/10\\\/09\\\/carta-pastoral-domund-2024\\\/\"]}]},{\"@type\":\"ImageObject\",\"inLanguage\":\"es\",\"@id\":\"https:\\\/\\\/parroquiasanagustin.org\\\/index.php\\\/2024\\\/10\\\/09\\\/carta-pastoral-domund-2024\\\/#primaryimage\",\"url\":\"https:\\\/\\\/parroquiasanagustin.org\\\/wp-content\\\/uploads\\\/2024\\\/10\\\/domund2024_cuadrada.jpg\",\"contentUrl\":\"https:\\\/\\\/parroquiasanagustin.org\\\/wp-content\\\/uploads\\\/2024\\\/10\\\/domund2024_cuadrada.jpg\",\"width\":940,\"height\":788},{\"@type\":\"BreadcrumbList\",\"@id\":\"https:\\\/\\\/parroquiasanagustin.org\\\/index.php\\\/2024\\\/10\\\/09\\\/carta-pastoral-domund-2024\\\/#breadcrumb\",\"itemListElement\":[{\"@type\":\"ListItem\",\"position\":1,\"name\":\"Portada\",\"item\":\"https:\\\/\\\/parroquiasanagustin.org\\\/\"},{\"@type\":\"ListItem\",\"position\":2,\"name\":\"Carta pastoral, Domund 2024\"}]},{\"@type\":\"WebSite\",\"@id\":\"https:\\\/\\\/parroquiasanagustin.org\\\/#website\",\"url\":\"https:\\\/\\\/parroquiasanagustin.org\\\/\",\"name\":\"Parroquia Matriz de San Agust\u00edn\",\"description\":\"Iglesia de San Agust\u00edn y Santuario de Santa Rita, Vegueta, Las Palmas de Gran Canaria\",\"publisher\":{\"@id\":\"https:\\\/\\\/parroquiasanagustin.org\\\/#organization\"},\"potentialAction\":[{\"@type\":\"SearchAction\",\"target\":{\"@type\":\"EntryPoint\",\"urlTemplate\":\"https:\\\/\\\/parroquiasanagustin.org\\\/?s={search_term_string}\"},\"query-input\":{\"@type\":\"PropertyValueSpecification\",\"valueRequired\":true,\"valueName\":\"search_term_string\"}}],\"inLanguage\":\"es\"},{\"@type\":\"Organization\",\"@id\":\"https:\\\/\\\/parroquiasanagustin.org\\\/#organization\",\"name\":\"Parroquia Matriz de San Agust\u00edn\",\"url\":\"https:\\\/\\\/parroquiasanagustin.org\\\/\",\"logo\":{\"@type\":\"ImageObject\",\"inLanguage\":\"es\",\"@id\":\"https:\\\/\\\/parroquiasanagustin.org\\\/#\\\/schema\\\/logo\\\/image\\\/\",\"url\":\"https:\\\/\\\/parroquiasanagustin.org\\\/wp-content\\\/uploads\\\/2020\\\/03\\\/iglesiaicono.jpg\",\"contentUrl\":\"https:\\\/\\\/parroquiasanagustin.org\\\/wp-content\\\/uploads\\\/2020\\\/03\\\/iglesiaicono.jpg\",\"width\":567,\"height\":567,\"caption\":\"Parroquia Matriz de San Agust\u00edn\"},\"image\":{\"@id\":\"https:\\\/\\\/parroquiasanagustin.org\\\/#\\\/schema\\\/logo\\\/image\\\/\"}},{\"@type\":\"Person\",\"@id\":\"https:\\\/\\\/parroquiasanagustin.org\\\/#\\\/schema\\\/person\\\/847433f46674263837c7be221cfa5120\",\"name\":\"admin\",\"image\":{\"@type\":\"ImageObject\",\"inLanguage\":\"es\",\"@id\":\"https:\\\/\\\/secure.gravatar.com\\\/avatar\\\/07d4512f723a9a3b729f475206dd5edd698d449d5c20abe9a12060d2ff1e0807?s=96&d=mm&r=g\",\"url\":\"https:\\\/\\\/secure.gravatar.com\\\/avatar\\\/07d4512f723a9a3b729f475206dd5edd698d449d5c20abe9a12060d2ff1e0807?s=96&d=mm&r=g\",\"contentUrl\":\"https:\\\/\\\/secure.gravatar.com\\\/avatar\\\/07d4512f723a9a3b729f475206dd5edd698d449d5c20abe9a12060d2ff1e0807?s=96&d=mm&r=g\",\"caption\":\"admin\"},\"url\":\"https:\\\/\\\/parroquiasanagustin.org\\\/index.php\\\/author\\\/admin\\\/\"}]}<\/script>\n<!-- \/ Yoast SEO plugin. -->","yoast_head_json":{"title":"Carta pastoral, Domund 2024 - Parroquia Matriz de San Agust\u00edn","robots":{"index":"index","follow":"follow","max-snippet":"max-snippet:-1","max-image-preview":"max-image-preview:large","max-video-preview":"max-video-preview:-1"},"canonical":"https:\/\/parroquiasanagustin.org\/index.php\/2024\/10\/09\/carta-pastoral-domund-2024\/","og_locale":"es_ES","og_type":"article","og_title":"Carta pastoral, Domund 2024 - Parroquia Matriz de San Agust\u00edn","og_description":"&nbsp; &nbsp;A los presb\u00edteros, di\u00e1conos, religiosos, religiosas, seminaristas y a todos los fieles de la Di\u00f3cesis de Canarias, \u201cId e invitad a todos al banquete\u201d es el lema que nos propone este a\u00f1o el DOMUND, una jornada que celebraremos el pr\u00f3ximo 20 de octubre con la que la Iglesia Universal colabora con las misiones y, de un modo especial, reza por los misioneros repartidos por los lugares m\u00e1s olvidados de la tierra. Conscientes de que somos el Cuerpo de Cristo y que como miembros de El tenemos una funci\u00f3n que realizar, dispong\u00e1monos a vivir en el d\u00eda de las misiones la experiencia de Pentecost\u00e9s y a llenarnos del Esp\u00edritu Santo para que nos fortalezca, como a los disc\u00edpulos para anunciar&nbsp; la alegr\u00eda de la Resurrecci\u00f3n de Jes\u00fas a todos los hombres. Asumamos la necesidad de abrir caminos invitando a todas las personas del mundo a disfrutar del banquete de la misericordia y el amor de Dios manifestados en Cristo Jes\u00fas. Como afirma el Papa Francisco: construyamos una Iglesia en misi\u00f3n evangelizadora, una Iglesia que rompa sus fronteras, ampl\u00ede los l\u00edmites personales y geogr\u00e1ficos de la fe y se oriente hacia el mundo entero y sus m\u00faltiples periferias para anunciar la alegr\u00eda del encuentro con Cristo mediante el Evangelio. Hagamos todo lo posible por convocar, a todas las personas, a la gran mesa del Se\u00f1or. Abramos las puertas de este banquete colaborando con el DOMUND. Colaborad realizando un signo de comuni\u00f3n con vuestra ayuda econ\u00f3mica, y sobre todo os animo a orar, insistentemente, por los misioneros y las misioneras que est\u00e1n cambiando el mundo mediante la siembra de la Palabra de Cristo en lo que podr\u00edamos llamar primera l\u00ednea de la misi\u00f3n, es decir, all\u00ed donde todav\u00eda el Evangelio no ha echado ra\u00edces profundas y necesita ser proclamado en medio de dificultades y persecuciones. De un modo especial oremos por los que pertenecen a nuestra Di\u00f3cesis de Canarias, porque hacen presente la voz y el amor efectivo de nuestra Iglesia en los diversos lugares del mundo. Un abrazo afectuoso en Mar\u00eda Nuestra Madre, + Jos\u00e9 Mazuelos P\u00e9rez Obispo de Canarias","og_url":"https:\/\/parroquiasanagustin.org\/index.php\/2024\/10\/09\/carta-pastoral-domund-2024\/","og_site_name":"Parroquia Matriz de San Agust\u00edn","article_published_time":"2024-10-09T09:08:09+00:00","article_modified_time":"2024-11-05T21:10:25+00:00","og_image":[{"width":940,"height":788,"url":"https:\/\/parroquiasanagustin.org\/wp-content\/uploads\/2024\/10\/domund2024_cuadrada.jpg","type":"image\/jpeg"}],"author":"admin","twitter_card":"summary_large_image","twitter_misc":{"Escrito por":"admin","Tiempo de lectura":"2 minutos"},"schema":{"@context":"https:\/\/schema.org","@graph":[{"@type":"Article","@id":"https:\/\/parroquiasanagustin.org\/index.php\/2024\/10\/09\/carta-pastoral-domund-2024\/#article","isPartOf":{"@id":"https:\/\/parroquiasanagustin.org\/index.php\/2024\/10\/09\/carta-pastoral-domund-2024\/"},"author":{"name":"admin","@id":"https:\/\/parroquiasanagustin.org\/#\/schema\/person\/847433f46674263837c7be221cfa5120"},"headline":"Carta pastoral, Domund 2024","datePublished":"2024-10-09T09:08:09+00:00","dateModified":"2024-11-05T21:10:25+00:00","mainEntityOfPage":{"@id":"https:\/\/parroquiasanagustin.org\/index.php\/2024\/10\/09\/carta-pastoral-domund-2024\/"},"wordCount":386,"publisher":{"@id":"https:\/\/parroquiasanagustin.org\/#organization"},"image":{"@id":"https:\/\/parroquiasanagustin.org\/index.php\/2024\/10\/09\/carta-pastoral-domund-2024\/#primaryimage"},"thumbnailUrl":"https:\/\/parroquiasanagustin.org\/wp-content\/uploads\/2024\/10\/domund2024_cuadrada.jpg","keywords":["domund","jornada","Obispo"],"articleSection":["Anteriores","Obispo Mazuelos"],"inLanguage":"es"},{"@type":"WebPage","@id":"https:\/\/parroquiasanagustin.org\/index.php\/2024\/10\/09\/carta-pastoral-domund-2024\/","url":"https:\/\/parroquiasanagustin.org\/index.php\/2024\/10\/09\/carta-pastoral-domund-2024\/","name":"Carta pastoral, Domund 2024 - Parroquia Matriz de San Agust\u00edn","isPartOf":{"@id":"https:\/\/parroquiasanagustin.org\/#website"},"primaryImageOfPage":{"@id":"https:\/\/parroquiasanagustin.org\/index.php\/2024\/10\/09\/carta-pastoral-domund-2024\/#primaryimage"},"image":{"@id":"https:\/\/parroquiasanagustin.org\/index.php\/2024\/10\/09\/carta-pastoral-domund-2024\/#primaryimage"},"thumbnailUrl":"https:\/\/parroquiasanagustin.org\/wp-content\/uploads\/2024\/10\/domund2024_cuadrada.jpg","datePublished":"2024-10-09T09:08:09+00:00","dateModified":"2024-11-05T21:10:25+00:00","breadcrumb":{"@id":"https:\/\/parroquiasanagustin.org\/index.php\/2024\/10\/09\/carta-pastoral-domund-2024\/#breadcrumb"},"inLanguage":"es","potentialAction":[{"@type":"ReadAction","target":["https:\/\/parroquiasanagustin.org\/index.php\/2024\/10\/09\/carta-pastoral-domund-2024\/"]}]},{"@type":"ImageObject","inLanguage":"es","@id":"https:\/\/parroquiasanagustin.org\/index.php\/2024\/10\/09\/carta-pastoral-domund-2024\/#primaryimage","url":"https:\/\/parroquiasanagustin.org\/wp-content\/uploads\/2024\/10\/domund2024_cuadrada.jpg","contentUrl":"https:\/\/parroquiasanagustin.org\/wp-content\/uploads\/2024\/10\/domund2024_cuadrada.jpg","width":940,"height":788},{"@type":"BreadcrumbList","@id":"https:\/\/parroquiasanagustin.org\/index.php\/2024\/10\/09\/carta-pastoral-domund-2024\/#breadcrumb","itemListElement":[{"@type":"ListItem","position":1,"name":"Portada","item":"https:\/\/parroquiasanagustin.org\/"},{"@type":"ListItem","position":2,"name":"Carta pastoral, Domund 2024"}]},{"@type":"WebSite","@id":"https:\/\/parroquiasanagustin.org\/#website","url":"https:\/\/parroquiasanagustin.org\/","name":"Parroquia Matriz de San Agust\u00edn","description":"Iglesia de San Agust\u00edn y Santuario de Santa Rita, Vegueta, Las Palmas de Gran Canaria","publisher":{"@id":"https:\/\/parroquiasanagustin.org\/#organization"},"potentialAction":[{"@type":"SearchAction","target":{"@type":"EntryPoint","urlTemplate":"https:\/\/parroquiasanagustin.org\/?s={search_term_string}"},"query-input":{"@type":"PropertyValueSpecification","valueRequired":true,"valueName":"search_term_string"}}],"inLanguage":"es"},{"@type":"Organization","@id":"https:\/\/parroquiasanagustin.org\/#organization","name":"Parroquia Matriz de San Agust\u00edn","url":"https:\/\/parroquiasanagustin.org\/","logo":{"@type":"ImageObject","inLanguage":"es","@id":"https:\/\/parroquiasanagustin.org\/#\/schema\/logo\/image\/","url":"https:\/\/parroquiasanagustin.org\/wp-content\/uploads\/2020\/03\/iglesiaicono.jpg","contentUrl":"https:\/\/parroquiasanagustin.org\/wp-content\/uploads\/2020\/03\/iglesiaicono.jpg","width":567,"height":567,"caption":"Parroquia Matriz de San Agust\u00edn"},"image":{"@id":"https:\/\/parroquiasanagustin.org\/#\/schema\/logo\/image\/"}},{"@type":"Person","@id":"https:\/\/parroquiasanagustin.org\/#\/schema\/person\/847433f46674263837c7be221cfa5120","name":"admin","image":{"@type":"ImageObject","inLanguage":"es","@id":"https:\/\/secure.gravatar.com\/avatar\/07d4512f723a9a3b729f475206dd5edd698d449d5c20abe9a12060d2ff1e0807?s=96&d=mm&r=g","url":"https:\/\/secure.gravatar.com\/avatar\/07d4512f723a9a3b729f475206dd5edd698d449d5c20abe9a12060d2ff1e0807?s=96&d=mm&r=g","contentUrl":"https:\/\/secure.gravatar.com\/avatar\/07d4512f723a9a3b729f475206dd5edd698d449d5c20abe9a12060d2ff1e0807?s=96&d=mm&r=g","caption":"admin"},"url":"https:\/\/parroquiasanagustin.org\/index.php\/author\/admin\/"}]}},"_links":{"self":[{"href":"https:\/\/parroquiasanagustin.org\/index.php\/wp-json\/wp\/v2\/posts\/7125","targetHints":{"allow":["GET"]}}],"collection":[{"href":"https:\/\/parroquiasanagustin.org\/index.php\/wp-json\/wp\/v2\/posts"}],"about":[{"href":"https:\/\/parroquiasanagustin.org\/index.php\/wp-json\/wp\/v2\/types\/post"}],"author":[{"embeddable":true,"href":"https:\/\/parroquiasanagustin.org\/index.php\/wp-json\/wp\/v2\/users\/2"}],"replies":[{"embeddable":true,"href":"https:\/\/parroquiasanagustin.org\/index.php\/wp-json\/wp\/v2\/comments?post=7125"}],"version-history":[{"count":1,"href":"https:\/\/parroquiasanagustin.org\/index.php\/wp-json\/wp\/v2\/posts\/7125\/revisions"}],"predecessor-version":[{"id":7127,"href":"https:\/\/parroquiasanagustin.org\/index.php\/wp-json\/wp\/v2\/posts\/7125\/revisions\/7127"}],"wp:featuredmedia":[{"embeddable":true,"href":"https:\/\/parroquiasanagustin.org\/index.php\/wp-json\/wp\/v2\/media\/7126"}],"wp:attachment":[{"href":"https:\/\/parroquiasanagustin.org\/index.php\/wp-json\/wp\/v2\/media?parent=7125"}],"wp:term":[{"taxonomy":"category","embeddable":true,"href":"https:\/\/parroquiasanagustin.org\/index.php\/wp-json\/wp\/v2\/categories?post=7125"},{"taxonomy":"post_tag","embeddable":true,"href":"https:\/\/parroquiasanagustin.org\/index.php\/wp-json\/wp\/v2\/tags?post=7125"}],"curies":[{"name":"wp","href":"https:\/\/api.w.org\/{rel}","templated":true}]}}