{"id":7108,"date":"2024-10-02T10:39:50","date_gmt":"2024-10-02T10:39:50","guid":{"rendered":"https:\/\/parroquiasanagustin.org\/?p=7108"},"modified":"2024-11-05T21:10:50","modified_gmt":"2024-11-05T21:10:50","slug":"jornada-mundial-de-las-misiones","status":"publish","type":"post","link":"https:\/\/parroquiasanagustin.org\/index.php\/2024\/10\/02\/jornada-mundial-de-las-misiones\/","title":{"rendered":"Jornada Mundial de las Misiones"},"content":{"rendered":"<p><img fetchpriority=\"high\" decoding=\"async\" class=\"alignright wp-image-7109\" src=\"https:\/\/parroquiasanagustin.org\/wp-content\/uploads\/2024\/10\/CartelDOMUND2024-212x300.jpg\" alt=\"\" width=\"300\" height=\"424\" srcset=\"https:\/\/parroquiasanagustin.org\/wp-content\/uploads\/2024\/10\/CartelDOMUND2024-212x300.jpg 212w, https:\/\/parroquiasanagustin.org\/wp-content\/uploads\/2024\/10\/CartelDOMUND2024-724x1024.jpg 724w, https:\/\/parroquiasanagustin.org\/wp-content\/uploads\/2024\/10\/CartelDOMUND2024-768x1086.jpg 768w, https:\/\/parroquiasanagustin.org\/wp-content\/uploads\/2024\/10\/CartelDOMUND2024-1086x1536.jpg 1086w, https:\/\/parroquiasanagustin.org\/wp-content\/uploads\/2024\/10\/CartelDOMUND2024-1448x2048.jpg 1448w, https:\/\/parroquiasanagustin.org\/wp-content\/uploads\/2024\/10\/CartelDOMUND2024-scaled.jpg 1810w\" sizes=\"(max-width: 300px) 100vw, 300px\" \/>El Domund es el d\u00eda en que, de un modo especial, la Iglesia universal reza por los misioneros y colabora con las misiones.<\/p>\n<p>Se celebra en todo el mundo el pen\u00faltimo domingo de octubre, el \u201cmes de las misiones\u201d.<\/p>\n<p>Hay 1.126 territorios de misi\u00f3n, que representan un tercio de las di\u00f3cesis del mundo.<\/p>\n<p>En ellos, se encuentran el 44% de las escuelas de la Iglesia Cat\u00f3lica y el 30% de sus instituciones sociales (hospitales, orfanatos, residencias\u2026)<\/p>\n<p>Con los donativos del Domund, Obras Misionales Pontificias ayuda cada a\u00f1o a todos y cada uno de los Territorios de Misi\u00f3n en nombre del Papa.<\/p>\n<p>M\u00e1s informaci\u00f3n en <a href=\"https:\/\/domund.es\/\">Domund &#8211; 20 octubre 2024 &#8211; Tu donativo es importante &#8211; OPM<\/a><\/p>\n","protected":false},"excerpt":{"rendered":"<p>El Domund es el d\u00eda en que, de un modo especial, la Iglesia universal reza por los misioneros y colabora con las misiones. Se celebra en todo el mundo el pen\u00faltimo domingo de octubre, el \u201cmes de las misiones\u201d. Hay 1.126 territorios de misi\u00f3n, que representan un tercio de las di\u00f3cesis del mundo. En ellos, se encuentran el 44% de las escuelas de la Iglesia Cat\u00f3lica y el 30% de sus instituciones sociales (hospitales, orfanatos, residencias\u2026) Con los donativos del Domund, Obras Misionales Pontificias ayuda cada a\u00f1o a todos y cada uno de los Territorios de Misi\u00f3n en nombre del Papa. M\u00e1s informaci\u00f3n en Domund &#8211; 20 octubre 2024 &#8211; Tu donativo es importante &#8211; OPM<\/p>\n","protected":false},"author":2,"featured_media":7109,"comment_status":"closed","ping_status":"closed","sticky":false,"template":"","format":"standard","meta":{"ocean_front_end_style_editor":"no","ocean_post_layout":"","ocean_both_sidebars_style":"","ocean_both_sidebars_content_width":0,"ocean_both_sidebars_sidebars_width":0,"ocean_sidebar":"","ocean_second_sidebar":"","ocean_disable_margins":"enable","ocean_add_body_class":"","ocean_shortcode_before_top_bar":"","ocean_shortcode_after_top_bar":"","ocean_shortcode_before_header":"","ocean_shortcode_after_header":"","ocean_has_shortcode":"","ocean_shortcode_after_title":"","ocean_shortcode_before_footer_widgets":"","ocean_shortcode_after_footer_widgets":"","ocean_shortcode_before_footer_bottom":"","ocean_shortcode_after_footer_bottom":"","ocean_display_top_bar":"default","ocean_display_header":"default","ocean_header_style":"","ocean_center_header_left_menu":"","ocean_custom_header_template":"","ocean_custom_logo":0,"ocean_custom_retina_logo":0,"ocean_custom_logo_max_width":0,"ocean_custom_logo_tablet_max_width":0,"ocean_custom_logo_mobile_max_width":0,"ocean_custom_logo_max_height":0,"ocean_custom_logo_tablet_max_height":0,"ocean_custom_logo_mobile_max_height":0,"ocean_header_custom_menu":"","ocean_menu_typo_font_family":"","ocean_menu_typo_font_subset":"","ocean_menu_typo_font_size":0,"ocean_menu_typo_font_size_tablet":0,"ocean_menu_typo_font_size_mobile":0,"ocean_menu_typo_font_size_unit":"px","ocean_menu_typo_font_weight":"","ocean_menu_typo_font_weight_tablet":"","ocean_menu_typo_font_weight_mobile":"","ocean_menu_typo_transform":"","ocean_menu_typo_transform_tablet":"","ocean_menu_typo_transform_mobile":"","ocean_menu_typo_line_height":0,"ocean_menu_typo_line_height_tablet":0,"ocean_menu_typo_line_height_mobile":0,"ocean_menu_typo_line_height_unit":"","ocean_menu_typo_spacing":0,"ocean_menu_typo_spacing_tablet":0,"ocean_menu_typo_spacing_mobile":0,"ocean_menu_typo_spacing_unit":"","ocean_menu_link_color":"","ocean_menu_link_color_hover":"","ocean_menu_link_color_active":"","ocean_menu_link_background":"","ocean_menu_link_hover_background":"","ocean_menu_link_active_background":"","ocean_menu_social_links_bg":"","ocean_menu_social_hover_links_bg":"","ocean_menu_social_links_color":"","ocean_menu_social_hover_links_color":"","ocean_disable_title":"default","ocean_disable_heading":"default","ocean_post_title":"","ocean_post_subheading":"","ocean_post_title_style":"","ocean_post_title_background_color":"","ocean_post_title_background":0,"ocean_post_title_bg_image_position":"","ocean_post_title_bg_image_attachment":"","ocean_post_title_bg_image_repeat":"","ocean_post_title_bg_image_size":"","ocean_post_title_height":0,"ocean_post_title_bg_overlay":0.5,"ocean_post_title_bg_overlay_color":"","ocean_disable_breadcrumbs":"default","ocean_breadcrumbs_color":"","ocean_breadcrumbs_separator_color":"","ocean_breadcrumbs_links_color":"","ocean_breadcrumbs_links_hover_color":"","ocean_display_footer_widgets":"default","ocean_display_footer_bottom":"default","ocean_custom_footer_template":"","ocean_post_oembed":"","ocean_post_self_hosted_media":"","ocean_post_video_embed":"","ocean_link_format":"","ocean_link_format_target":"self","ocean_quote_format":"","ocean_quote_format_link":"post","ocean_gallery_link_images":"on","ocean_gallery_id":[],"footnotes":""},"categories":[138,15],"tags":[69,93,53],"class_list":["post-7108","post","type-post","status-publish","format-standard","has-post-thumbnail","hentry","category-anteriores","category-diocesis","tag-domingo","tag-domund","tag-jornada","entry","has-media"],"yoast_head":"<!-- This site is optimized with the Yoast SEO plugin v28.3 - https:\/\/yoast.com\/product\/yoast-seo-wordpress\/ -->\n<title>Jornada Mundial de las Misiones - Parroquia Matriz de San Agust\u00edn<\/title>\n<meta name=\"robots\" content=\"index, follow, max-snippet:-1, max-image-preview:large, max-video-preview:-1\" \/>\n<link rel=\"canonical\" href=\"https:\/\/parroquiasanagustin.org\/index.php\/2024\/10\/02\/jornada-mundial-de-las-misiones\/\" \/>\n<meta property=\"og:locale\" content=\"es_ES\" \/>\n<meta property=\"og:type\" content=\"article\" \/>\n<meta property=\"og:title\" content=\"Jornada Mundial de las Misiones - Parroquia Matriz de San Agust\u00edn\" \/>\n<meta property=\"og:description\" content=\"El Domund es el d\u00eda en que, de un modo especial, la Iglesia universal reza por los misioneros y colabora con las misiones. Se celebra en todo el mundo el pen\u00faltimo domingo de octubre, el \u201cmes de las misiones\u201d. Hay 1.126 territorios de misi\u00f3n, que representan un tercio de las di\u00f3cesis del mundo. En ellos, se encuentran el 44% de las escuelas de la Iglesia Cat\u00f3lica y el 30% de sus instituciones sociales (hospitales, orfanatos, residencias\u2026) Con los donativos del Domund, Obras Misionales Pontificias ayuda cada a\u00f1o a todos y cada uno de los Territorios de Misi\u00f3n en nombre del Papa. M\u00e1s informaci\u00f3n en Domund &#8211; 20 octubre 2024 &#8211; Tu donativo es importante &#8211; OPM\" \/>\n<meta property=\"og:url\" content=\"https:\/\/parroquiasanagustin.org\/index.php\/2024\/10\/02\/jornada-mundial-de-las-misiones\/\" \/>\n<meta property=\"og:site_name\" content=\"Parroquia Matriz de San Agust\u00edn\" \/>\n<meta property=\"article:published_time\" content=\"2024-10-02T10:39:50+00:00\" \/>\n<meta property=\"article:modified_time\" content=\"2024-11-05T21:10:50+00:00\" \/>\n<meta property=\"og:image\" content=\"https:\/\/parroquiasanagustin.org\/wp-content\/uploads\/2024\/10\/CartelDOMUND2024-scaled.jpg\" \/>\n\t<meta property=\"og:image:width\" content=\"1810\" \/>\n\t<meta property=\"og:image:height\" content=\"2560\" \/>\n\t<meta property=\"og:image:type\" content=\"image\/jpeg\" \/>\n<meta name=\"author\" content=\"admin\" \/>\n<meta name=\"twitter:card\" content=\"summary_large_image\" \/>\n<meta name=\"twitter:label1\" content=\"Escrito por\" \/>\n\t<meta name=\"twitter:data1\" content=\"admin\" \/>\n\t<meta name=\"twitter:label2\" content=\"Tiempo de lectura\" \/>\n\t<meta name=\"twitter:data2\" content=\"1 minuto\" \/>\n<script type=\"application\/ld+json\" class=\"yoast-schema-graph\">{\"@context\":\"https:\\\/\\\/schema.org\",\"@graph\":[{\"@type\":\"Article\",\"@id\":\"https:\\\/\\\/parroquiasanagustin.org\\\/index.php\\\/2024\\\/10\\\/02\\\/jornada-mundial-de-las-misiones\\\/#article\",\"isPartOf\":{\"@id\":\"https:\\\/\\\/parroquiasanagustin.org\\\/index.php\\\/2024\\\/10\\\/02\\\/jornada-mundial-de-las-misiones\\\/\"},\"author\":{\"name\":\"admin\",\"@id\":\"https:\\\/\\\/parroquiasanagustin.org\\\/#\\\/schema\\\/person\\\/847433f46674263837c7be221cfa5120\"},\"headline\":\"Jornada Mundial de las Misiones\",\"datePublished\":\"2024-10-02T10:39:50+00:00\",\"dateModified\":\"2024-11-05T21:10:50+00:00\",\"mainEntityOfPage\":{\"@id\":\"https:\\\/\\\/parroquiasanagustin.org\\\/index.php\\\/2024\\\/10\\\/02\\\/jornada-mundial-de-las-misiones\\\/\"},\"wordCount\":125,\"publisher\":{\"@id\":\"https:\\\/\\\/parroquiasanagustin.org\\\/#organization\"},\"image\":{\"@id\":\"https:\\\/\\\/parroquiasanagustin.org\\\/index.php\\\/2024\\\/10\\\/02\\\/jornada-mundial-de-las-misiones\\\/#primaryimage\"},\"thumbnailUrl\":\"https:\\\/\\\/parroquiasanagustin.org\\\/wp-content\\\/uploads\\\/2024\\\/10\\\/CartelDOMUND2024-scaled.jpg\",\"keywords\":[\"domingo\",\"domund\",\"jornada\"],\"articleSection\":[\"Anteriores\",\"Di\u00f3cesis\"],\"inLanguage\":\"es\"},{\"@type\":\"WebPage\",\"@id\":\"https:\\\/\\\/parroquiasanagustin.org\\\/index.php\\\/2024\\\/10\\\/02\\\/jornada-mundial-de-las-misiones\\\/\",\"url\":\"https:\\\/\\\/parroquiasanagustin.org\\\/index.php\\\/2024\\\/10\\\/02\\\/jornada-mundial-de-las-misiones\\\/\",\"name\":\"Jornada Mundial de las Misiones - Parroquia Matriz de San Agust\u00edn\",\"isPartOf\":{\"@id\":\"https:\\\/\\\/parroquiasanagustin.org\\\/#website\"},\"primaryImageOfPage\":{\"@id\":\"https:\\\/\\\/parroquiasanagustin.org\\\/index.php\\\/2024\\\/10\\\/02\\\/jornada-mundial-de-las-misiones\\\/#primaryimage\"},\"image\":{\"@id\":\"https:\\\/\\\/parroquiasanagustin.org\\\/index.php\\\/2024\\\/10\\\/02\\\/jornada-mundial-de-las-misiones\\\/#primaryimage\"},\"thumbnailUrl\":\"https:\\\/\\\/parroquiasanagustin.org\\\/wp-content\\\/uploads\\\/2024\\\/10\\\/CartelDOMUND2024-scaled.jpg\",\"datePublished\":\"2024-10-02T10:39:50+00:00\",\"dateModified\":\"2024-11-05T21:10:50+00:00\",\"breadcrumb\":{\"@id\":\"https:\\\/\\\/parroquiasanagustin.org\\\/index.php\\\/2024\\\/10\\\/02\\\/jornada-mundial-de-las-misiones\\\/#breadcrumb\"},\"inLanguage\":\"es\",\"potentialAction\":[{\"@type\":\"ReadAction\",\"target\":[\"https:\\\/\\\/parroquiasanagustin.org\\\/index.php\\\/2024\\\/10\\\/02\\\/jornada-mundial-de-las-misiones\\\/\"]}]},{\"@type\":\"ImageObject\",\"inLanguage\":\"es\",\"@id\":\"https:\\\/\\\/parroquiasanagustin.org\\\/index.php\\\/2024\\\/10\\\/02\\\/jornada-mundial-de-las-misiones\\\/#primaryimage\",\"url\":\"https:\\\/\\\/parroquiasanagustin.org\\\/wp-content\\\/uploads\\\/2024\\\/10\\\/CartelDOMUND2024-scaled.jpg\",\"contentUrl\":\"https:\\\/\\\/parroquiasanagustin.org\\\/wp-content\\\/uploads\\\/2024\\\/10\\\/CartelDOMUND2024-scaled.jpg\",\"width\":1810,\"height\":2560},{\"@type\":\"BreadcrumbList\",\"@id\":\"https:\\\/\\\/parroquiasanagustin.org\\\/index.php\\\/2024\\\/10\\\/02\\\/jornada-mundial-de-las-misiones\\\/#breadcrumb\",\"itemListElement\":[{\"@type\":\"ListItem\",\"position\":1,\"name\":\"Portada\",\"item\":\"https:\\\/\\\/parroquiasanagustin.org\\\/\"},{\"@type\":\"ListItem\",\"position\":2,\"name\":\"Jornada Mundial de las Misiones\"}]},{\"@type\":\"WebSite\",\"@id\":\"https:\\\/\\\/parroquiasanagustin.org\\\/#website\",\"url\":\"https:\\\/\\\/parroquiasanagustin.org\\\/\",\"name\":\"Parroquia Matriz de San Agust\u00edn\",\"description\":\"Iglesia de San Agust\u00edn y Santuario de Santa Rita, Vegueta, Las Palmas de Gran Canaria\",\"publisher\":{\"@id\":\"https:\\\/\\\/parroquiasanagustin.org\\\/#organization\"},\"potentialAction\":[{\"@type\":\"SearchAction\",\"target\":{\"@type\":\"EntryPoint\",\"urlTemplate\":\"https:\\\/\\\/parroquiasanagustin.org\\\/?s={search_term_string}\"},\"query-input\":{\"@type\":\"PropertyValueSpecification\",\"valueRequired\":true,\"valueName\":\"search_term_string\"}}],\"inLanguage\":\"es\"},{\"@type\":\"Organization\",\"@id\":\"https:\\\/\\\/parroquiasanagustin.org\\\/#organization\",\"name\":\"Parroquia Matriz de San Agust\u00edn\",\"url\":\"https:\\\/\\\/parroquiasanagustin.org\\\/\",\"logo\":{\"@type\":\"ImageObject\",\"inLanguage\":\"es\",\"@id\":\"https:\\\/\\\/parroquiasanagustin.org\\\/#\\\/schema\\\/logo\\\/image\\\/\",\"url\":\"https:\\\/\\\/parroquiasanagustin.org\\\/wp-content\\\/uploads\\\/2020\\\/03\\\/iglesiaicono.jpg\",\"contentUrl\":\"https:\\\/\\\/parroquiasanagustin.org\\\/wp-content\\\/uploads\\\/2020\\\/03\\\/iglesiaicono.jpg\",\"width\":567,\"height\":567,\"caption\":\"Parroquia Matriz de San Agust\u00edn\"},\"image\":{\"@id\":\"https:\\\/\\\/parroquiasanagustin.org\\\/#\\\/schema\\\/logo\\\/image\\\/\"}},{\"@type\":\"Person\",\"@id\":\"https:\\\/\\\/parroquiasanagustin.org\\\/#\\\/schema\\\/person\\\/847433f46674263837c7be221cfa5120\",\"name\":\"admin\",\"image\":{\"@type\":\"ImageObject\",\"inLanguage\":\"es\",\"@id\":\"https:\\\/\\\/secure.gravatar.com\\\/avatar\\\/07d4512f723a9a3b729f475206dd5edd698d449d5c20abe9a12060d2ff1e0807?s=96&d=mm&r=g\",\"url\":\"https:\\\/\\\/secure.gravatar.com\\\/avatar\\\/07d4512f723a9a3b729f475206dd5edd698d449d5c20abe9a12060d2ff1e0807?s=96&d=mm&r=g\",\"contentUrl\":\"https:\\\/\\\/secure.gravatar.com\\\/avatar\\\/07d4512f723a9a3b729f475206dd5edd698d449d5c20abe9a12060d2ff1e0807?s=96&d=mm&r=g\",\"caption\":\"admin\"},\"url\":\"https:\\\/\\\/parroquiasanagustin.org\\\/index.php\\\/author\\\/admin\\\/\"}]}<\/script>\n<!-- \/ Yoast SEO plugin. -->","yoast_head_json":{"title":"Jornada Mundial de las Misiones - Parroquia Matriz de San Agust\u00edn","robots":{"index":"index","follow":"follow","max-snippet":"max-snippet:-1","max-image-preview":"max-image-preview:large","max-video-preview":"max-video-preview:-1"},"canonical":"https:\/\/parroquiasanagustin.org\/index.php\/2024\/10\/02\/jornada-mundial-de-las-misiones\/","og_locale":"es_ES","og_type":"article","og_title":"Jornada Mundial de las Misiones - Parroquia Matriz de San Agust\u00edn","og_description":"El Domund es el d\u00eda en que, de un modo especial, la Iglesia universal reza por los misioneros y colabora con las misiones. Se celebra en todo el mundo el pen\u00faltimo domingo de octubre, el \u201cmes de las misiones\u201d. Hay 1.126 territorios de misi\u00f3n, que representan un tercio de las di\u00f3cesis del mundo. En ellos, se encuentran el 44% de las escuelas de la Iglesia Cat\u00f3lica y el 30% de sus instituciones sociales (hospitales, orfanatos, residencias\u2026) Con los donativos del Domund, Obras Misionales Pontificias ayuda cada a\u00f1o a todos y cada uno de los Territorios de Misi\u00f3n en nombre del Papa. M\u00e1s informaci\u00f3n en Domund &#8211; 20 octubre 2024 &#8211; Tu donativo es importante &#8211; OPM","og_url":"https:\/\/parroquiasanagustin.org\/index.php\/2024\/10\/02\/jornada-mundial-de-las-misiones\/","og_site_name":"Parroquia Matriz de San Agust\u00edn","article_published_time":"2024-10-02T10:39:50+00:00","article_modified_time":"2024-11-05T21:10:50+00:00","og_image":[{"width":1810,"height":2560,"url":"https:\/\/parroquiasanagustin.org\/wp-content\/uploads\/2024\/10\/CartelDOMUND2024-scaled.jpg","type":"image\/jpeg"}],"author":"admin","twitter_card":"summary_large_image","twitter_misc":{"Escrito por":"admin","Tiempo de lectura":"1 minuto"},"schema":{"@context":"https:\/\/schema.org","@graph":[{"@type":"Article","@id":"https:\/\/parroquiasanagustin.org\/index.php\/2024\/10\/02\/jornada-mundial-de-las-misiones\/#article","isPartOf":{"@id":"https:\/\/parroquiasanagustin.org\/index.php\/2024\/10\/02\/jornada-mundial-de-las-misiones\/"},"author":{"name":"admin","@id":"https:\/\/parroquiasanagustin.org\/#\/schema\/person\/847433f46674263837c7be221cfa5120"},"headline":"Jornada Mundial de las Misiones","datePublished":"2024-10-02T10:39:50+00:00","dateModified":"2024-11-05T21:10:50+00:00","mainEntityOfPage":{"@id":"https:\/\/parroquiasanagustin.org\/index.php\/2024\/10\/02\/jornada-mundial-de-las-misiones\/"},"wordCount":125,"publisher":{"@id":"https:\/\/parroquiasanagustin.org\/#organization"},"image":{"@id":"https:\/\/parroquiasanagustin.org\/index.php\/2024\/10\/02\/jornada-mundial-de-las-misiones\/#primaryimage"},"thumbnailUrl":"https:\/\/parroquiasanagustin.org\/wp-content\/uploads\/2024\/10\/CartelDOMUND2024-scaled.jpg","keywords":["domingo","domund","jornada"],"articleSection":["Anteriores","Di\u00f3cesis"],"inLanguage":"es"},{"@type":"WebPage","@id":"https:\/\/parroquiasanagustin.org\/index.php\/2024\/10\/02\/jornada-mundial-de-las-misiones\/","url":"https:\/\/parroquiasanagustin.org\/index.php\/2024\/10\/02\/jornada-mundial-de-las-misiones\/","name":"Jornada Mundial de las Misiones - Parroquia Matriz de San Agust\u00edn","isPartOf":{"@id":"https:\/\/parroquiasanagustin.org\/#website"},"primaryImageOfPage":{"@id":"https:\/\/parroquiasanagustin.org\/index.php\/2024\/10\/02\/jornada-mundial-de-las-misiones\/#primaryimage"},"image":{"@id":"https:\/\/parroquiasanagustin.org\/index.php\/2024\/10\/02\/jornada-mundial-de-las-misiones\/#primaryimage"},"thumbnailUrl":"https:\/\/parroquiasanagustin.org\/wp-content\/uploads\/2024\/10\/CartelDOMUND2024-scaled.jpg","datePublished":"2024-10-02T10:39:50+00:00","dateModified":"2024-11-05T21:10:50+00:00","breadcrumb":{"@id":"https:\/\/parroquiasanagustin.org\/index.php\/2024\/10\/02\/jornada-mundial-de-las-misiones\/#breadcrumb"},"inLanguage":"es","potentialAction":[{"@type":"ReadAction","target":["https:\/\/parroquiasanagustin.org\/index.php\/2024\/10\/02\/jornada-mundial-de-las-misiones\/"]}]},{"@type":"ImageObject","inLanguage":"es","@id":"https:\/\/parroquiasanagustin.org\/index.php\/2024\/10\/02\/jornada-mundial-de-las-misiones\/#primaryimage","url":"https:\/\/parroquiasanagustin.org\/wp-content\/uploads\/2024\/10\/CartelDOMUND2024-scaled.jpg","contentUrl":"https:\/\/parroquiasanagustin.org\/wp-content\/uploads\/2024\/10\/CartelDOMUND2024-scaled.jpg","width":1810,"height":2560},{"@type":"BreadcrumbList","@id":"https:\/\/parroquiasanagustin.org\/index.php\/2024\/10\/02\/jornada-mundial-de-las-misiones\/#breadcrumb","itemListElement":[{"@type":"ListItem","position":1,"name":"Portada","item":"https:\/\/parroquiasanagustin.org\/"},{"@type":"ListItem","position":2,"name":"Jornada Mundial de las Misiones"}]},{"@type":"WebSite","@id":"https:\/\/parroquiasanagustin.org\/#website","url":"https:\/\/parroquiasanagustin.org\/","name":"Parroquia Matriz de San Agust\u00edn","description":"Iglesia de San Agust\u00edn y Santuario de Santa Rita, Vegueta, Las Palmas de Gran Canaria","publisher":{"@id":"https:\/\/parroquiasanagustin.org\/#organization"},"potentialAction":[{"@type":"SearchAction","target":{"@type":"EntryPoint","urlTemplate":"https:\/\/parroquiasanagustin.org\/?s={search_term_string}"},"query-input":{"@type":"PropertyValueSpecification","valueRequired":true,"valueName":"search_term_string"}}],"inLanguage":"es"},{"@type":"Organization","@id":"https:\/\/parroquiasanagustin.org\/#organization","name":"Parroquia Matriz de San Agust\u00edn","url":"https:\/\/parroquiasanagustin.org\/","logo":{"@type":"ImageObject","inLanguage":"es","@id":"https:\/\/parroquiasanagustin.org\/#\/schema\/logo\/image\/","url":"https:\/\/parroquiasanagustin.org\/wp-content\/uploads\/2020\/03\/iglesiaicono.jpg","contentUrl":"https:\/\/parroquiasanagustin.org\/wp-content\/uploads\/2020\/03\/iglesiaicono.jpg","width":567,"height":567,"caption":"Parroquia Matriz de San Agust\u00edn"},"image":{"@id":"https:\/\/parroquiasanagustin.org\/#\/schema\/logo\/image\/"}},{"@type":"Person","@id":"https:\/\/parroquiasanagustin.org\/#\/schema\/person\/847433f46674263837c7be221cfa5120","name":"admin","image":{"@type":"ImageObject","inLanguage":"es","@id":"https:\/\/secure.gravatar.com\/avatar\/07d4512f723a9a3b729f475206dd5edd698d449d5c20abe9a12060d2ff1e0807?s=96&d=mm&r=g","url":"https:\/\/secure.gravatar.com\/avatar\/07d4512f723a9a3b729f475206dd5edd698d449d5c20abe9a12060d2ff1e0807?s=96&d=mm&r=g","contentUrl":"https:\/\/secure.gravatar.com\/avatar\/07d4512f723a9a3b729f475206dd5edd698d449d5c20abe9a12060d2ff1e0807?s=96&d=mm&r=g","caption":"admin"},"url":"https:\/\/parroquiasanagustin.org\/index.php\/author\/admin\/"}]}},"_links":{"self":[{"href":"https:\/\/parroquiasanagustin.org\/index.php\/wp-json\/wp\/v2\/posts\/7108","targetHints":{"allow":["GET"]}}],"collection":[{"href":"https:\/\/parroquiasanagustin.org\/index.php\/wp-json\/wp\/v2\/posts"}],"about":[{"href":"https:\/\/parroquiasanagustin.org\/index.php\/wp-json\/wp\/v2\/types\/post"}],"author":[{"embeddable":true,"href":"https:\/\/parroquiasanagustin.org\/index.php\/wp-json\/wp\/v2\/users\/2"}],"replies":[{"embeddable":true,"href":"https:\/\/parroquiasanagustin.org\/index.php\/wp-json\/wp\/v2\/comments?post=7108"}],"version-history":[{"count":2,"href":"https:\/\/parroquiasanagustin.org\/index.php\/wp-json\/wp\/v2\/posts\/7108\/revisions"}],"predecessor-version":[{"id":7112,"href":"https:\/\/parroquiasanagustin.org\/index.php\/wp-json\/wp\/v2\/posts\/7108\/revisions\/7112"}],"wp:featuredmedia":[{"embeddable":true,"href":"https:\/\/parroquiasanagustin.org\/index.php\/wp-json\/wp\/v2\/media\/7109"}],"wp:attachment":[{"href":"https:\/\/parroquiasanagustin.org\/index.php\/wp-json\/wp\/v2\/media?parent=7108"}],"wp:term":[{"taxonomy":"category","embeddable":true,"href":"https:\/\/parroquiasanagustin.org\/index.php\/wp-json\/wp\/v2\/categories?post=7108"},{"taxonomy":"post_tag","embeddable":true,"href":"https:\/\/parroquiasanagustin.org\/index.php\/wp-json\/wp\/v2\/tags?post=7108"}],"curies":[{"name":"wp","href":"https:\/\/api.w.org\/{rel}","templated":true}]}}