{"id":6895,"date":"2024-06-25T16:40:30","date_gmt":"2024-06-25T16:40:30","guid":{"rendered":"https:\/\/parroquiasanagustin.org\/?p=6895"},"modified":"2024-09-20T16:56:57","modified_gmt":"2024-09-20T16:56:57","slug":"jornada-de-responsabilidad-en-el-trafico-2","status":"publish","type":"post","link":"https:\/\/parroquiasanagustin.org\/index.php\/2024\/06\/25\/jornada-de-responsabilidad-en-el-trafico-2\/","title":{"rendered":"Jornada de responsabilidad en el tr\u00e1fico"},"content":{"rendered":"<p><a href=\"https:\/\/parroquiasanagustin.org\/?attachment_id=6896\"><img fetchpriority=\"high\" decoding=\"async\" class=\"wp-image-6896 alignright\" src=\"https:\/\/parroquiasanagustin.org\/wp-content\/uploads\/2024\/06\/Jornada-responsabilidad-en--212x300.jpg\" alt=\"\" width=\"300\" height=\"425\" srcset=\"https:\/\/parroquiasanagustin.org\/wp-content\/uploads\/2024\/06\/Jornada-responsabilidad-en--212x300.jpg 212w, https:\/\/parroquiasanagustin.org\/wp-content\/uploads\/2024\/06\/Jornada-responsabilidad-en--724x1024.jpg 724w, https:\/\/parroquiasanagustin.org\/wp-content\/uploads\/2024\/06\/Jornada-responsabilidad-en--768x1087.jpg 768w, https:\/\/parroquiasanagustin.org\/wp-content\/uploads\/2024\/06\/Jornada-responsabilidad-en--1086x1536.jpg 1086w, https:\/\/parroquiasanagustin.org\/wp-content\/uploads\/2024\/06\/Jornada-responsabilidad-en-.jpg 1200w\" sizes=\"(max-width: 300px) 100vw, 300px\" \/><\/a>La Iglesia celebra el&nbsp;<strong>primer domingo de julio<\/strong>, este a\u00f1o el&nbsp;<strong>d\u00eda 7<\/strong>, la&nbsp;<strong>Jornada de responsabilidad en el tr\u00e1fico<\/strong>&nbsp;2024. Una fecha que coincide con el inicio de los desplazamientos masivos por las vacaciones de verano y pr\u00f3xima a la festividad del patr\u00f3n de los conductores y transportistas, San Crist\u00f3bal, que se celebra el 10 de julio.<\/p>\n<p>El&nbsp;<strong><a href=\"https:\/\/social.conferenciaepiscopal.es\/pastoral-de-la-carretera\/\" target=\"_blank\" rel=\"noreferrer noopener\">departamento de Pastoral de la carretera<\/a><\/strong>, dentro de la&nbsp;<a href=\"https:\/\/www.conferenciaepiscopal.es\/comisiones\/pastoral-social-y-promocion-humana\/migraciones-y-movilidad-humana\/\" target=\"_blank\" rel=\"noreferrer noopener\">Subcomisi\u00f3n Episcopal para las Migraciones y Movilidad humana<\/a>, es el encargado de promover esta Jornada que este a\u00f1o se celebra con el<strong>&nbsp;lema,<\/strong>&nbsp;<strong>\u00abYo soy el camino y la verdad y la vida\u00bb (Jn 14,6).&nbsp;<\/strong>Entre los materiales para su difusi\u00f3n, se incorpora este a\u00f1o un&nbsp;<a href=\"https:\/\/www.conferenciaepiscopal.es\/wp-content\/uploads\/2024\/06\/Jornada-responsabilidad-en-el-trafico-2024-triptico.pdf\">tr\u00edptico<\/a>&nbsp;con toda la informaci\u00f3n sobre este departamento.<\/p>\n<h3 class=\"wp-block-heading\">\u00bfCu\u00e1l es el mensaje de los obispos?<\/h3>\n<div class=\"wp-block-spacer\" aria-hidden=\"true\">&nbsp;<\/div>\n<p>Los obispos de la Subcomisi\u00f3n Episcopal para las Migraciones y Movilidad humana firman el mensaje para esta Jornada, que dirigen a todos los que de alguna manera est\u00e1n relacionados con la movilidad humana y la seguridad vial.<\/p>\n<div class=\"wp-block-spacer\" aria-hidden=\"true\">&nbsp;<\/div>\n<p><strong>\u00abYo soy el camino y la verdad y la vida\u00bb (Jn 14,6), lema de la Jornada<\/strong><\/p>\n<div class=\"wp-block-spacer\" aria-hidden=\"true\">&nbsp;<\/div>\n<p>Los obispos explican que las palabras del evangelista san Juan que se han elegido como lema de este a\u00f1o,&nbsp;<strong>\u201cYo soy el camino y la verdad y la vida\u201d, fueron las que pronunci\u00f3 Jes\u00fas en su discurso de despedida de los disc\u00edpulos<\/strong>. Unas palabras que desglosan para indicar algunos comportamientos al volante.<\/p>\n<p><strong>\u201cYo soy el camino\u201d,<\/strong>&nbsp;explican,&nbsp;<strong>significa que caminar con Jes\u00fas obliga a \u201cser buen conductor<\/strong>,&nbsp;<strong>responsable<\/strong>, cumplidor de las normas de tr\u00e1fico y respetuoso con los dem\u00e1s conductores\u201d, a \u201c<strong>no pasar de largo ante una necesidad de mi pr\u00f3jimo<\/strong>\u201d y \u201c<strong>hacer agradable el viaje&nbsp;<\/strong>de los que comparten el veh\u00edculo conmigo\u201d.<\/p>\n<p><strong>\u201cYo soy la verdad\u201d implica sinceridad \u201ccuando se trata de averiguar qui\u00e9n y c\u00f3mo se produjo el siniestro<\/strong>. En casos as\u00ed, donde parece que la verdad o la mentira tienen el mismo valor, no podemos olvidar las palabras de Jes\u00fas:<strong>&nbsp;\u00abLa verdad os har\u00e1 libres\u00bb (Jn 8,32)<\/strong>\u00ab.<\/p>\n<p><strong>\u201cYo soy la vida\u201d<\/strong>&nbsp;recuerda que \u201c<strong>cuando conduces un veh\u00edculo<\/strong>, solo o en compa\u00f1\u00eda,&nbsp;<strong>no puedes olvidar<\/strong>, en ning\u00fan momento,&nbsp;<strong>la grave responsabilidad que asumes de velar por tu vida y la de los dem\u00e1s\u201d.<\/strong><\/p>\n<div class=\"wp-block-spacer\" aria-hidden=\"true\">&nbsp;<\/div>\n<p><strong>Cuidar la vida<\/strong><\/p>\n<div class=\"wp-block-spacer\" aria-hidden=\"true\">&nbsp;<\/div>\n<p>Los obispos expresan su&nbsp;<strong>inquietud ante el aumento de los siniestros viales y los muertos en carretera, aunque \u201cmantenemos la firme esperanza de siniestros viales, cero\u201d<\/strong>.&nbsp;<strong>Porque \u201cno hay dinero suficiente para comprar una sola vida. Somos \u00fanicos e irrepetibles\u201d. &nbsp;<\/strong><\/p>\n<p>Amar y respetar la vida propia y ajena, para un conductor, \u201cequivale a permanecer atento a la conducci\u00f3n, respetando en todo momento las normas de tr\u00e1fico\u201d y quiere decir&nbsp;<strong>\u201cconducir bien y en las debidas condiciones y responsabilidad sin ser un peligro para nadie\u201d.<\/strong><\/p>\n<p>En este sentido, advierten sobre la&nbsp;<strong>importancia de usar el cintur\u00f3n de seguridad, de no conducir bajo los efectos del alcohol y de las drogas, de correr a la velocidad justa o sobre el uso indebido del m\u00f3vil.<\/strong>&nbsp;\u00abAmar la propia vida y la de los dem\u00e1s -puntualizan- me obliga a&nbsp;<strong>no jug\u00e1rmela sencillamente por usar el m\u00f3vil indebida e irresponsablemente mientras se conduce,&nbsp;<\/strong>como desgraciadamente sucede con relativa frecuencia.&nbsp;<strong>Todo puede esperar&nbsp;<\/strong>y el conductor debe ser consciente de la grave responsabilidad que lleva entre sus manos: cuidar y respetar su vida y la de los dem\u00e1s teniendo siempre presente que \u00aben \u00e9l vivimos, nos movemos y existimos\u00bb (Hch 18,28)\u00bb.<\/p>\n<p>Del veh\u00edculo se puede abusar, pero tambi\u00e9n \u201ces un medio que se puede utilizar de modo prudente y \u00e9tico para la convivencia, el trabajo, la solidaridad y el servicio a los dem\u00e1s\u201d. De hecho, recuerdan y<strong>&nbsp;agradecen el servicio que prestan por el bien com\u00fan \u201cveh\u00edculos que son ellos mismos los instrumentos del trabajo: cami\u00f3n, autocar, taxi, o ambulancia\u201d. &nbsp;<\/strong><\/p>\n<p>Tambi\u00e9n tienen unas palabras para la<strong>&nbsp;\u201cmucha gente buena\u201d que \u201cdiariamente se esfuerza como conductores o peatones por hacer las cosas bien,&nbsp;<\/strong>cumpliendo las normas de tr\u00e1fico con responsabilidad y cuidando de la seguridad vial, que es tanto como decir: salvando vidas\u201d.<\/p>\n<p>Los obispos concluyen su mensaje compartiendo las palabras de Jes\u00fas: \u201c\u00abOs he hablado de esto para que mi alegr\u00eda est\u00e9 en vosotros, y vuestra alegr\u00eda llegue a plenitud.&nbsp;<strong>Este es mi mandamiento: que os am\u00e9is unos a otros como yo os he amado\u00bb (Jn 15,11-12), tambi\u00e9n cuando se conduce un veh\u00edculo.<\/strong>&nbsp;Que santa Mar\u00eda de la Prudencia y san Crist\u00f3bal nos protejan y acompa\u00f1en en todos nuestros desplazamientos\u201d.<\/p>\n<p><a href=\"https:\/\/www.conferenciaepiscopal.es\/jornada-responsabilidad-en-el-trafico-2024\/\">Materiales de la Jornada de responsabilidad en el tr\u00e1fico 2024 &#8211; Conferencia Episcopal Espa\u00f1ola<\/a><\/p>\n","protected":false},"excerpt":{"rendered":"<p>La Iglesia celebra el&nbsp;primer domingo de julio, este a\u00f1o el&nbsp;d\u00eda 7, la&nbsp;Jornada de responsabilidad en el tr\u00e1fico&nbsp;2024. Una fecha que coincide con el inicio de los desplazamientos masivos por las vacaciones de verano y pr\u00f3xima a la festividad del patr\u00f3n de los conductores y transportistas, San Crist\u00f3bal, que se celebra el 10 de julio. El&nbsp;departamento de Pastoral de la carretera, dentro de la&nbsp;Subcomisi\u00f3n Episcopal para las Migraciones y Movilidad humana, es el encargado de promover esta Jornada que este a\u00f1o se celebra con el&nbsp;lema,&nbsp;\u00abYo soy el camino y la verdad y la vida\u00bb (Jn 14,6).&nbsp;Entre los materiales para su difusi\u00f3n, se incorpora este a\u00f1o un&nbsp;tr\u00edptico&nbsp;con toda la informaci\u00f3n sobre este departamento. \u00bfCu\u00e1l es el mensaje de los obispos? &nbsp; Los obispos de la Subcomisi\u00f3n Episcopal para las Migraciones y Movilidad humana firman el mensaje para esta Jornada, que dirigen a todos los que de alguna manera est\u00e1n relacionados con la movilidad humana y la seguridad vial. &nbsp; \u00abYo soy el camino y la verdad y la vida\u00bb (Jn 14,6), lema de la Jornada &nbsp; Los obispos explican que las palabras del evangelista san Juan que se han elegido como lema de este a\u00f1o,&nbsp;\u201cYo soy el camino y la verdad y la vida\u201d, fueron las que pronunci\u00f3 Jes\u00fas en su discurso de despedida de los disc\u00edpulos. Unas palabras que desglosan para indicar algunos comportamientos al volante. \u201cYo soy el camino\u201d,&nbsp;explican,&nbsp;significa que caminar con Jes\u00fas obliga a \u201cser buen conductor,&nbsp;responsable, cumplidor de las normas de tr\u00e1fico y respetuoso con los dem\u00e1s conductores\u201d, a \u201cno pasar de largo ante una necesidad de mi pr\u00f3jimo\u201d y \u201chacer agradable el viaje&nbsp;de los que comparten el veh\u00edculo conmigo\u201d. \u201cYo soy la verdad\u201d implica sinceridad \u201ccuando se trata de averiguar qui\u00e9n y c\u00f3mo se produjo el siniestro. En casos as\u00ed, donde parece que la verdad o la mentira tienen el mismo valor, no podemos olvidar las palabras de Jes\u00fas:&nbsp;\u00abLa verdad os har\u00e1 libres\u00bb (Jn 8,32)\u00ab. \u201cYo soy la vida\u201d&nbsp;recuerda que \u201ccuando conduces un veh\u00edculo, solo o en compa\u00f1\u00eda,&nbsp;no puedes olvidar, en ning\u00fan momento,&nbsp;la grave responsabilidad que asumes de velar por tu vida y la de los dem\u00e1s\u201d. &nbsp; Cuidar la vida &nbsp; Los obispos expresan su&nbsp;inquietud ante el aumento de los siniestros viales y los muertos en carretera, aunque \u201cmantenemos la firme esperanza de siniestros viales, cero\u201d.&nbsp;Porque \u201cno hay dinero suficiente para comprar una sola vida. Somos \u00fanicos e irrepetibles\u201d. &nbsp; Amar y respetar la vida propia y ajena, para un conductor, \u201cequivale a permanecer atento a la conducci\u00f3n, respetando en todo momento las normas de tr\u00e1fico\u201d y quiere decir&nbsp;\u201cconducir bien y en las debidas condiciones y responsabilidad sin ser un peligro para nadie\u201d. En este sentido, advierten sobre la&nbsp;importancia de usar el cintur\u00f3n de seguridad, de no conducir bajo los efectos del alcohol y de las drogas, de correr a la velocidad justa o sobre el uso indebido del m\u00f3vil.&nbsp;\u00abAmar la propia vida y la de los dem\u00e1s -puntualizan- me obliga a&nbsp;no jug\u00e1rmela sencillamente por usar el m\u00f3vil indebida e irresponsablemente mientras se conduce,&nbsp;como desgraciadamente sucede con relativa frecuencia.&nbsp;Todo puede esperar&nbsp;y el conductor debe ser consciente de la grave responsabilidad que lleva entre sus manos: cuidar y respetar su vida y la de los dem\u00e1s teniendo siempre presente que \u00aben \u00e9l vivimos, nos movemos y existimos\u00bb (Hch 18,28)\u00bb. Del veh\u00edculo se puede abusar, pero tambi\u00e9n \u201ces un medio que se puede utilizar de modo prudente y \u00e9tico para la convivencia, el trabajo, la solidaridad y el servicio a los dem\u00e1s\u201d. De hecho, recuerdan y&nbsp;agradecen el servicio que prestan por el bien com\u00fan \u201cveh\u00edculos que son ellos mismos los instrumentos del trabajo: cami\u00f3n, autocar, taxi, o ambulancia\u201d. &nbsp; Tambi\u00e9n tienen unas palabras para la&nbsp;\u201cmucha gente buena\u201d que \u201cdiariamente se esfuerza como conductores o peatones por hacer las cosas bien,&nbsp;cumpliendo las normas de tr\u00e1fico con responsabilidad y cuidando de la seguridad vial, que es tanto como decir: salvando vidas\u201d. Los obispos concluyen su mensaje compartiendo las palabras de Jes\u00fas: \u201c\u00abOs he hablado de esto para que mi alegr\u00eda est\u00e9 en vosotros, y vuestra alegr\u00eda llegue a plenitud.&nbsp;Este es mi mandamiento: que os am\u00e9is unos a otros como yo os he amado\u00bb (Jn 15,11-12), tambi\u00e9n cuando se conduce un veh\u00edculo.&nbsp;Que santa Mar\u00eda de la Prudencia y san Crist\u00f3bal nos protejan y acompa\u00f1en en todos nuestros desplazamientos\u201d. Materiales de la Jornada de responsabilidad en el tr\u00e1fico 2024 &#8211; Conferencia Episcopal Espa\u00f1ola<\/p>\n","protected":false},"author":2,"featured_media":6896,"comment_status":"closed","ping_status":"closed","sticky":false,"template":"","format":"standard","meta":{"ocean_front_end_style_editor":"no","ocean_post_layout":"","ocean_both_sidebars_style":"","ocean_both_sidebars_content_width":0,"ocean_both_sidebars_sidebars_width":0,"ocean_sidebar":"","ocean_second_sidebar":"","ocean_disable_margins":"enable","ocean_add_body_class":"","ocean_shortcode_before_top_bar":"","ocean_shortcode_after_top_bar":"","ocean_shortcode_before_header":"","ocean_shortcode_after_header":"","ocean_has_shortcode":"","ocean_shortcode_after_title":"","ocean_shortcode_before_footer_widgets":"","ocean_shortcode_after_footer_widgets":"","ocean_shortcode_before_footer_bottom":"","ocean_shortcode_after_footer_bottom":"","ocean_display_top_bar":"default","ocean_display_header":"default","ocean_header_style":"","ocean_center_header_left_menu":"","ocean_custom_header_template":"","ocean_custom_logo":0,"ocean_custom_retina_logo":0,"ocean_custom_logo_max_width":0,"ocean_custom_logo_tablet_max_width":0,"ocean_custom_logo_mobile_max_width":0,"ocean_custom_logo_max_height":0,"ocean_custom_logo_tablet_max_height":0,"ocean_custom_logo_mobile_max_height":0,"ocean_header_custom_menu":"","ocean_menu_typo_font_family":"","ocean_menu_typo_font_subset":"","ocean_menu_typo_font_size":0,"ocean_menu_typo_font_size_tablet":0,"ocean_menu_typo_font_size_mobile":0,"ocean_menu_typo_font_size_unit":"px","ocean_menu_typo_font_weight":"","ocean_menu_typo_font_weight_tablet":"","ocean_menu_typo_font_weight_mobile":"","ocean_menu_typo_transform":"","ocean_menu_typo_transform_tablet":"","ocean_menu_typo_transform_mobile":"","ocean_menu_typo_line_height":0,"ocean_menu_typo_line_height_tablet":0,"ocean_menu_typo_line_height_mobile":0,"ocean_menu_typo_line_height_unit":"","ocean_menu_typo_spacing":0,"ocean_menu_typo_spacing_tablet":0,"ocean_menu_typo_spacing_mobile":0,"ocean_menu_typo_spacing_unit":"","ocean_menu_link_color":"","ocean_menu_link_color_hover":"","ocean_menu_link_color_active":"","ocean_menu_link_background":"","ocean_menu_link_hover_background":"","ocean_menu_link_active_background":"","ocean_menu_social_links_bg":"","ocean_menu_social_hover_links_bg":"","ocean_menu_social_links_color":"","ocean_menu_social_hover_links_color":"","ocean_disable_title":"default","ocean_disable_heading":"default","ocean_post_title":"","ocean_post_subheading":"","ocean_post_title_style":"","ocean_post_title_background_color":"","ocean_post_title_background":0,"ocean_post_title_bg_image_position":"","ocean_post_title_bg_image_attachment":"","ocean_post_title_bg_image_repeat":"","ocean_post_title_bg_image_size":"","ocean_post_title_height":0,"ocean_post_title_bg_overlay":0.5,"ocean_post_title_bg_overlay_color":"","ocean_disable_breadcrumbs":"default","ocean_breadcrumbs_color":"","ocean_breadcrumbs_separator_color":"","ocean_breadcrumbs_links_color":"","ocean_breadcrumbs_links_hover_color":"","ocean_display_footer_widgets":"default","ocean_display_footer_bottom":"default","ocean_custom_footer_template":"","ocean_post_oembed":"","ocean_post_self_hosted_media":"","ocean_post_video_embed":"","ocean_link_format":"","ocean_link_format_target":"self","ocean_quote_format":"","ocean_quote_format_link":"post","ocean_gallery_link_images":"on","ocean_gallery_id":[],"footnotes":""},"categories":[138,62],"tags":[53,160],"class_list":["post-6895","post","type-post","status-publish","format-standard","has-post-thumbnail","hentry","category-anteriores","category-conferencia-episcopal","tag-jornada","tag-trafico","entry","has-media"],"yoast_head":"<!-- This site is optimized with the Yoast SEO plugin v28.3 - https:\/\/yoast.com\/product\/yoast-seo-wordpress\/ -->\n<title>Jornada de responsabilidad en el tr\u00e1fico - Parroquia Matriz de San Agust\u00edn<\/title>\n<meta name=\"robots\" content=\"index, follow, max-snippet:-1, max-image-preview:large, max-video-preview:-1\" \/>\n<link rel=\"canonical\" href=\"https:\/\/parroquiasanagustin.org\/index.php\/2024\/06\/25\/jornada-de-responsabilidad-en-el-trafico-2\/\" \/>\n<meta property=\"og:locale\" content=\"es_ES\" \/>\n<meta property=\"og:type\" content=\"article\" \/>\n<meta property=\"og:title\" content=\"Jornada de responsabilidad en el tr\u00e1fico - Parroquia Matriz de San Agust\u00edn\" \/>\n<meta property=\"og:description\" content=\"La Iglesia celebra el&nbsp;primer domingo de julio, este a\u00f1o el&nbsp;d\u00eda 7, la&nbsp;Jornada de responsabilidad en el tr\u00e1fico&nbsp;2024. Una fecha que coincide con el inicio de los desplazamientos masivos por las vacaciones de verano y pr\u00f3xima a la festividad del patr\u00f3n de los conductores y transportistas, San Crist\u00f3bal, que se celebra el 10 de julio. El&nbsp;departamento de Pastoral de la carretera, dentro de la&nbsp;Subcomisi\u00f3n Episcopal para las Migraciones y Movilidad humana, es el encargado de promover esta Jornada que este a\u00f1o se celebra con el&nbsp;lema,&nbsp;\u00abYo soy el camino y la verdad y la vida\u00bb (Jn 14,6).&nbsp;Entre los materiales para su difusi\u00f3n, se incorpora este a\u00f1o un&nbsp;tr\u00edptico&nbsp;con toda la informaci\u00f3n sobre este departamento. \u00bfCu\u00e1l es el mensaje de los obispos? &nbsp; Los obispos de la Subcomisi\u00f3n Episcopal para las Migraciones y Movilidad humana firman el mensaje para esta Jornada, que dirigen a todos los que de alguna manera est\u00e1n relacionados con la movilidad humana y la seguridad vial. &nbsp; \u00abYo soy el camino y la verdad y la vida\u00bb (Jn 14,6), lema de la Jornada &nbsp; Los obispos explican que las palabras del evangelista san Juan que se han elegido como lema de este a\u00f1o,&nbsp;\u201cYo soy el camino y la verdad y la vida\u201d, fueron las que pronunci\u00f3 Jes\u00fas en su discurso de despedida de los disc\u00edpulos. Unas palabras que desglosan para indicar algunos comportamientos al volante. \u201cYo soy el camino\u201d,&nbsp;explican,&nbsp;significa que caminar con Jes\u00fas obliga a \u201cser buen conductor,&nbsp;responsable, cumplidor de las normas de tr\u00e1fico y respetuoso con los dem\u00e1s conductores\u201d, a \u201cno pasar de largo ante una necesidad de mi pr\u00f3jimo\u201d y \u201chacer agradable el viaje&nbsp;de los que comparten el veh\u00edculo conmigo\u201d. \u201cYo soy la verdad\u201d implica sinceridad \u201ccuando se trata de averiguar qui\u00e9n y c\u00f3mo se produjo el siniestro. En casos as\u00ed, donde parece que la verdad o la mentira tienen el mismo valor, no podemos olvidar las palabras de Jes\u00fas:&nbsp;\u00abLa verdad os har\u00e1 libres\u00bb (Jn 8,32)\u00ab. \u201cYo soy la vida\u201d&nbsp;recuerda que \u201ccuando conduces un veh\u00edculo, solo o en compa\u00f1\u00eda,&nbsp;no puedes olvidar, en ning\u00fan momento,&nbsp;la grave responsabilidad que asumes de velar por tu vida y la de los dem\u00e1s\u201d. &nbsp; Cuidar la vida &nbsp; Los obispos expresan su&nbsp;inquietud ante el aumento de los siniestros viales y los muertos en carretera, aunque \u201cmantenemos la firme esperanza de siniestros viales, cero\u201d.&nbsp;Porque \u201cno hay dinero suficiente para comprar una sola vida. Somos \u00fanicos e irrepetibles\u201d. &nbsp; Amar y respetar la vida propia y ajena, para un conductor, \u201cequivale a permanecer atento a la conducci\u00f3n, respetando en todo momento las normas de tr\u00e1fico\u201d y quiere decir&nbsp;\u201cconducir bien y en las debidas condiciones y responsabilidad sin ser un peligro para nadie\u201d. En este sentido, advierten sobre la&nbsp;importancia de usar el cintur\u00f3n de seguridad, de no conducir bajo los efectos del alcohol y de las drogas, de correr a la velocidad justa o sobre el uso indebido del m\u00f3vil.&nbsp;\u00abAmar la propia vida y la de los dem\u00e1s -puntualizan- me obliga a&nbsp;no jug\u00e1rmela sencillamente por usar el m\u00f3vil indebida e irresponsablemente mientras se conduce,&nbsp;como desgraciadamente sucede con relativa frecuencia.&nbsp;Todo puede esperar&nbsp;y el conductor debe ser consciente de la grave responsabilidad que lleva entre sus manos: cuidar y respetar su vida y la de los dem\u00e1s teniendo siempre presente que \u00aben \u00e9l vivimos, nos movemos y existimos\u00bb (Hch 18,28)\u00bb. Del veh\u00edculo se puede abusar, pero tambi\u00e9n \u201ces un medio que se puede utilizar de modo prudente y \u00e9tico para la convivencia, el trabajo, la solidaridad y el servicio a los dem\u00e1s\u201d. De hecho, recuerdan y&nbsp;agradecen el servicio que prestan por el bien com\u00fan \u201cveh\u00edculos que son ellos mismos los instrumentos del trabajo: cami\u00f3n, autocar, taxi, o ambulancia\u201d. &nbsp; Tambi\u00e9n tienen unas palabras para la&nbsp;\u201cmucha gente buena\u201d que \u201cdiariamente se esfuerza como conductores o peatones por hacer las cosas bien,&nbsp;cumpliendo las normas de tr\u00e1fico con responsabilidad y cuidando de la seguridad vial, que es tanto como decir: salvando vidas\u201d. Los obispos concluyen su mensaje compartiendo las palabras de Jes\u00fas: \u201c\u00abOs he hablado de esto para que mi alegr\u00eda est\u00e9 en vosotros, y vuestra alegr\u00eda llegue a plenitud.&nbsp;Este es mi mandamiento: que os am\u00e9is unos a otros como yo os he amado\u00bb (Jn 15,11-12), tambi\u00e9n cuando se conduce un veh\u00edculo.&nbsp;Que santa Mar\u00eda de la Prudencia y san Crist\u00f3bal nos protejan y acompa\u00f1en en todos nuestros desplazamientos\u201d. Materiales de la Jornada de responsabilidad en el tr\u00e1fico 2024 &#8211; Conferencia Episcopal Espa\u00f1ola\" \/>\n<meta property=\"og:url\" content=\"https:\/\/parroquiasanagustin.org\/index.php\/2024\/06\/25\/jornada-de-responsabilidad-en-el-trafico-2\/\" \/>\n<meta property=\"og:site_name\" content=\"Parroquia Matriz de San Agust\u00edn\" \/>\n<meta property=\"article:published_time\" content=\"2024-06-25T16:40:30+00:00\" \/>\n<meta property=\"article:modified_time\" content=\"2024-09-20T16:56:57+00:00\" \/>\n<meta property=\"og:image\" content=\"https:\/\/parroquiasanagustin.org\/wp-content\/uploads\/2024\/06\/Jornada-responsabilidad-en-.jpg\" \/>\n\t<meta property=\"og:image:width\" content=\"1200\" \/>\n\t<meta property=\"og:image:height\" content=\"1698\" \/>\n\t<meta property=\"og:image:type\" content=\"image\/jpeg\" \/>\n<meta name=\"author\" content=\"admin\" \/>\n<meta name=\"twitter:card\" content=\"summary_large_image\" \/>\n<meta name=\"twitter:label1\" content=\"Escrito por\" \/>\n\t<meta name=\"twitter:data1\" content=\"admin\" \/>\n\t<meta name=\"twitter:label2\" content=\"Tiempo de lectura\" \/>\n\t<meta name=\"twitter:data2\" content=\"4 minutos\" \/>\n<script type=\"application\/ld+json\" class=\"yoast-schema-graph\">{\"@context\":\"https:\\\/\\\/schema.org\",\"@graph\":[{\"@type\":\"Article\",\"@id\":\"https:\\\/\\\/parroquiasanagustin.org\\\/index.php\\\/2024\\\/06\\\/25\\\/jornada-de-responsabilidad-en-el-trafico-2\\\/#article\",\"isPartOf\":{\"@id\":\"https:\\\/\\\/parroquiasanagustin.org\\\/index.php\\\/2024\\\/06\\\/25\\\/jornada-de-responsabilidad-en-el-trafico-2\\\/\"},\"author\":{\"name\":\"admin\",\"@id\":\"https:\\\/\\\/parroquiasanagustin.org\\\/#\\\/schema\\\/person\\\/847433f46674263837c7be221cfa5120\"},\"headline\":\"Jornada de responsabilidad en el tr\u00e1fico\",\"datePublished\":\"2024-06-25T16:40:30+00:00\",\"dateModified\":\"2024-09-20T16:56:57+00:00\",\"mainEntityOfPage\":{\"@id\":\"https:\\\/\\\/parroquiasanagustin.org\\\/index.php\\\/2024\\\/06\\\/25\\\/jornada-de-responsabilidad-en-el-trafico-2\\\/\"},\"wordCount\":845,\"publisher\":{\"@id\":\"https:\\\/\\\/parroquiasanagustin.org\\\/#organization\"},\"image\":{\"@id\":\"https:\\\/\\\/parroquiasanagustin.org\\\/index.php\\\/2024\\\/06\\\/25\\\/jornada-de-responsabilidad-en-el-trafico-2\\\/#primaryimage\"},\"thumbnailUrl\":\"https:\\\/\\\/parroquiasanagustin.org\\\/wp-content\\\/uploads\\\/2024\\\/06\\\/Jornada-responsabilidad-en-.jpg\",\"keywords\":[\"jornada\",\"tr\u00e1fico\"],\"articleSection\":[\"Anteriores\",\"Conferencia Episcopal\"],\"inLanguage\":\"es\"},{\"@type\":\"WebPage\",\"@id\":\"https:\\\/\\\/parroquiasanagustin.org\\\/index.php\\\/2024\\\/06\\\/25\\\/jornada-de-responsabilidad-en-el-trafico-2\\\/\",\"url\":\"https:\\\/\\\/parroquiasanagustin.org\\\/index.php\\\/2024\\\/06\\\/25\\\/jornada-de-responsabilidad-en-el-trafico-2\\\/\",\"name\":\"Jornada de responsabilidad en el tr\u00e1fico - Parroquia Matriz de San Agust\u00edn\",\"isPartOf\":{\"@id\":\"https:\\\/\\\/parroquiasanagustin.org\\\/#website\"},\"primaryImageOfPage\":{\"@id\":\"https:\\\/\\\/parroquiasanagustin.org\\\/index.php\\\/2024\\\/06\\\/25\\\/jornada-de-responsabilidad-en-el-trafico-2\\\/#primaryimage\"},\"image\":{\"@id\":\"https:\\\/\\\/parroquiasanagustin.org\\\/index.php\\\/2024\\\/06\\\/25\\\/jornada-de-responsabilidad-en-el-trafico-2\\\/#primaryimage\"},\"thumbnailUrl\":\"https:\\\/\\\/parroquiasanagustin.org\\\/wp-content\\\/uploads\\\/2024\\\/06\\\/Jornada-responsabilidad-en-.jpg\",\"datePublished\":\"2024-06-25T16:40:30+00:00\",\"dateModified\":\"2024-09-20T16:56:57+00:00\",\"breadcrumb\":{\"@id\":\"https:\\\/\\\/parroquiasanagustin.org\\\/index.php\\\/2024\\\/06\\\/25\\\/jornada-de-responsabilidad-en-el-trafico-2\\\/#breadcrumb\"},\"inLanguage\":\"es\",\"potentialAction\":[{\"@type\":\"ReadAction\",\"target\":[\"https:\\\/\\\/parroquiasanagustin.org\\\/index.php\\\/2024\\\/06\\\/25\\\/jornada-de-responsabilidad-en-el-trafico-2\\\/\"]}]},{\"@type\":\"ImageObject\",\"inLanguage\":\"es\",\"@id\":\"https:\\\/\\\/parroquiasanagustin.org\\\/index.php\\\/2024\\\/06\\\/25\\\/jornada-de-responsabilidad-en-el-trafico-2\\\/#primaryimage\",\"url\":\"https:\\\/\\\/parroquiasanagustin.org\\\/wp-content\\\/uploads\\\/2024\\\/06\\\/Jornada-responsabilidad-en-.jpg\",\"contentUrl\":\"https:\\\/\\\/parroquiasanagustin.org\\\/wp-content\\\/uploads\\\/2024\\\/06\\\/Jornada-responsabilidad-en-.jpg\",\"width\":1200,\"height\":1698},{\"@type\":\"BreadcrumbList\",\"@id\":\"https:\\\/\\\/parroquiasanagustin.org\\\/index.php\\\/2024\\\/06\\\/25\\\/jornada-de-responsabilidad-en-el-trafico-2\\\/#breadcrumb\",\"itemListElement\":[{\"@type\":\"ListItem\",\"position\":1,\"name\":\"Portada\",\"item\":\"https:\\\/\\\/parroquiasanagustin.org\\\/\"},{\"@type\":\"ListItem\",\"position\":2,\"name\":\"Jornada de responsabilidad en el tr\u00e1fico\"}]},{\"@type\":\"WebSite\",\"@id\":\"https:\\\/\\\/parroquiasanagustin.org\\\/#website\",\"url\":\"https:\\\/\\\/parroquiasanagustin.org\\\/\",\"name\":\"Parroquia Matriz de San Agust\u00edn\",\"description\":\"Iglesia de San Agust\u00edn y Santuario de Santa Rita, Vegueta, Las Palmas de Gran Canaria\",\"publisher\":{\"@id\":\"https:\\\/\\\/parroquiasanagustin.org\\\/#organization\"},\"potentialAction\":[{\"@type\":\"SearchAction\",\"target\":{\"@type\":\"EntryPoint\",\"urlTemplate\":\"https:\\\/\\\/parroquiasanagustin.org\\\/?s={search_term_string}\"},\"query-input\":{\"@type\":\"PropertyValueSpecification\",\"valueRequired\":true,\"valueName\":\"search_term_string\"}}],\"inLanguage\":\"es\"},{\"@type\":\"Organization\",\"@id\":\"https:\\\/\\\/parroquiasanagustin.org\\\/#organization\",\"name\":\"Parroquia Matriz de San Agust\u00edn\",\"url\":\"https:\\\/\\\/parroquiasanagustin.org\\\/\",\"logo\":{\"@type\":\"ImageObject\",\"inLanguage\":\"es\",\"@id\":\"https:\\\/\\\/parroquiasanagustin.org\\\/#\\\/schema\\\/logo\\\/image\\\/\",\"url\":\"https:\\\/\\\/parroquiasanagustin.org\\\/wp-content\\\/uploads\\\/2020\\\/03\\\/iglesiaicono.jpg\",\"contentUrl\":\"https:\\\/\\\/parroquiasanagustin.org\\\/wp-content\\\/uploads\\\/2020\\\/03\\\/iglesiaicono.jpg\",\"width\":567,\"height\":567,\"caption\":\"Parroquia Matriz de San Agust\u00edn\"},\"image\":{\"@id\":\"https:\\\/\\\/parroquiasanagustin.org\\\/#\\\/schema\\\/logo\\\/image\\\/\"}},{\"@type\":\"Person\",\"@id\":\"https:\\\/\\\/parroquiasanagustin.org\\\/#\\\/schema\\\/person\\\/847433f46674263837c7be221cfa5120\",\"name\":\"admin\",\"image\":{\"@type\":\"ImageObject\",\"inLanguage\":\"es\",\"@id\":\"https:\\\/\\\/secure.gravatar.com\\\/avatar\\\/07d4512f723a9a3b729f475206dd5edd698d449d5c20abe9a12060d2ff1e0807?s=96&d=mm&r=g\",\"url\":\"https:\\\/\\\/secure.gravatar.com\\\/avatar\\\/07d4512f723a9a3b729f475206dd5edd698d449d5c20abe9a12060d2ff1e0807?s=96&d=mm&r=g\",\"contentUrl\":\"https:\\\/\\\/secure.gravatar.com\\\/avatar\\\/07d4512f723a9a3b729f475206dd5edd698d449d5c20abe9a12060d2ff1e0807?s=96&d=mm&r=g\",\"caption\":\"admin\"},\"url\":\"https:\\\/\\\/parroquiasanagustin.org\\\/index.php\\\/author\\\/admin\\\/\"}]}<\/script>\n<!-- \/ Yoast SEO plugin. -->","yoast_head_json":{"title":"Jornada de responsabilidad en el tr\u00e1fico - Parroquia Matriz de San Agust\u00edn","robots":{"index":"index","follow":"follow","max-snippet":"max-snippet:-1","max-image-preview":"max-image-preview:large","max-video-preview":"max-video-preview:-1"},"canonical":"https:\/\/parroquiasanagustin.org\/index.php\/2024\/06\/25\/jornada-de-responsabilidad-en-el-trafico-2\/","og_locale":"es_ES","og_type":"article","og_title":"Jornada de responsabilidad en el tr\u00e1fico - Parroquia Matriz de San Agust\u00edn","og_description":"La Iglesia celebra el&nbsp;primer domingo de julio, este a\u00f1o el&nbsp;d\u00eda 7, la&nbsp;Jornada de responsabilidad en el tr\u00e1fico&nbsp;2024. Una fecha que coincide con el inicio de los desplazamientos masivos por las vacaciones de verano y pr\u00f3xima a la festividad del patr\u00f3n de los conductores y transportistas, San Crist\u00f3bal, que se celebra el 10 de julio. El&nbsp;departamento de Pastoral de la carretera, dentro de la&nbsp;Subcomisi\u00f3n Episcopal para las Migraciones y Movilidad humana, es el encargado de promover esta Jornada que este a\u00f1o se celebra con el&nbsp;lema,&nbsp;\u00abYo soy el camino y la verdad y la vida\u00bb (Jn 14,6).&nbsp;Entre los materiales para su difusi\u00f3n, se incorpora este a\u00f1o un&nbsp;tr\u00edptico&nbsp;con toda la informaci\u00f3n sobre este departamento. \u00bfCu\u00e1l es el mensaje de los obispos? &nbsp; Los obispos de la Subcomisi\u00f3n Episcopal para las Migraciones y Movilidad humana firman el mensaje para esta Jornada, que dirigen a todos los que de alguna manera est\u00e1n relacionados con la movilidad humana y la seguridad vial. &nbsp; \u00abYo soy el camino y la verdad y la vida\u00bb (Jn 14,6), lema de la Jornada &nbsp; Los obispos explican que las palabras del evangelista san Juan que se han elegido como lema de este a\u00f1o,&nbsp;\u201cYo soy el camino y la verdad y la vida\u201d, fueron las que pronunci\u00f3 Jes\u00fas en su discurso de despedida de los disc\u00edpulos. Unas palabras que desglosan para indicar algunos comportamientos al volante. \u201cYo soy el camino\u201d,&nbsp;explican,&nbsp;significa que caminar con Jes\u00fas obliga a \u201cser buen conductor,&nbsp;responsable, cumplidor de las normas de tr\u00e1fico y respetuoso con los dem\u00e1s conductores\u201d, a \u201cno pasar de largo ante una necesidad de mi pr\u00f3jimo\u201d y \u201chacer agradable el viaje&nbsp;de los que comparten el veh\u00edculo conmigo\u201d. \u201cYo soy la verdad\u201d implica sinceridad \u201ccuando se trata de averiguar qui\u00e9n y c\u00f3mo se produjo el siniestro. En casos as\u00ed, donde parece que la verdad o la mentira tienen el mismo valor, no podemos olvidar las palabras de Jes\u00fas:&nbsp;\u00abLa verdad os har\u00e1 libres\u00bb (Jn 8,32)\u00ab. \u201cYo soy la vida\u201d&nbsp;recuerda que \u201ccuando conduces un veh\u00edculo, solo o en compa\u00f1\u00eda,&nbsp;no puedes olvidar, en ning\u00fan momento,&nbsp;la grave responsabilidad que asumes de velar por tu vida y la de los dem\u00e1s\u201d. &nbsp; Cuidar la vida &nbsp; Los obispos expresan su&nbsp;inquietud ante el aumento de los siniestros viales y los muertos en carretera, aunque \u201cmantenemos la firme esperanza de siniestros viales, cero\u201d.&nbsp;Porque \u201cno hay dinero suficiente para comprar una sola vida. Somos \u00fanicos e irrepetibles\u201d. &nbsp; Amar y respetar la vida propia y ajena, para un conductor, \u201cequivale a permanecer atento a la conducci\u00f3n, respetando en todo momento las normas de tr\u00e1fico\u201d y quiere decir&nbsp;\u201cconducir bien y en las debidas condiciones y responsabilidad sin ser un peligro para nadie\u201d. En este sentido, advierten sobre la&nbsp;importancia de usar el cintur\u00f3n de seguridad, de no conducir bajo los efectos del alcohol y de las drogas, de correr a la velocidad justa o sobre el uso indebido del m\u00f3vil.&nbsp;\u00abAmar la propia vida y la de los dem\u00e1s -puntualizan- me obliga a&nbsp;no jug\u00e1rmela sencillamente por usar el m\u00f3vil indebida e irresponsablemente mientras se conduce,&nbsp;como desgraciadamente sucede con relativa frecuencia.&nbsp;Todo puede esperar&nbsp;y el conductor debe ser consciente de la grave responsabilidad que lleva entre sus manos: cuidar y respetar su vida y la de los dem\u00e1s teniendo siempre presente que \u00aben \u00e9l vivimos, nos movemos y existimos\u00bb (Hch 18,28)\u00bb. Del veh\u00edculo se puede abusar, pero tambi\u00e9n \u201ces un medio que se puede utilizar de modo prudente y \u00e9tico para la convivencia, el trabajo, la solidaridad y el servicio a los dem\u00e1s\u201d. De hecho, recuerdan y&nbsp;agradecen el servicio que prestan por el bien com\u00fan \u201cveh\u00edculos que son ellos mismos los instrumentos del trabajo: cami\u00f3n, autocar, taxi, o ambulancia\u201d. &nbsp; Tambi\u00e9n tienen unas palabras para la&nbsp;\u201cmucha gente buena\u201d que \u201cdiariamente se esfuerza como conductores o peatones por hacer las cosas bien,&nbsp;cumpliendo las normas de tr\u00e1fico con responsabilidad y cuidando de la seguridad vial, que es tanto como decir: salvando vidas\u201d. Los obispos concluyen su mensaje compartiendo las palabras de Jes\u00fas: \u201c\u00abOs he hablado de esto para que mi alegr\u00eda est\u00e9 en vosotros, y vuestra alegr\u00eda llegue a plenitud.&nbsp;Este es mi mandamiento: que os am\u00e9is unos a otros como yo os he amado\u00bb (Jn 15,11-12), tambi\u00e9n cuando se conduce un veh\u00edculo.&nbsp;Que santa Mar\u00eda de la Prudencia y san Crist\u00f3bal nos protejan y acompa\u00f1en en todos nuestros desplazamientos\u201d. Materiales de la Jornada de responsabilidad en el tr\u00e1fico 2024 &#8211; Conferencia Episcopal Espa\u00f1ola","og_url":"https:\/\/parroquiasanagustin.org\/index.php\/2024\/06\/25\/jornada-de-responsabilidad-en-el-trafico-2\/","og_site_name":"Parroquia Matriz de San Agust\u00edn","article_published_time":"2024-06-25T16:40:30+00:00","article_modified_time":"2024-09-20T16:56:57+00:00","og_image":[{"width":1200,"height":1698,"url":"https:\/\/parroquiasanagustin.org\/wp-content\/uploads\/2024\/06\/Jornada-responsabilidad-en-.jpg","type":"image\/jpeg"}],"author":"admin","twitter_card":"summary_large_image","twitter_misc":{"Escrito por":"admin","Tiempo de lectura":"4 minutos"},"schema":{"@context":"https:\/\/schema.org","@graph":[{"@type":"Article","@id":"https:\/\/parroquiasanagustin.org\/index.php\/2024\/06\/25\/jornada-de-responsabilidad-en-el-trafico-2\/#article","isPartOf":{"@id":"https:\/\/parroquiasanagustin.org\/index.php\/2024\/06\/25\/jornada-de-responsabilidad-en-el-trafico-2\/"},"author":{"name":"admin","@id":"https:\/\/parroquiasanagustin.org\/#\/schema\/person\/847433f46674263837c7be221cfa5120"},"headline":"Jornada de responsabilidad en el tr\u00e1fico","datePublished":"2024-06-25T16:40:30+00:00","dateModified":"2024-09-20T16:56:57+00:00","mainEntityOfPage":{"@id":"https:\/\/parroquiasanagustin.org\/index.php\/2024\/06\/25\/jornada-de-responsabilidad-en-el-trafico-2\/"},"wordCount":845,"publisher":{"@id":"https:\/\/parroquiasanagustin.org\/#organization"},"image":{"@id":"https:\/\/parroquiasanagustin.org\/index.php\/2024\/06\/25\/jornada-de-responsabilidad-en-el-trafico-2\/#primaryimage"},"thumbnailUrl":"https:\/\/parroquiasanagustin.org\/wp-content\/uploads\/2024\/06\/Jornada-responsabilidad-en-.jpg","keywords":["jornada","tr\u00e1fico"],"articleSection":["Anteriores","Conferencia Episcopal"],"inLanguage":"es"},{"@type":"WebPage","@id":"https:\/\/parroquiasanagustin.org\/index.php\/2024\/06\/25\/jornada-de-responsabilidad-en-el-trafico-2\/","url":"https:\/\/parroquiasanagustin.org\/index.php\/2024\/06\/25\/jornada-de-responsabilidad-en-el-trafico-2\/","name":"Jornada de responsabilidad en el tr\u00e1fico - Parroquia Matriz de San Agust\u00edn","isPartOf":{"@id":"https:\/\/parroquiasanagustin.org\/#website"},"primaryImageOfPage":{"@id":"https:\/\/parroquiasanagustin.org\/index.php\/2024\/06\/25\/jornada-de-responsabilidad-en-el-trafico-2\/#primaryimage"},"image":{"@id":"https:\/\/parroquiasanagustin.org\/index.php\/2024\/06\/25\/jornada-de-responsabilidad-en-el-trafico-2\/#primaryimage"},"thumbnailUrl":"https:\/\/parroquiasanagustin.org\/wp-content\/uploads\/2024\/06\/Jornada-responsabilidad-en-.jpg","datePublished":"2024-06-25T16:40:30+00:00","dateModified":"2024-09-20T16:56:57+00:00","breadcrumb":{"@id":"https:\/\/parroquiasanagustin.org\/index.php\/2024\/06\/25\/jornada-de-responsabilidad-en-el-trafico-2\/#breadcrumb"},"inLanguage":"es","potentialAction":[{"@type":"ReadAction","target":["https:\/\/parroquiasanagustin.org\/index.php\/2024\/06\/25\/jornada-de-responsabilidad-en-el-trafico-2\/"]}]},{"@type":"ImageObject","inLanguage":"es","@id":"https:\/\/parroquiasanagustin.org\/index.php\/2024\/06\/25\/jornada-de-responsabilidad-en-el-trafico-2\/#primaryimage","url":"https:\/\/parroquiasanagustin.org\/wp-content\/uploads\/2024\/06\/Jornada-responsabilidad-en-.jpg","contentUrl":"https:\/\/parroquiasanagustin.org\/wp-content\/uploads\/2024\/06\/Jornada-responsabilidad-en-.jpg","width":1200,"height":1698},{"@type":"BreadcrumbList","@id":"https:\/\/parroquiasanagustin.org\/index.php\/2024\/06\/25\/jornada-de-responsabilidad-en-el-trafico-2\/#breadcrumb","itemListElement":[{"@type":"ListItem","position":1,"name":"Portada","item":"https:\/\/parroquiasanagustin.org\/"},{"@type":"ListItem","position":2,"name":"Jornada de responsabilidad en el tr\u00e1fico"}]},{"@type":"WebSite","@id":"https:\/\/parroquiasanagustin.org\/#website","url":"https:\/\/parroquiasanagustin.org\/","name":"Parroquia Matriz de San Agust\u00edn","description":"Iglesia de San Agust\u00edn y Santuario de Santa Rita, Vegueta, Las Palmas de Gran Canaria","publisher":{"@id":"https:\/\/parroquiasanagustin.org\/#organization"},"potentialAction":[{"@type":"SearchAction","target":{"@type":"EntryPoint","urlTemplate":"https:\/\/parroquiasanagustin.org\/?s={search_term_string}"},"query-input":{"@type":"PropertyValueSpecification","valueRequired":true,"valueName":"search_term_string"}}],"inLanguage":"es"},{"@type":"Organization","@id":"https:\/\/parroquiasanagustin.org\/#organization","name":"Parroquia Matriz de San Agust\u00edn","url":"https:\/\/parroquiasanagustin.org\/","logo":{"@type":"ImageObject","inLanguage":"es","@id":"https:\/\/parroquiasanagustin.org\/#\/schema\/logo\/image\/","url":"https:\/\/parroquiasanagustin.org\/wp-content\/uploads\/2020\/03\/iglesiaicono.jpg","contentUrl":"https:\/\/parroquiasanagustin.org\/wp-content\/uploads\/2020\/03\/iglesiaicono.jpg","width":567,"height":567,"caption":"Parroquia Matriz de San Agust\u00edn"},"image":{"@id":"https:\/\/parroquiasanagustin.org\/#\/schema\/logo\/image\/"}},{"@type":"Person","@id":"https:\/\/parroquiasanagustin.org\/#\/schema\/person\/847433f46674263837c7be221cfa5120","name":"admin","image":{"@type":"ImageObject","inLanguage":"es","@id":"https:\/\/secure.gravatar.com\/avatar\/07d4512f723a9a3b729f475206dd5edd698d449d5c20abe9a12060d2ff1e0807?s=96&d=mm&r=g","url":"https:\/\/secure.gravatar.com\/avatar\/07d4512f723a9a3b729f475206dd5edd698d449d5c20abe9a12060d2ff1e0807?s=96&d=mm&r=g","contentUrl":"https:\/\/secure.gravatar.com\/avatar\/07d4512f723a9a3b729f475206dd5edd698d449d5c20abe9a12060d2ff1e0807?s=96&d=mm&r=g","caption":"admin"},"url":"https:\/\/parroquiasanagustin.org\/index.php\/author\/admin\/"}]}},"_links":{"self":[{"href":"https:\/\/parroquiasanagustin.org\/index.php\/wp-json\/wp\/v2\/posts\/6895","targetHints":{"allow":["GET"]}}],"collection":[{"href":"https:\/\/parroquiasanagustin.org\/index.php\/wp-json\/wp\/v2\/posts"}],"about":[{"href":"https:\/\/parroquiasanagustin.org\/index.php\/wp-json\/wp\/v2\/types\/post"}],"author":[{"embeddable":true,"href":"https:\/\/parroquiasanagustin.org\/index.php\/wp-json\/wp\/v2\/users\/2"}],"replies":[{"embeddable":true,"href":"https:\/\/parroquiasanagustin.org\/index.php\/wp-json\/wp\/v2\/comments?post=6895"}],"version-history":[{"count":1,"href":"https:\/\/parroquiasanagustin.org\/index.php\/wp-json\/wp\/v2\/posts\/6895\/revisions"}],"predecessor-version":[{"id":6897,"href":"https:\/\/parroquiasanagustin.org\/index.php\/wp-json\/wp\/v2\/posts\/6895\/revisions\/6897"}],"wp:featuredmedia":[{"embeddable":true,"href":"https:\/\/parroquiasanagustin.org\/index.php\/wp-json\/wp\/v2\/media\/6896"}],"wp:attachment":[{"href":"https:\/\/parroquiasanagustin.org\/index.php\/wp-json\/wp\/v2\/media?parent=6895"}],"wp:term":[{"taxonomy":"category","embeddable":true,"href":"https:\/\/parroquiasanagustin.org\/index.php\/wp-json\/wp\/v2\/categories?post=6895"},{"taxonomy":"post_tag","embeddable":true,"href":"https:\/\/parroquiasanagustin.org\/index.php\/wp-json\/wp\/v2\/tags?post=6895"}],"curies":[{"name":"wp","href":"https:\/\/api.w.org\/{rel}","templated":true}]}}