{"id":6749,"date":"2024-05-02T17:54:44","date_gmt":"2024-05-02T17:54:44","guid":{"rendered":"https:\/\/parroquiasanagustin.org\/?p=6749"},"modified":"2024-07-03T07:17:47","modified_gmt":"2024-07-03T07:17:47","slug":"19-de-mayo-dia-de-la-accion-catolica-y-del-apostolado-seglar-laicos-por-vocacion-llamados-a-la-mision","status":"publish","type":"post","link":"https:\/\/parroquiasanagustin.org\/index.php\/2024\/05\/02\/19-de-mayo-dia-de-la-accion-catolica-y-del-apostolado-seglar-laicos-por-vocacion-llamados-a-la-mision\/","title":{"rendered":"19 de mayo, D\u00eda de la Acci\u00f3n Cat\u00f3lica y del Apostolado Seglar: \u00abLaicos por vocaci\u00f3n, llamados a la misi\u00f3n\u00bb"},"content":{"rendered":"<p><a href=\"https:\/\/parroquiasanagustin.org\/?attachment_id=6750\"><img fetchpriority=\"high\" decoding=\"async\" class=\"wp-image-6750 alignright\" src=\"https:\/\/parroquiasanagustin.org\/wp-content\/uploads\/2024\/05\/Cartel-Laicos-por-Vocacion-en-Espanol_web-211x300.jpg\" alt=\"\" width=\"300\" height=\"426\" srcset=\"https:\/\/parroquiasanagustin.org\/wp-content\/uploads\/2024\/05\/Cartel-Laicos-por-Vocacion-en-Espanol_web-211x300.jpg 211w, https:\/\/parroquiasanagustin.org\/wp-content\/uploads\/2024\/05\/Cartel-Laicos-por-Vocacion-en-Espanol_web.jpg 595w\" sizes=\"(max-width: 300px) 100vw, 300px\" \/><\/a>La Iglesia celebra el&nbsp;<strong>d\u00eda de Pentecost\u00e9s<\/strong>, este a\u00f1o el&nbsp;<strong>19 de mayo<\/strong>, el&nbsp;<strong>D\u00eda de la Acci\u00f3n Cat\u00f3lica y Apostolado Seglar. \u00abLaicos por vocaci\u00f3n, llamados a la misi\u00f3n\u00bb<\/strong>&nbsp;es el&nbsp;<strong>lema<\/strong>&nbsp;que la&nbsp;<a href=\"https:\/\/www.conferenciaepiscopal.es\/comisiones\/laicos-familia-y-vida\/\" target=\"_blank\" rel=\"noreferrer noopener\">Comisi\u00f3n Episcopal para los Laicos, Familia y Vida<\/a>&nbsp;propone para la Jornada de este a\u00f1o.<\/p>\n<h3 class=\"wp-block-heading\">\u00bfCu\u00e1l es el mensaje de los obispos?<\/h3>\n<p><strong>La Jornada de este a\u00f1o<\/strong>, explican los obispos de la Comisi\u00f3n Episcopal para los Laicos, Familia y Vida,&nbsp;<strong>invita a todos los bautizados a proclamar el Evangelio, a la misi\u00f3n que Jes\u00fas encomend\u00f3, \u00abque se lleva a cabo con la fuerza del Esp\u00edritu Santo\u201d.<\/strong><\/p>\n<p>Los prelados subrayan&nbsp;<a href=\"https:\/\/www.conferenciaepiscopal.es\/wp-content\/uploads\/2024\/04\/MENSAJE-DE-LOS-OBISPOS-2024_web.pdf\" target=\"_blank\" rel=\"noreferrer noopener\">en su mensaje<\/a>&nbsp;que \u00abel env\u00edo a la misi\u00f3n procede del Padre, que tanto nos ha ama-do que ha enviado a su \u00fanico Hijo para que alcancemos la salvaci\u00f3n, por su muerte y resurrecci\u00f3n. Y es Jes\u00fas resucitado el que ha entregado a su Iglesia, a cada uno de nosotros, el Esp\u00edritu Santo, que es el alma de la evangelizaci\u00f3n. Por tanto, es fundamental que descubramos, como miembros del Pueblo de Dios, que&nbsp;<strong>tenemos una misi\u00f3n que no es iniciativa nuestra, sino de Dios, que la sostiene y permitir\u00e1 que perdure por los siglos de los siglos\u00bb.<\/strong><\/p>\n<p>En este sentido, el escrito recuerda la celebraci\u00f3n del&nbsp;<a href=\"https:\/\/www.conferenciaepiscopal.es\/encuentro-sobre-primer-anuncio-febrero-2024\/\" target=\"_blank\" rel=\"noreferrer noopener\"><strong>Encuentro sobre el Primer Anuncio<\/strong>,<\/a>&nbsp;el pasado mes de febrero y la preparaci\u00f3n para un&nbsp;<strong>Congreso sobre las Vocaciones<\/strong>, que tendr\u00e1 lugar en Madrid, en febrero de 2025. Con estas dos iniciativas, en el D\u00eda de la Acci\u00f3n Cat\u00f3lica y del Apostolado Seglar de este a\u00f1o 2024,&nbsp;<strong>\u00abqueremos que resuene con fuerza esa llamada que la Iglesia ha recibido,&nbsp;<\/strong>como asamblea de convocados, pueblo de Dios unido en la misi\u00f3n, a vivir su vocaci\u00f3n, que tiene como horizonte la misi\u00f3n. Y de un modo propio y peculiar,&nbsp;<strong>destacamos la vocaci\u00f3n laical, que se ejercita en la caridad pol\u00edtica, en el anuncio del Evangelio en el coraz\u00f3n del mundo\u00bb.<\/strong><\/p>\n<p>Por todo ello, insisten en que&nbsp;<strong>\u00ablos laicos, desde el bautismo, han recibido una vocaci\u00f3n, que los hace sentirse corresponsables en la vida y misi\u00f3n de la Iglesia\u00bb<\/strong>. \u00abNuestra primera y fundamental consagraci\u00f3n \u2013 a\u00f1aden- hunde sus ra\u00edces en nuestro bautismo. A nadie han bautizado cura, ni obispo. Nos han bautizado laicos y es el signo indeleble que nunca nadie podr\u00e1 eliminar\u00bb.<\/p>\n<p>Para los obispos de la&nbsp;<a href=\"https:\/\/www.conferenciaepiscopal.es\/comisiones\/laicos-familia-y-vida\/\" target=\"_blank\" rel=\"noreferrer noopener\">Comisi\u00f3n Episcopal para los Laicos, Familia y Vida<\/a>&nbsp;se trata de que \u00abel laico sea laico\u00bb por vocaci\u00f3n, en todos los \u00e1mbitos de la vida. \u00ab<strong>El laicado vive su vocaci\u00f3n encarnado en el mundo, es decir, en los \u00e1mbitos de la familia, del trabajo, de la educaci\u00f3n, del cuidado de la casa com\u00fan y, de una manera particular, en la vida p\u00fablica\u00bb.<\/strong>&nbsp;Y tambi\u00e9n se desarrolla en el interior de la vida de la Iglesia, ayudando en al liturgia, en la catequesis, en los grupos parroquiales\u00bb.<\/p>\n<p>Finalmente, desde la Comisi\u00f3n&nbsp;<strong>agradecen el servicio de todos y cada uno de los laicos<\/strong>&nbsp;\u00abcomprometidos en la misi\u00f3n evangelizadora de la Iglesia\u00bb<\/p>\n","protected":false},"excerpt":{"rendered":"<p>La Iglesia celebra el&nbsp;d\u00eda de Pentecost\u00e9s, este a\u00f1o el&nbsp;19 de mayo, el&nbsp;D\u00eda de la Acci\u00f3n Cat\u00f3lica y Apostolado Seglar. \u00abLaicos por vocaci\u00f3n, llamados a la misi\u00f3n\u00bb&nbsp;es el&nbsp;lema&nbsp;que la&nbsp;Comisi\u00f3n Episcopal para los Laicos, Familia y Vida&nbsp;propone para la Jornada de este a\u00f1o. \u00bfCu\u00e1l es el mensaje de los obispos? La Jornada de este a\u00f1o, explican los obispos de la Comisi\u00f3n Episcopal para los Laicos, Familia y Vida,&nbsp;invita a todos los bautizados a proclamar el Evangelio, a la misi\u00f3n que Jes\u00fas encomend\u00f3, \u00abque se lleva a cabo con la fuerza del Esp\u00edritu Santo\u201d. Los prelados subrayan&nbsp;en su mensaje&nbsp;que \u00abel env\u00edo a la misi\u00f3n procede del Padre, que tanto nos ha ama-do que ha enviado a su \u00fanico Hijo para que alcancemos la salvaci\u00f3n, por su muerte y resurrecci\u00f3n. Y es Jes\u00fas resucitado el que ha entregado a su Iglesia, a cada uno de nosotros, el Esp\u00edritu Santo, que es el alma de la evangelizaci\u00f3n. Por tanto, es fundamental que descubramos, como miembros del Pueblo de Dios, que&nbsp;tenemos una misi\u00f3n que no es iniciativa nuestra, sino de Dios, que la sostiene y permitir\u00e1 que perdure por los siglos de los siglos\u00bb. En este sentido, el escrito recuerda la celebraci\u00f3n del&nbsp;Encuentro sobre el Primer Anuncio,&nbsp;el pasado mes de febrero y la preparaci\u00f3n para un&nbsp;Congreso sobre las Vocaciones, que tendr\u00e1 lugar en Madrid, en febrero de 2025. Con estas dos iniciativas, en el D\u00eda de la Acci\u00f3n Cat\u00f3lica y del Apostolado Seglar de este a\u00f1o 2024,&nbsp;\u00abqueremos que resuene con fuerza esa llamada que la Iglesia ha recibido,&nbsp;como asamblea de convocados, pueblo de Dios unido en la misi\u00f3n, a vivir su vocaci\u00f3n, que tiene como horizonte la misi\u00f3n. Y de un modo propio y peculiar,&nbsp;destacamos la vocaci\u00f3n laical, que se ejercita en la caridad pol\u00edtica, en el anuncio del Evangelio en el coraz\u00f3n del mundo\u00bb. Por todo ello, insisten en que&nbsp;\u00ablos laicos, desde el bautismo, han recibido una vocaci\u00f3n, que los hace sentirse corresponsables en la vida y misi\u00f3n de la Iglesia\u00bb. \u00abNuestra primera y fundamental consagraci\u00f3n \u2013 a\u00f1aden- hunde sus ra\u00edces en nuestro bautismo. A nadie han bautizado cura, ni obispo. Nos han bautizado laicos y es el signo indeleble que nunca nadie podr\u00e1 eliminar\u00bb. Para los obispos de la&nbsp;Comisi\u00f3n Episcopal para los Laicos, Familia y Vida&nbsp;se trata de que \u00abel laico sea laico\u00bb por vocaci\u00f3n, en todos los \u00e1mbitos de la vida. \u00abEl laicado vive su vocaci\u00f3n encarnado en el mundo, es decir, en los \u00e1mbitos de la familia, del trabajo, de la educaci\u00f3n, del cuidado de la casa com\u00fan y, de una manera particular, en la vida p\u00fablica\u00bb.&nbsp;Y tambi\u00e9n se desarrolla en el interior de la vida de la Iglesia, ayudando en al liturgia, en la catequesis, en los grupos parroquiales\u00bb. Finalmente, desde la Comisi\u00f3n&nbsp;agradecen el servicio de todos y cada uno de los laicos&nbsp;\u00abcomprometidos en la misi\u00f3n evangelizadora de la Iglesia\u00bb<\/p>\n","protected":false},"author":2,"featured_media":6750,"comment_status":"closed","ping_status":"closed","sticky":false,"template":"","format":"standard","meta":{"ocean_front_end_style_editor":"no","ocean_post_layout":"","ocean_both_sidebars_style":"","ocean_both_sidebars_content_width":0,"ocean_both_sidebars_sidebars_width":0,"ocean_sidebar":"","ocean_second_sidebar":"","ocean_disable_margins":"enable","ocean_add_body_class":"","ocean_shortcode_before_top_bar":"","ocean_shortcode_after_top_bar":"","ocean_shortcode_before_header":"","ocean_shortcode_after_header":"","ocean_has_shortcode":"","ocean_shortcode_after_title":"","ocean_shortcode_before_footer_widgets":"","ocean_shortcode_after_footer_widgets":"","ocean_shortcode_before_footer_bottom":"","ocean_shortcode_after_footer_bottom":"","ocean_display_top_bar":"default","ocean_display_header":"default","ocean_header_style":"","ocean_center_header_left_menu":"","ocean_custom_header_template":"","ocean_custom_logo":0,"ocean_custom_retina_logo":0,"ocean_custom_logo_max_width":0,"ocean_custom_logo_tablet_max_width":0,"ocean_custom_logo_mobile_max_width":0,"ocean_custom_logo_max_height":0,"ocean_custom_logo_tablet_max_height":0,"ocean_custom_logo_mobile_max_height":0,"ocean_header_custom_menu":"","ocean_menu_typo_font_family":"","ocean_menu_typo_font_subset":"","ocean_menu_typo_font_size":0,"ocean_menu_typo_font_size_tablet":0,"ocean_menu_typo_font_size_mobile":0,"ocean_menu_typo_font_size_unit":"px","ocean_menu_typo_font_weight":"","ocean_menu_typo_font_weight_tablet":"","ocean_menu_typo_font_weight_mobile":"","ocean_menu_typo_transform":"","ocean_menu_typo_transform_tablet":"","ocean_menu_typo_transform_mobile":"","ocean_menu_typo_line_height":0,"ocean_menu_typo_line_height_tablet":0,"ocean_menu_typo_line_height_mobile":0,"ocean_menu_typo_line_height_unit":"","ocean_menu_typo_spacing":0,"ocean_menu_typo_spacing_tablet":0,"ocean_menu_typo_spacing_mobile":0,"ocean_menu_typo_spacing_unit":"","ocean_menu_link_color":"","ocean_menu_link_color_hover":"","ocean_menu_link_color_active":"","ocean_menu_link_background":"","ocean_menu_link_hover_background":"","ocean_menu_link_active_background":"","ocean_menu_social_links_bg":"","ocean_menu_social_hover_links_bg":"","ocean_menu_social_links_color":"","ocean_menu_social_hover_links_color":"","ocean_disable_title":"default","ocean_disable_heading":"default","ocean_post_title":"","ocean_post_subheading":"","ocean_post_title_style":"","ocean_post_title_background_color":"","ocean_post_title_background":0,"ocean_post_title_bg_image_position":"","ocean_post_title_bg_image_attachment":"","ocean_post_title_bg_image_repeat":"","ocean_post_title_bg_image_size":"","ocean_post_title_height":0,"ocean_post_title_bg_overlay":0.5,"ocean_post_title_bg_overlay_color":"","ocean_disable_breadcrumbs":"default","ocean_breadcrumbs_color":"","ocean_breadcrumbs_separator_color":"","ocean_breadcrumbs_links_color":"","ocean_breadcrumbs_links_hover_color":"","ocean_display_footer_widgets":"default","ocean_display_footer_bottom":"default","ocean_custom_footer_template":"","ocean_post_oembed":"","ocean_post_self_hosted_media":"","ocean_post_video_embed":"","ocean_link_format":"","ocean_link_format_target":"self","ocean_quote_format":"","ocean_quote_format_link":"post","ocean_gallery_link_images":"on","ocean_gallery_id":[],"footnotes":""},"categories":[138,62],"tags":[178,53],"class_list":["post-6749","post","type-post","status-publish","format-standard","has-post-thumbnail","hentry","category-anteriores","category-conferencia-episcopal","tag-apostolado","tag-jornada","entry","has-media"],"yoast_head":"<!-- This site is optimized with the Yoast SEO plugin v28.3 - https:\/\/yoast.com\/product\/yoast-seo-wordpress\/ -->\n<title>19 de mayo, D\u00eda de la Acci\u00f3n Cat\u00f3lica y del Apostolado Seglar: \u00abLaicos por vocaci\u00f3n, llamados a la misi\u00f3n\u00bb - Parroquia Matriz de San Agust\u00edn<\/title>\n<meta name=\"robots\" content=\"index, follow, max-snippet:-1, max-image-preview:large, max-video-preview:-1\" \/>\n<link rel=\"canonical\" href=\"https:\/\/parroquiasanagustin.org\/index.php\/2024\/05\/02\/19-de-mayo-dia-de-la-accion-catolica-y-del-apostolado-seglar-laicos-por-vocacion-llamados-a-la-mision\/\" \/>\n<meta property=\"og:locale\" content=\"es_ES\" \/>\n<meta property=\"og:type\" content=\"article\" \/>\n<meta property=\"og:title\" content=\"19 de mayo, D\u00eda de la Acci\u00f3n Cat\u00f3lica y del Apostolado Seglar: \u00abLaicos por vocaci\u00f3n, llamados a la misi\u00f3n\u00bb - Parroquia Matriz de San Agust\u00edn\" \/>\n<meta property=\"og:description\" content=\"La Iglesia celebra el&nbsp;d\u00eda de Pentecost\u00e9s, este a\u00f1o el&nbsp;19 de mayo, el&nbsp;D\u00eda de la Acci\u00f3n Cat\u00f3lica y Apostolado Seglar. \u00abLaicos por vocaci\u00f3n, llamados a la misi\u00f3n\u00bb&nbsp;es el&nbsp;lema&nbsp;que la&nbsp;Comisi\u00f3n Episcopal para los Laicos, Familia y Vida&nbsp;propone para la Jornada de este a\u00f1o. \u00bfCu\u00e1l es el mensaje de los obispos? La Jornada de este a\u00f1o, explican los obispos de la Comisi\u00f3n Episcopal para los Laicos, Familia y Vida,&nbsp;invita a todos los bautizados a proclamar el Evangelio, a la misi\u00f3n que Jes\u00fas encomend\u00f3, \u00abque se lleva a cabo con la fuerza del Esp\u00edritu Santo\u201d. Los prelados subrayan&nbsp;en su mensaje&nbsp;que \u00abel env\u00edo a la misi\u00f3n procede del Padre, que tanto nos ha ama-do que ha enviado a su \u00fanico Hijo para que alcancemos la salvaci\u00f3n, por su muerte y resurrecci\u00f3n. Y es Jes\u00fas resucitado el que ha entregado a su Iglesia, a cada uno de nosotros, el Esp\u00edritu Santo, que es el alma de la evangelizaci\u00f3n. Por tanto, es fundamental que descubramos, como miembros del Pueblo de Dios, que&nbsp;tenemos una misi\u00f3n que no es iniciativa nuestra, sino de Dios, que la sostiene y permitir\u00e1 que perdure por los siglos de los siglos\u00bb. En este sentido, el escrito recuerda la celebraci\u00f3n del&nbsp;Encuentro sobre el Primer Anuncio,&nbsp;el pasado mes de febrero y la preparaci\u00f3n para un&nbsp;Congreso sobre las Vocaciones, que tendr\u00e1 lugar en Madrid, en febrero de 2025. Con estas dos iniciativas, en el D\u00eda de la Acci\u00f3n Cat\u00f3lica y del Apostolado Seglar de este a\u00f1o 2024,&nbsp;\u00abqueremos que resuene con fuerza esa llamada que la Iglesia ha recibido,&nbsp;como asamblea de convocados, pueblo de Dios unido en la misi\u00f3n, a vivir su vocaci\u00f3n, que tiene como horizonte la misi\u00f3n. Y de un modo propio y peculiar,&nbsp;destacamos la vocaci\u00f3n laical, que se ejercita en la caridad pol\u00edtica, en el anuncio del Evangelio en el coraz\u00f3n del mundo\u00bb. Por todo ello, insisten en que&nbsp;\u00ablos laicos, desde el bautismo, han recibido una vocaci\u00f3n, que los hace sentirse corresponsables en la vida y misi\u00f3n de la Iglesia\u00bb. \u00abNuestra primera y fundamental consagraci\u00f3n \u2013 a\u00f1aden- hunde sus ra\u00edces en nuestro bautismo. A nadie han bautizado cura, ni obispo. Nos han bautizado laicos y es el signo indeleble que nunca nadie podr\u00e1 eliminar\u00bb. Para los obispos de la&nbsp;Comisi\u00f3n Episcopal para los Laicos, Familia y Vida&nbsp;se trata de que \u00abel laico sea laico\u00bb por vocaci\u00f3n, en todos los \u00e1mbitos de la vida. \u00abEl laicado vive su vocaci\u00f3n encarnado en el mundo, es decir, en los \u00e1mbitos de la familia, del trabajo, de la educaci\u00f3n, del cuidado de la casa com\u00fan y, de una manera particular, en la vida p\u00fablica\u00bb.&nbsp;Y tambi\u00e9n se desarrolla en el interior de la vida de la Iglesia, ayudando en al liturgia, en la catequesis, en los grupos parroquiales\u00bb. Finalmente, desde la Comisi\u00f3n&nbsp;agradecen el servicio de todos y cada uno de los laicos&nbsp;\u00abcomprometidos en la misi\u00f3n evangelizadora de la Iglesia\u00bb\" \/>\n<meta property=\"og:url\" content=\"https:\/\/parroquiasanagustin.org\/index.php\/2024\/05\/02\/19-de-mayo-dia-de-la-accion-catolica-y-del-apostolado-seglar-laicos-por-vocacion-llamados-a-la-mision\/\" \/>\n<meta property=\"og:site_name\" content=\"Parroquia Matriz de San Agust\u00edn\" \/>\n<meta property=\"article:published_time\" content=\"2024-05-02T17:54:44+00:00\" \/>\n<meta property=\"article:modified_time\" content=\"2024-07-03T07:17:47+00:00\" \/>\n<meta property=\"og:image\" content=\"https:\/\/parroquiasanagustin.org\/wp-content\/uploads\/2024\/05\/Cartel-Laicos-por-Vocacion-en-Espanol_web.jpg\" \/>\n\t<meta property=\"og:image:width\" content=\"595\" \/>\n\t<meta property=\"og:image:height\" content=\"845\" \/>\n\t<meta property=\"og:image:type\" content=\"image\/jpeg\" \/>\n<meta name=\"author\" content=\"admin\" \/>\n<meta name=\"twitter:card\" content=\"summary_large_image\" \/>\n<meta name=\"twitter:label1\" content=\"Escrito por\" \/>\n\t<meta name=\"twitter:data1\" content=\"admin\" \/>\n\t<meta name=\"twitter:label2\" content=\"Tiempo de lectura\" \/>\n\t<meta name=\"twitter:data2\" content=\"3 minutos\" \/>\n<script type=\"application\/ld+json\" class=\"yoast-schema-graph\">{\"@context\":\"https:\\\/\\\/schema.org\",\"@graph\":[{\"@type\":\"Article\",\"@id\":\"https:\\\/\\\/parroquiasanagustin.org\\\/index.php\\\/2024\\\/05\\\/02\\\/19-de-mayo-dia-de-la-accion-catolica-y-del-apostolado-seglar-laicos-por-vocacion-llamados-a-la-mision\\\/#article\",\"isPartOf\":{\"@id\":\"https:\\\/\\\/parroquiasanagustin.org\\\/index.php\\\/2024\\\/05\\\/02\\\/19-de-mayo-dia-de-la-accion-catolica-y-del-apostolado-seglar-laicos-por-vocacion-llamados-a-la-mision\\\/\"},\"author\":{\"name\":\"admin\",\"@id\":\"https:\\\/\\\/parroquiasanagustin.org\\\/#\\\/schema\\\/person\\\/847433f46674263837c7be221cfa5120\"},\"headline\":\"19 de mayo, D\u00eda de la Acci\u00f3n Cat\u00f3lica y del Apostolado Seglar: \u00abLaicos por vocaci\u00f3n, llamados a la misi\u00f3n\u00bb\",\"datePublished\":\"2024-05-02T17:54:44+00:00\",\"dateModified\":\"2024-07-03T07:17:47+00:00\",\"mainEntityOfPage\":{\"@id\":\"https:\\\/\\\/parroquiasanagustin.org\\\/index.php\\\/2024\\\/05\\\/02\\\/19-de-mayo-dia-de-la-accion-catolica-y-del-apostolado-seglar-laicos-por-vocacion-llamados-a-la-mision\\\/\"},\"wordCount\":586,\"publisher\":{\"@id\":\"https:\\\/\\\/parroquiasanagustin.org\\\/#organization\"},\"image\":{\"@id\":\"https:\\\/\\\/parroquiasanagustin.org\\\/index.php\\\/2024\\\/05\\\/02\\\/19-de-mayo-dia-de-la-accion-catolica-y-del-apostolado-seglar-laicos-por-vocacion-llamados-a-la-mision\\\/#primaryimage\"},\"thumbnailUrl\":\"https:\\\/\\\/parroquiasanagustin.org\\\/wp-content\\\/uploads\\\/2024\\\/05\\\/Cartel-Laicos-por-Vocacion-en-Espanol_web.jpg\",\"keywords\":[\"apostolado\",\"jornada\"],\"articleSection\":[\"Anteriores\",\"Conferencia Episcopal\"],\"inLanguage\":\"es\"},{\"@type\":\"WebPage\",\"@id\":\"https:\\\/\\\/parroquiasanagustin.org\\\/index.php\\\/2024\\\/05\\\/02\\\/19-de-mayo-dia-de-la-accion-catolica-y-del-apostolado-seglar-laicos-por-vocacion-llamados-a-la-mision\\\/\",\"url\":\"https:\\\/\\\/parroquiasanagustin.org\\\/index.php\\\/2024\\\/05\\\/02\\\/19-de-mayo-dia-de-la-accion-catolica-y-del-apostolado-seglar-laicos-por-vocacion-llamados-a-la-mision\\\/\",\"name\":\"19 de mayo, D\u00eda de la Acci\u00f3n Cat\u00f3lica y del Apostolado Seglar: \u00abLaicos por vocaci\u00f3n, llamados a la misi\u00f3n\u00bb - Parroquia Matriz de San Agust\u00edn\",\"isPartOf\":{\"@id\":\"https:\\\/\\\/parroquiasanagustin.org\\\/#website\"},\"primaryImageOfPage\":{\"@id\":\"https:\\\/\\\/parroquiasanagustin.org\\\/index.php\\\/2024\\\/05\\\/02\\\/19-de-mayo-dia-de-la-accion-catolica-y-del-apostolado-seglar-laicos-por-vocacion-llamados-a-la-mision\\\/#primaryimage\"},\"image\":{\"@id\":\"https:\\\/\\\/parroquiasanagustin.org\\\/index.php\\\/2024\\\/05\\\/02\\\/19-de-mayo-dia-de-la-accion-catolica-y-del-apostolado-seglar-laicos-por-vocacion-llamados-a-la-mision\\\/#primaryimage\"},\"thumbnailUrl\":\"https:\\\/\\\/parroquiasanagustin.org\\\/wp-content\\\/uploads\\\/2024\\\/05\\\/Cartel-Laicos-por-Vocacion-en-Espanol_web.jpg\",\"datePublished\":\"2024-05-02T17:54:44+00:00\",\"dateModified\":\"2024-07-03T07:17:47+00:00\",\"breadcrumb\":{\"@id\":\"https:\\\/\\\/parroquiasanagustin.org\\\/index.php\\\/2024\\\/05\\\/02\\\/19-de-mayo-dia-de-la-accion-catolica-y-del-apostolado-seglar-laicos-por-vocacion-llamados-a-la-mision\\\/#breadcrumb\"},\"inLanguage\":\"es\",\"potentialAction\":[{\"@type\":\"ReadAction\",\"target\":[\"https:\\\/\\\/parroquiasanagustin.org\\\/index.php\\\/2024\\\/05\\\/02\\\/19-de-mayo-dia-de-la-accion-catolica-y-del-apostolado-seglar-laicos-por-vocacion-llamados-a-la-mision\\\/\"]}]},{\"@type\":\"ImageObject\",\"inLanguage\":\"es\",\"@id\":\"https:\\\/\\\/parroquiasanagustin.org\\\/index.php\\\/2024\\\/05\\\/02\\\/19-de-mayo-dia-de-la-accion-catolica-y-del-apostolado-seglar-laicos-por-vocacion-llamados-a-la-mision\\\/#primaryimage\",\"url\":\"https:\\\/\\\/parroquiasanagustin.org\\\/wp-content\\\/uploads\\\/2024\\\/05\\\/Cartel-Laicos-por-Vocacion-en-Espanol_web.jpg\",\"contentUrl\":\"https:\\\/\\\/parroquiasanagustin.org\\\/wp-content\\\/uploads\\\/2024\\\/05\\\/Cartel-Laicos-por-Vocacion-en-Espanol_web.jpg\",\"width\":595,\"height\":845},{\"@type\":\"BreadcrumbList\",\"@id\":\"https:\\\/\\\/parroquiasanagustin.org\\\/index.php\\\/2024\\\/05\\\/02\\\/19-de-mayo-dia-de-la-accion-catolica-y-del-apostolado-seglar-laicos-por-vocacion-llamados-a-la-mision\\\/#breadcrumb\",\"itemListElement\":[{\"@type\":\"ListItem\",\"position\":1,\"name\":\"Portada\",\"item\":\"https:\\\/\\\/parroquiasanagustin.org\\\/\"},{\"@type\":\"ListItem\",\"position\":2,\"name\":\"19 de mayo, D\u00eda de la Acci\u00f3n Cat\u00f3lica y del Apostolado Seglar: \u00abLaicos por vocaci\u00f3n, llamados a la misi\u00f3n\u00bb\"}]},{\"@type\":\"WebSite\",\"@id\":\"https:\\\/\\\/parroquiasanagustin.org\\\/#website\",\"url\":\"https:\\\/\\\/parroquiasanagustin.org\\\/\",\"name\":\"Parroquia Matriz de San Agust\u00edn\",\"description\":\"Iglesia de San Agust\u00edn y Santuario de Santa Rita, Vegueta, Las Palmas de Gran Canaria\",\"publisher\":{\"@id\":\"https:\\\/\\\/parroquiasanagustin.org\\\/#organization\"},\"potentialAction\":[{\"@type\":\"SearchAction\",\"target\":{\"@type\":\"EntryPoint\",\"urlTemplate\":\"https:\\\/\\\/parroquiasanagustin.org\\\/?s={search_term_string}\"},\"query-input\":{\"@type\":\"PropertyValueSpecification\",\"valueRequired\":true,\"valueName\":\"search_term_string\"}}],\"inLanguage\":\"es\"},{\"@type\":\"Organization\",\"@id\":\"https:\\\/\\\/parroquiasanagustin.org\\\/#organization\",\"name\":\"Parroquia Matriz de San Agust\u00edn\",\"url\":\"https:\\\/\\\/parroquiasanagustin.org\\\/\",\"logo\":{\"@type\":\"ImageObject\",\"inLanguage\":\"es\",\"@id\":\"https:\\\/\\\/parroquiasanagustin.org\\\/#\\\/schema\\\/logo\\\/image\\\/\",\"url\":\"https:\\\/\\\/parroquiasanagustin.org\\\/wp-content\\\/uploads\\\/2020\\\/03\\\/iglesiaicono.jpg\",\"contentUrl\":\"https:\\\/\\\/parroquiasanagustin.org\\\/wp-content\\\/uploads\\\/2020\\\/03\\\/iglesiaicono.jpg\",\"width\":567,\"height\":567,\"caption\":\"Parroquia Matriz de San Agust\u00edn\"},\"image\":{\"@id\":\"https:\\\/\\\/parroquiasanagustin.org\\\/#\\\/schema\\\/logo\\\/image\\\/\"}},{\"@type\":\"Person\",\"@id\":\"https:\\\/\\\/parroquiasanagustin.org\\\/#\\\/schema\\\/person\\\/847433f46674263837c7be221cfa5120\",\"name\":\"admin\",\"image\":{\"@type\":\"ImageObject\",\"inLanguage\":\"es\",\"@id\":\"https:\\\/\\\/secure.gravatar.com\\\/avatar\\\/07d4512f723a9a3b729f475206dd5edd698d449d5c20abe9a12060d2ff1e0807?s=96&d=mm&r=g\",\"url\":\"https:\\\/\\\/secure.gravatar.com\\\/avatar\\\/07d4512f723a9a3b729f475206dd5edd698d449d5c20abe9a12060d2ff1e0807?s=96&d=mm&r=g\",\"contentUrl\":\"https:\\\/\\\/secure.gravatar.com\\\/avatar\\\/07d4512f723a9a3b729f475206dd5edd698d449d5c20abe9a12060d2ff1e0807?s=96&d=mm&r=g\",\"caption\":\"admin\"},\"url\":\"https:\\\/\\\/parroquiasanagustin.org\\\/index.php\\\/author\\\/admin\\\/\"}]}<\/script>\n<!-- \/ Yoast SEO plugin. -->","yoast_head_json":{"title":"19 de mayo, D\u00eda de la Acci\u00f3n Cat\u00f3lica y del Apostolado Seglar: \u00abLaicos por vocaci\u00f3n, llamados a la misi\u00f3n\u00bb - Parroquia Matriz de San Agust\u00edn","robots":{"index":"index","follow":"follow","max-snippet":"max-snippet:-1","max-image-preview":"max-image-preview:large","max-video-preview":"max-video-preview:-1"},"canonical":"https:\/\/parroquiasanagustin.org\/index.php\/2024\/05\/02\/19-de-mayo-dia-de-la-accion-catolica-y-del-apostolado-seglar-laicos-por-vocacion-llamados-a-la-mision\/","og_locale":"es_ES","og_type":"article","og_title":"19 de mayo, D\u00eda de la Acci\u00f3n Cat\u00f3lica y del Apostolado Seglar: \u00abLaicos por vocaci\u00f3n, llamados a la misi\u00f3n\u00bb - Parroquia Matriz de San Agust\u00edn","og_description":"La Iglesia celebra el&nbsp;d\u00eda de Pentecost\u00e9s, este a\u00f1o el&nbsp;19 de mayo, el&nbsp;D\u00eda de la Acci\u00f3n Cat\u00f3lica y Apostolado Seglar. \u00abLaicos por vocaci\u00f3n, llamados a la misi\u00f3n\u00bb&nbsp;es el&nbsp;lema&nbsp;que la&nbsp;Comisi\u00f3n Episcopal para los Laicos, Familia y Vida&nbsp;propone para la Jornada de este a\u00f1o. \u00bfCu\u00e1l es el mensaje de los obispos? La Jornada de este a\u00f1o, explican los obispos de la Comisi\u00f3n Episcopal para los Laicos, Familia y Vida,&nbsp;invita a todos los bautizados a proclamar el Evangelio, a la misi\u00f3n que Jes\u00fas encomend\u00f3, \u00abque se lleva a cabo con la fuerza del Esp\u00edritu Santo\u201d. Los prelados subrayan&nbsp;en su mensaje&nbsp;que \u00abel env\u00edo a la misi\u00f3n procede del Padre, que tanto nos ha ama-do que ha enviado a su \u00fanico Hijo para que alcancemos la salvaci\u00f3n, por su muerte y resurrecci\u00f3n. Y es Jes\u00fas resucitado el que ha entregado a su Iglesia, a cada uno de nosotros, el Esp\u00edritu Santo, que es el alma de la evangelizaci\u00f3n. Por tanto, es fundamental que descubramos, como miembros del Pueblo de Dios, que&nbsp;tenemos una misi\u00f3n que no es iniciativa nuestra, sino de Dios, que la sostiene y permitir\u00e1 que perdure por los siglos de los siglos\u00bb. En este sentido, el escrito recuerda la celebraci\u00f3n del&nbsp;Encuentro sobre el Primer Anuncio,&nbsp;el pasado mes de febrero y la preparaci\u00f3n para un&nbsp;Congreso sobre las Vocaciones, que tendr\u00e1 lugar en Madrid, en febrero de 2025. Con estas dos iniciativas, en el D\u00eda de la Acci\u00f3n Cat\u00f3lica y del Apostolado Seglar de este a\u00f1o 2024,&nbsp;\u00abqueremos que resuene con fuerza esa llamada que la Iglesia ha recibido,&nbsp;como asamblea de convocados, pueblo de Dios unido en la misi\u00f3n, a vivir su vocaci\u00f3n, que tiene como horizonte la misi\u00f3n. Y de un modo propio y peculiar,&nbsp;destacamos la vocaci\u00f3n laical, que se ejercita en la caridad pol\u00edtica, en el anuncio del Evangelio en el coraz\u00f3n del mundo\u00bb. Por todo ello, insisten en que&nbsp;\u00ablos laicos, desde el bautismo, han recibido una vocaci\u00f3n, que los hace sentirse corresponsables en la vida y misi\u00f3n de la Iglesia\u00bb. \u00abNuestra primera y fundamental consagraci\u00f3n \u2013 a\u00f1aden- hunde sus ra\u00edces en nuestro bautismo. A nadie han bautizado cura, ni obispo. Nos han bautizado laicos y es el signo indeleble que nunca nadie podr\u00e1 eliminar\u00bb. Para los obispos de la&nbsp;Comisi\u00f3n Episcopal para los Laicos, Familia y Vida&nbsp;se trata de que \u00abel laico sea laico\u00bb por vocaci\u00f3n, en todos los \u00e1mbitos de la vida. \u00abEl laicado vive su vocaci\u00f3n encarnado en el mundo, es decir, en los \u00e1mbitos de la familia, del trabajo, de la educaci\u00f3n, del cuidado de la casa com\u00fan y, de una manera particular, en la vida p\u00fablica\u00bb.&nbsp;Y tambi\u00e9n se desarrolla en el interior de la vida de la Iglesia, ayudando en al liturgia, en la catequesis, en los grupos parroquiales\u00bb. Finalmente, desde la Comisi\u00f3n&nbsp;agradecen el servicio de todos y cada uno de los laicos&nbsp;\u00abcomprometidos en la misi\u00f3n evangelizadora de la Iglesia\u00bb","og_url":"https:\/\/parroquiasanagustin.org\/index.php\/2024\/05\/02\/19-de-mayo-dia-de-la-accion-catolica-y-del-apostolado-seglar-laicos-por-vocacion-llamados-a-la-mision\/","og_site_name":"Parroquia Matriz de San Agust\u00edn","article_published_time":"2024-05-02T17:54:44+00:00","article_modified_time":"2024-07-03T07:17:47+00:00","og_image":[{"width":595,"height":845,"url":"https:\/\/parroquiasanagustin.org\/wp-content\/uploads\/2024\/05\/Cartel-Laicos-por-Vocacion-en-Espanol_web.jpg","type":"image\/jpeg"}],"author":"admin","twitter_card":"summary_large_image","twitter_misc":{"Escrito por":"admin","Tiempo de lectura":"3 minutos"},"schema":{"@context":"https:\/\/schema.org","@graph":[{"@type":"Article","@id":"https:\/\/parroquiasanagustin.org\/index.php\/2024\/05\/02\/19-de-mayo-dia-de-la-accion-catolica-y-del-apostolado-seglar-laicos-por-vocacion-llamados-a-la-mision\/#article","isPartOf":{"@id":"https:\/\/parroquiasanagustin.org\/index.php\/2024\/05\/02\/19-de-mayo-dia-de-la-accion-catolica-y-del-apostolado-seglar-laicos-por-vocacion-llamados-a-la-mision\/"},"author":{"name":"admin","@id":"https:\/\/parroquiasanagustin.org\/#\/schema\/person\/847433f46674263837c7be221cfa5120"},"headline":"19 de mayo, D\u00eda de la Acci\u00f3n Cat\u00f3lica y del Apostolado Seglar: \u00abLaicos por vocaci\u00f3n, llamados a la misi\u00f3n\u00bb","datePublished":"2024-05-02T17:54:44+00:00","dateModified":"2024-07-03T07:17:47+00:00","mainEntityOfPage":{"@id":"https:\/\/parroquiasanagustin.org\/index.php\/2024\/05\/02\/19-de-mayo-dia-de-la-accion-catolica-y-del-apostolado-seglar-laicos-por-vocacion-llamados-a-la-mision\/"},"wordCount":586,"publisher":{"@id":"https:\/\/parroquiasanagustin.org\/#organization"},"image":{"@id":"https:\/\/parroquiasanagustin.org\/index.php\/2024\/05\/02\/19-de-mayo-dia-de-la-accion-catolica-y-del-apostolado-seglar-laicos-por-vocacion-llamados-a-la-mision\/#primaryimage"},"thumbnailUrl":"https:\/\/parroquiasanagustin.org\/wp-content\/uploads\/2024\/05\/Cartel-Laicos-por-Vocacion-en-Espanol_web.jpg","keywords":["apostolado","jornada"],"articleSection":["Anteriores","Conferencia Episcopal"],"inLanguage":"es"},{"@type":"WebPage","@id":"https:\/\/parroquiasanagustin.org\/index.php\/2024\/05\/02\/19-de-mayo-dia-de-la-accion-catolica-y-del-apostolado-seglar-laicos-por-vocacion-llamados-a-la-mision\/","url":"https:\/\/parroquiasanagustin.org\/index.php\/2024\/05\/02\/19-de-mayo-dia-de-la-accion-catolica-y-del-apostolado-seglar-laicos-por-vocacion-llamados-a-la-mision\/","name":"19 de mayo, D\u00eda de la Acci\u00f3n Cat\u00f3lica y del Apostolado Seglar: \u00abLaicos por vocaci\u00f3n, llamados a la misi\u00f3n\u00bb - Parroquia Matriz de San Agust\u00edn","isPartOf":{"@id":"https:\/\/parroquiasanagustin.org\/#website"},"primaryImageOfPage":{"@id":"https:\/\/parroquiasanagustin.org\/index.php\/2024\/05\/02\/19-de-mayo-dia-de-la-accion-catolica-y-del-apostolado-seglar-laicos-por-vocacion-llamados-a-la-mision\/#primaryimage"},"image":{"@id":"https:\/\/parroquiasanagustin.org\/index.php\/2024\/05\/02\/19-de-mayo-dia-de-la-accion-catolica-y-del-apostolado-seglar-laicos-por-vocacion-llamados-a-la-mision\/#primaryimage"},"thumbnailUrl":"https:\/\/parroquiasanagustin.org\/wp-content\/uploads\/2024\/05\/Cartel-Laicos-por-Vocacion-en-Espanol_web.jpg","datePublished":"2024-05-02T17:54:44+00:00","dateModified":"2024-07-03T07:17:47+00:00","breadcrumb":{"@id":"https:\/\/parroquiasanagustin.org\/index.php\/2024\/05\/02\/19-de-mayo-dia-de-la-accion-catolica-y-del-apostolado-seglar-laicos-por-vocacion-llamados-a-la-mision\/#breadcrumb"},"inLanguage":"es","potentialAction":[{"@type":"ReadAction","target":["https:\/\/parroquiasanagustin.org\/index.php\/2024\/05\/02\/19-de-mayo-dia-de-la-accion-catolica-y-del-apostolado-seglar-laicos-por-vocacion-llamados-a-la-mision\/"]}]},{"@type":"ImageObject","inLanguage":"es","@id":"https:\/\/parroquiasanagustin.org\/index.php\/2024\/05\/02\/19-de-mayo-dia-de-la-accion-catolica-y-del-apostolado-seglar-laicos-por-vocacion-llamados-a-la-mision\/#primaryimage","url":"https:\/\/parroquiasanagustin.org\/wp-content\/uploads\/2024\/05\/Cartel-Laicos-por-Vocacion-en-Espanol_web.jpg","contentUrl":"https:\/\/parroquiasanagustin.org\/wp-content\/uploads\/2024\/05\/Cartel-Laicos-por-Vocacion-en-Espanol_web.jpg","width":595,"height":845},{"@type":"BreadcrumbList","@id":"https:\/\/parroquiasanagustin.org\/index.php\/2024\/05\/02\/19-de-mayo-dia-de-la-accion-catolica-y-del-apostolado-seglar-laicos-por-vocacion-llamados-a-la-mision\/#breadcrumb","itemListElement":[{"@type":"ListItem","position":1,"name":"Portada","item":"https:\/\/parroquiasanagustin.org\/"},{"@type":"ListItem","position":2,"name":"19 de mayo, D\u00eda de la Acci\u00f3n Cat\u00f3lica y del Apostolado Seglar: \u00abLaicos por vocaci\u00f3n, llamados a la misi\u00f3n\u00bb"}]},{"@type":"WebSite","@id":"https:\/\/parroquiasanagustin.org\/#website","url":"https:\/\/parroquiasanagustin.org\/","name":"Parroquia Matriz de San Agust\u00edn","description":"Iglesia de San Agust\u00edn y Santuario de Santa Rita, Vegueta, Las Palmas de Gran Canaria","publisher":{"@id":"https:\/\/parroquiasanagustin.org\/#organization"},"potentialAction":[{"@type":"SearchAction","target":{"@type":"EntryPoint","urlTemplate":"https:\/\/parroquiasanagustin.org\/?s={search_term_string}"},"query-input":{"@type":"PropertyValueSpecification","valueRequired":true,"valueName":"search_term_string"}}],"inLanguage":"es"},{"@type":"Organization","@id":"https:\/\/parroquiasanagustin.org\/#organization","name":"Parroquia Matriz de San Agust\u00edn","url":"https:\/\/parroquiasanagustin.org\/","logo":{"@type":"ImageObject","inLanguage":"es","@id":"https:\/\/parroquiasanagustin.org\/#\/schema\/logo\/image\/","url":"https:\/\/parroquiasanagustin.org\/wp-content\/uploads\/2020\/03\/iglesiaicono.jpg","contentUrl":"https:\/\/parroquiasanagustin.org\/wp-content\/uploads\/2020\/03\/iglesiaicono.jpg","width":567,"height":567,"caption":"Parroquia Matriz de San Agust\u00edn"},"image":{"@id":"https:\/\/parroquiasanagustin.org\/#\/schema\/logo\/image\/"}},{"@type":"Person","@id":"https:\/\/parroquiasanagustin.org\/#\/schema\/person\/847433f46674263837c7be221cfa5120","name":"admin","image":{"@type":"ImageObject","inLanguage":"es","@id":"https:\/\/secure.gravatar.com\/avatar\/07d4512f723a9a3b729f475206dd5edd698d449d5c20abe9a12060d2ff1e0807?s=96&d=mm&r=g","url":"https:\/\/secure.gravatar.com\/avatar\/07d4512f723a9a3b729f475206dd5edd698d449d5c20abe9a12060d2ff1e0807?s=96&d=mm&r=g","contentUrl":"https:\/\/secure.gravatar.com\/avatar\/07d4512f723a9a3b729f475206dd5edd698d449d5c20abe9a12060d2ff1e0807?s=96&d=mm&r=g","caption":"admin"},"url":"https:\/\/parroquiasanagustin.org\/index.php\/author\/admin\/"}]}},"_links":{"self":[{"href":"https:\/\/parroquiasanagustin.org\/index.php\/wp-json\/wp\/v2\/posts\/6749","targetHints":{"allow":["GET"]}}],"collection":[{"href":"https:\/\/parroquiasanagustin.org\/index.php\/wp-json\/wp\/v2\/posts"}],"about":[{"href":"https:\/\/parroquiasanagustin.org\/index.php\/wp-json\/wp\/v2\/types\/post"}],"author":[{"embeddable":true,"href":"https:\/\/parroquiasanagustin.org\/index.php\/wp-json\/wp\/v2\/users\/2"}],"replies":[{"embeddable":true,"href":"https:\/\/parroquiasanagustin.org\/index.php\/wp-json\/wp\/v2\/comments?post=6749"}],"version-history":[{"count":1,"href":"https:\/\/parroquiasanagustin.org\/index.php\/wp-json\/wp\/v2\/posts\/6749\/revisions"}],"predecessor-version":[{"id":6751,"href":"https:\/\/parroquiasanagustin.org\/index.php\/wp-json\/wp\/v2\/posts\/6749\/revisions\/6751"}],"wp:featuredmedia":[{"embeddable":true,"href":"https:\/\/parroquiasanagustin.org\/index.php\/wp-json\/wp\/v2\/media\/6750"}],"wp:attachment":[{"href":"https:\/\/parroquiasanagustin.org\/index.php\/wp-json\/wp\/v2\/media?parent=6749"}],"wp:term":[{"taxonomy":"category","embeddable":true,"href":"https:\/\/parroquiasanagustin.org\/index.php\/wp-json\/wp\/v2\/categories?post=6749"},{"taxonomy":"post_tag","embeddable":true,"href":"https:\/\/parroquiasanagustin.org\/index.php\/wp-json\/wp\/v2\/tags?post=6749"}],"curies":[{"name":"wp","href":"https:\/\/api.w.org\/{rel}","templated":true}]}}