{"id":5779,"date":"2023-07-04T10:12:54","date_gmt":"2023-07-04T10:12:54","guid":{"rendered":"https:\/\/parroquiasanagustin.org\/?p=5779"},"modified":"2023-10-04T10:06:31","modified_gmt":"2023-10-04T10:06:31","slug":"dia-del-carmen-dia-de-las-gentes-del-mar","status":"publish","type":"post","link":"https:\/\/parroquiasanagustin.org\/index.php\/2023\/07\/04\/dia-del-carmen-dia-de-las-gentes-del-mar\/","title":{"rendered":"D\u00eda del Carmen, d\u00eda de las gentes del mar"},"content":{"rendered":"<p><a href=\"https:\/\/parroquiasanagustin.org\/?attachment_id=5780\"><img fetchpriority=\"high\" decoding=\"async\" class=\"alignright wp-image-5780\" src=\"https:\/\/parroquiasanagustin.org\/wp-content\/uploads\/2023\/07\/Dia-de-las-gentes-del-mar-2023-cartel-castellano-212x300.jpg\" alt=\"\" width=\"300\" height=\"424\" srcset=\"https:\/\/parroquiasanagustin.org\/wp-content\/uploads\/2023\/07\/Dia-de-las-gentes-del-mar-2023-cartel-castellano-212x300.jpg 212w, https:\/\/parroquiasanagustin.org\/wp-content\/uploads\/2023\/07\/Dia-de-las-gentes-del-mar-2023-cartel-castellano-724x1024.jpg 724w, https:\/\/parroquiasanagustin.org\/wp-content\/uploads\/2023\/07\/Dia-de-las-gentes-del-mar-2023-cartel-castellano-768x1086.jpg 768w, https:\/\/parroquiasanagustin.org\/wp-content\/uploads\/2023\/07\/Dia-de-las-gentes-del-mar-2023-cartel-castellano-1087x1536.jpg 1087w, https:\/\/parroquiasanagustin.org\/wp-content\/uploads\/2023\/07\/Dia-de-las-gentes-del-mar-2023-cartel-castellano-1449x2048.jpg 1449w, https:\/\/parroquiasanagustin.org\/wp-content\/uploads\/2023\/07\/Dia-de-las-gentes-del-mar-2023-cartel-castellano-scaled.jpg 1132w\" sizes=\"(max-width: 300px) 100vw, 300px\" \/><\/a>El<strong>&nbsp;16 de julio<\/strong>&nbsp;la Iglesia celebra el&nbsp;<strong>D\u00eda de las gentes del mar<\/strong>, coincidiendo con la fiesta de su patrona, la Virgen del Carmen.&nbsp;<strong>\u201cDan mucho, merecen m\u00e1s\u201d<\/strong>&nbsp;es el lema que el&nbsp;<a href=\"https:\/\/social.conferenciaepiscopal.es\/tema\/noticias\/stella-maris\/\" target=\"_blank\" rel=\"noreferrer noopener\">departamento \u00abStella maris\u00bb<\/a>&nbsp;(Apostolado del Mar) propone para este a\u00f1o.<\/p>\n<h3 id=\"1-mensaje\" class=\"wp-block-heading\">\u00bfCu\u00e1l es el mensaje del obispo promotor?<\/h3>\n<p><strong>\u201cDan mucho, merecen m\u00e1s\u201d<\/strong>&nbsp;es el lema de este a\u00f1o con&nbsp;<strong>un contenido<\/strong>,<strong>&nbsp;<\/strong>afirma el obispo promotor del Apostolado del Mar,&nbsp;<strong><a href=\"https:\/\/www.conferenciaepiscopal.es\/obispos\/luis-quinteiro-fiuza\/\" data-type=\"jtacee-obispos\" data-id=\"342\">Mons. Luis Quinteiro Fiuza<\/a>, \u201cbien elocuente: la gente de mar da mucho\u201d<\/strong>. El mundo de la pesca, la marina mercante con el transporte de mercanc\u00edas o el tr\u00e1fico de pasajeros avalan que el trabajo de la gente del mar&nbsp;<strong>\u201cproporciona mucho bienestar a la poblaci\u00f3n mundial\u201d.<\/strong><\/p>\n<p>Y&nbsp;<strong>\u00bfc\u00f3mo se les protege?&nbsp;<\/strong>Se pregunta&nbsp;<strong>Mons. Quinteiro<\/strong>. La respuesta est\u00e1 en los convenios internacionales, \u201cque son instrumentos muy importantes que ayudan al bienestar de la gente de mar\u201d. Sin embargo, lamenta, \u201cde un lado buscan garantizar m\u00ednimos y, por otro lado, en la pr\u00e1ctica, su aplicaci\u00f3n no siempre es la m\u00e1s adecuada\u201d.<\/p>\n<p>El tambi\u00e9n obispo de&nbsp;<a href=\"https:\/\/www.diocesetuivigo.org\/\" target=\"_blank\" rel=\"noreferrer noopener\">Tui-Vigo<\/a>&nbsp;resalta la&nbsp;<strong>exigencia del trabajo en el mar<\/strong>, \u201cen muchos casos peligroso, como muestran lamentablemente los accidentes que, especialmente en la pesca, todos los a\u00f1os se producen. Las jornadas son largas y los ritmos de trabajo cada vez m\u00e1s estresantes\u201d. Sin embargo,&nbsp;<strong>\u201cnos encontramos con que la sociedad los valora muy poco\u201d.<\/strong><\/p>\n<div class=\"wp-block-spacer\" aria-hidden=\"true\">&nbsp;<\/div>\n<p><strong>\u201cLa gente del mar merece mucho m\u00e1s\u201d<\/strong><\/p>\n<div class=\"wp-block-spacer\" aria-hidden=\"true\">&nbsp;<\/div>\n<p>Ante esta situaci\u00f3n,&nbsp;<strong>Mons. Quinteiro reclama que \u201cla gente del mar merece mucho m\u00e1s:&nbsp;<\/strong>merece m\u00e1s atenci\u00f3n, seguridad f\u00edsica y laboral, una acogida humana cuando llegan a puerto, un contacto lo m\u00e1s fluido posible con sus familias, suficientes vacaciones y salarios acordes a sus circunstancias de vida y trabajo\u201d.<\/p>\n<p>Tambi\u00e9n&nbsp;<strong>denuncia<\/strong>&nbsp;que \u201cla globalizaci\u00f3n, la proliferaci\u00f3n de barcos bajo bandera de conveniencia, la entrada masiva de marinos y pescadores de pa\u00edses del Tercer Mundo, con menores pretensiones salariales, han tra\u00eddo un&nbsp;<strong>retroceso general de las condiciones laborales de la gente de mar\u201d.<\/strong><\/p>\n<p>En medio de esta situaci\u00f3n,&nbsp;<strong>la Iglesia celebra la fiesta de la Virgen del Carmen<\/strong>, que \u201cse vive con aut\u00e9ntica devoci\u00f3n popular, como nos lo demuestran las innumerables procesiones marineras que se producen a lo largo de la costa espa\u00f1ola. Cualquier puerto, por peque\u00f1o que sea, quiere honrar a su patrona\u201d. Los pescadores salen con sus barcos engalanados para \u00ab\u00a1que todos la vean!\u201d.<\/p>\n<div class=\"wp-block-spacer\" aria-hidden=\"true\">&nbsp;<\/div>\n<p><strong>\u201cRindamos homenaje a la gente de mar\u201d<\/strong><\/p>\n<div class=\"wp-block-spacer\" aria-hidden=\"true\">&nbsp;<\/div>\n<p><strong>\u201cCelebr\u00e9moslo con alegr\u00eda, hagamos fiesta\u201d&nbsp;<\/strong>se\u00f1ala Mons. Quinteiro,&nbsp;<strong>pero al mismo tiempo, \u201crindamos homenaje a la gente de mar\u201d<\/strong>&nbsp;que \u201cha sufrido y sufre a\u00fan en parte las consecuencias de la guerra de Ucrania. Muchos marinos han visto c\u00f3mo sus familias hu\u00edan y huyen a otros pa\u00edses, con dificultades para comunicarse con ellos y con la incertidumbre de no saber cu\u00e1ndo y d\u00f3nde volver a reunirse\u201d.<\/p>\n<p>El prelado propone hacer una breve&nbsp;<strong>reflexi\u00f3n<\/strong>&nbsp;sobre la vulnerabilidad de la gente de mar y sobre lo necesitados que est\u00e1n de asistencia y de ayuda para salir del aislamiento que frecuentemente sufren.<\/p>\n<p>El&nbsp;<strong>Apostolado del Mar<\/strong>, desde sus inicios, como destac\u00f3 el cardenal Mons. D. Michael Czerny, prefecto del Dicasterio para el Servicio del Desarrollo Humano Integral, realiza un servicio en favor de la gente de mar y sus familias. Y particularmente en estos \u00faltimos a\u00f1os en los que la pandemia y el conflicto en Ucrania han \u201cexacerbado las condiciones laborales de la gente de mar, a menudo privada de sus derechos y dignidad\u201d.<\/p>\n<p>Por eso,&nbsp;<strong>Mons. Quinteiro&nbsp;<\/strong>resalta la importancia de que en los puertos haya un<strong>&nbsp;servicio de asistencia a las tripulaciones<\/strong>, \u201cque se tengan en cuenta sus necesidades humanas, as\u00ed como las de los pescadores, y que se vele por su dignidad\u201d. La Organizaci\u00f3n Internacional del Trabajo lo indica y la Organizaci\u00f3n Mar\u00edtima Internacional repite una y otra vez \u201cque el bienestar de las gentes del mar es tambi\u00e9n b\u00e1sico para el buen funcionamiento del tr\u00e1fico mar\u00edtimo. De esas personas vulnerables depende, en gran medida, el abastecimiento de nuestra sociedad y el desplazamiento de muchas personas\u201d.<\/p>\n<p>El prelado concluye&nbsp;<strong>pidiendo a la Virgen del Carmen que las gentes del mar y sus familias \u201creciban una mayor atenci\u00f3n general a sus necesidades, recordando siempre que: \u00abdan mucho, merecen m\u00e1s\u00bb.\u201d<\/strong><\/p>\n<p><a href=\"https:\/\/www.conferenciaepiscopal.es\/dia-gentes-del-mar-2023\/\">m\u00e1s informaci\u00f3n en la web de la Conferencia Episcopal<\/a><\/p>\n","protected":false},"excerpt":{"rendered":"<p>El&nbsp;16 de julio&nbsp;la Iglesia celebra el&nbsp;D\u00eda de las gentes del mar, coincidiendo con la fiesta de su patrona, la Virgen del Carmen.&nbsp;\u201cDan mucho, merecen m\u00e1s\u201d&nbsp;es el lema que el&nbsp;departamento \u00abStella maris\u00bb&nbsp;(Apostolado del Mar) propone para este a\u00f1o. \u00bfCu\u00e1l es el mensaje del obispo promotor? \u201cDan mucho, merecen m\u00e1s\u201d&nbsp;es el lema de este a\u00f1o con&nbsp;un contenido,&nbsp;afirma el obispo promotor del Apostolado del Mar,&nbsp;Mons. Luis Quinteiro Fiuza, \u201cbien elocuente: la gente de mar da mucho\u201d. El mundo de la pesca, la marina mercante con el transporte de mercanc\u00edas o el tr\u00e1fico de pasajeros avalan que el trabajo de la gente del mar&nbsp;\u201cproporciona mucho bienestar a la poblaci\u00f3n mundial\u201d. Y&nbsp;\u00bfc\u00f3mo se les protege?&nbsp;Se pregunta&nbsp;Mons. Quinteiro. La respuesta est\u00e1 en los convenios internacionales, \u201cque son instrumentos muy importantes que ayudan al bienestar de la gente de mar\u201d. Sin embargo, lamenta, \u201cde un lado buscan garantizar m\u00ednimos y, por otro lado, en la pr\u00e1ctica, su aplicaci\u00f3n no siempre es la m\u00e1s adecuada\u201d. El tambi\u00e9n obispo de&nbsp;Tui-Vigo&nbsp;resalta la&nbsp;exigencia del trabajo en el mar, \u201cen muchos casos peligroso, como muestran lamentablemente los accidentes que, especialmente en la pesca, todos los a\u00f1os se producen. Las jornadas son largas y los ritmos de trabajo cada vez m\u00e1s estresantes\u201d. Sin embargo,&nbsp;\u201cnos encontramos con que la sociedad los valora muy poco\u201d. &nbsp; \u201cLa gente del mar merece mucho m\u00e1s\u201d &nbsp; Ante esta situaci\u00f3n,&nbsp;Mons. Quinteiro reclama que \u201cla gente del mar merece mucho m\u00e1s:&nbsp;merece m\u00e1s atenci\u00f3n, seguridad f\u00edsica y laboral, una acogida humana cuando llegan a puerto, un contacto lo m\u00e1s fluido posible con sus familias, suficientes vacaciones y salarios acordes a sus circunstancias de vida y trabajo\u201d. Tambi\u00e9n&nbsp;denuncia&nbsp;que \u201cla globalizaci\u00f3n, la proliferaci\u00f3n de barcos bajo bandera de conveniencia, la entrada masiva de marinos y pescadores de pa\u00edses del Tercer Mundo, con menores pretensiones salariales, han tra\u00eddo un&nbsp;retroceso general de las condiciones laborales de la gente de mar\u201d. En medio de esta situaci\u00f3n,&nbsp;la Iglesia celebra la fiesta de la Virgen del Carmen, que \u201cse vive con aut\u00e9ntica devoci\u00f3n popular, como nos lo demuestran las innumerables procesiones marineras que se producen a lo largo de la costa espa\u00f1ola. Cualquier puerto, por peque\u00f1o que sea, quiere honrar a su patrona\u201d. Los pescadores salen con sus barcos engalanados para \u00ab\u00a1que todos la vean!\u201d. &nbsp; \u201cRindamos homenaje a la gente de mar\u201d &nbsp; \u201cCelebr\u00e9moslo con alegr\u00eda, hagamos fiesta\u201d&nbsp;se\u00f1ala Mons. Quinteiro,&nbsp;pero al mismo tiempo, \u201crindamos homenaje a la gente de mar\u201d&nbsp;que \u201cha sufrido y sufre a\u00fan en parte las consecuencias de la guerra de Ucrania. Muchos marinos han visto c\u00f3mo sus familias hu\u00edan y huyen a otros pa\u00edses, con dificultades para comunicarse con ellos y con la incertidumbre de no saber cu\u00e1ndo y d\u00f3nde volver a reunirse\u201d. El prelado propone hacer una breve&nbsp;reflexi\u00f3n&nbsp;sobre la vulnerabilidad de la gente de mar y sobre lo necesitados que est\u00e1n de asistencia y de ayuda para salir del aislamiento que frecuentemente sufren. El&nbsp;Apostolado del Mar, desde sus inicios, como destac\u00f3 el cardenal Mons. D. Michael Czerny, prefecto del Dicasterio para el Servicio del Desarrollo Humano Integral, realiza un servicio en favor de la gente de mar y sus familias. Y particularmente en estos \u00faltimos a\u00f1os en los que la pandemia y el conflicto en Ucrania han \u201cexacerbado las condiciones laborales de la gente de mar, a menudo privada de sus derechos y dignidad\u201d. Por eso,&nbsp;Mons. Quinteiro&nbsp;resalta la importancia de que en los puertos haya un&nbsp;servicio de asistencia a las tripulaciones, \u201cque se tengan en cuenta sus necesidades humanas, as\u00ed como las de los pescadores, y que se vele por su dignidad\u201d. La Organizaci\u00f3n Internacional del Trabajo lo indica y la Organizaci\u00f3n Mar\u00edtima Internacional repite una y otra vez \u201cque el bienestar de las gentes del mar es tambi\u00e9n b\u00e1sico para el buen funcionamiento del tr\u00e1fico mar\u00edtimo. De esas personas vulnerables depende, en gran medida, el abastecimiento de nuestra sociedad y el desplazamiento de muchas personas\u201d. El prelado concluye&nbsp;pidiendo a la Virgen del Carmen que las gentes del mar y sus familias \u201creciban una mayor atenci\u00f3n general a sus necesidades, recordando siempre que: \u00abdan mucho, merecen m\u00e1s\u00bb.\u201d m\u00e1s informaci\u00f3n en la web de la Conferencia Episcopal<\/p>\n","protected":false},"author":2,"featured_media":5780,"comment_status":"closed","ping_status":"closed","sticky":false,"template":"","format":"standard","meta":{"ocean_front_end_style_editor":"no","ocean_post_layout":"","ocean_both_sidebars_style":"","ocean_both_sidebars_content_width":0,"ocean_both_sidebars_sidebars_width":0,"ocean_sidebar":"0","ocean_second_sidebar":"0","ocean_disable_margins":"enable","ocean_add_body_class":"","ocean_shortcode_before_top_bar":"","ocean_shortcode_after_top_bar":"","ocean_shortcode_before_header":"","ocean_shortcode_after_header":"","ocean_has_shortcode":"","ocean_shortcode_after_title":"","ocean_shortcode_before_footer_widgets":"","ocean_shortcode_after_footer_widgets":"","ocean_shortcode_before_footer_bottom":"","ocean_shortcode_after_footer_bottom":"","ocean_display_top_bar":"default","ocean_display_header":"default","ocean_header_style":"","ocean_center_header_left_menu":"0","ocean_custom_header_template":"0","ocean_custom_logo":0,"ocean_custom_retina_logo":0,"ocean_custom_logo_max_width":0,"ocean_custom_logo_tablet_max_width":0,"ocean_custom_logo_mobile_max_width":0,"ocean_custom_logo_max_height":0,"ocean_custom_logo_tablet_max_height":0,"ocean_custom_logo_mobile_max_height":0,"ocean_header_custom_menu":"0","ocean_menu_typo_font_family":"0","ocean_menu_typo_font_subset":"","ocean_menu_typo_font_size":0,"ocean_menu_typo_font_size_tablet":0,"ocean_menu_typo_font_size_mobile":0,"ocean_menu_typo_font_size_unit":"px","ocean_menu_typo_font_weight":"","ocean_menu_typo_font_weight_tablet":"","ocean_menu_typo_font_weight_mobile":"","ocean_menu_typo_transform":"","ocean_menu_typo_transform_tablet":"","ocean_menu_typo_transform_mobile":"","ocean_menu_typo_line_height":0,"ocean_menu_typo_line_height_tablet":0,"ocean_menu_typo_line_height_mobile":0,"ocean_menu_typo_line_height_unit":"","ocean_menu_typo_spacing":0,"ocean_menu_typo_spacing_tablet":0,"ocean_menu_typo_spacing_mobile":0,"ocean_menu_typo_spacing_unit":"","ocean_menu_link_color":"","ocean_menu_link_color_hover":"","ocean_menu_link_color_active":"","ocean_menu_link_background":"","ocean_menu_link_hover_background":"","ocean_menu_link_active_background":"","ocean_menu_social_links_bg":"","ocean_menu_social_hover_links_bg":"","ocean_menu_social_links_color":"","ocean_menu_social_hover_links_color":"","ocean_disable_title":"default","ocean_disable_heading":"default","ocean_post_title":"","ocean_post_subheading":"","ocean_post_title_style":"","ocean_post_title_background_color":"","ocean_post_title_background":0,"ocean_post_title_bg_image_position":"","ocean_post_title_bg_image_attachment":"","ocean_post_title_bg_image_repeat":"","ocean_post_title_bg_image_size":"","ocean_post_title_height":0,"ocean_post_title_bg_overlay":0.5,"ocean_post_title_bg_overlay_color":"","ocean_disable_breadcrumbs":"default","ocean_breadcrumbs_color":"","ocean_breadcrumbs_separator_color":"","ocean_breadcrumbs_links_color":"","ocean_breadcrumbs_links_hover_color":"","ocean_display_footer_widgets":"default","ocean_display_footer_bottom":"default","ocean_custom_footer_template":"0","ocean_post_oembed":"","ocean_post_self_hosted_media":"","ocean_post_video_embed":"","ocean_link_format":"","ocean_link_format_target":"self","ocean_quote_format":"","ocean_quote_format_link":"post","ocean_gallery_link_images":"off","ocean_gallery_id":[],"footnotes":""},"categories":[138,62,1],"tags":[119,53,64],"class_list":["post-5779","post","type-post","status-publish","format-standard","has-post-thumbnail","hentry","category-anteriores","category-conferencia-episcopal","category-sin-categoria","tag-carmen","tag-jornada","tag-mar","entry","has-media"],"yoast_head":"<!-- This site is optimized with the Yoast SEO plugin v28.3 - https:\/\/yoast.com\/product\/yoast-seo-wordpress\/ -->\n<title>D\u00eda del Carmen, d\u00eda de las gentes del mar - Parroquia Matriz de San Agust\u00edn<\/title>\n<meta name=\"robots\" content=\"index, follow, max-snippet:-1, max-image-preview:large, max-video-preview:-1\" \/>\n<link rel=\"canonical\" href=\"https:\/\/parroquiasanagustin.org\/index.php\/2023\/07\/04\/dia-del-carmen-dia-de-las-gentes-del-mar\/\" \/>\n<meta property=\"og:locale\" content=\"es_ES\" \/>\n<meta property=\"og:type\" content=\"article\" \/>\n<meta property=\"og:title\" content=\"D\u00eda del Carmen, d\u00eda de las gentes del mar - Parroquia Matriz de San Agust\u00edn\" \/>\n<meta property=\"og:description\" content=\"El&nbsp;16 de julio&nbsp;la Iglesia celebra el&nbsp;D\u00eda de las gentes del mar, coincidiendo con la fiesta de su patrona, la Virgen del Carmen.&nbsp;\u201cDan mucho, merecen m\u00e1s\u201d&nbsp;es el lema que el&nbsp;departamento \u00abStella maris\u00bb&nbsp;(Apostolado del Mar) propone para este a\u00f1o. \u00bfCu\u00e1l es el mensaje del obispo promotor? \u201cDan mucho, merecen m\u00e1s\u201d&nbsp;es el lema de este a\u00f1o con&nbsp;un contenido,&nbsp;afirma el obispo promotor del Apostolado del Mar,&nbsp;Mons. Luis Quinteiro Fiuza, \u201cbien elocuente: la gente de mar da mucho\u201d. El mundo de la pesca, la marina mercante con el transporte de mercanc\u00edas o el tr\u00e1fico de pasajeros avalan que el trabajo de la gente del mar&nbsp;\u201cproporciona mucho bienestar a la poblaci\u00f3n mundial\u201d. Y&nbsp;\u00bfc\u00f3mo se les protege?&nbsp;Se pregunta&nbsp;Mons. Quinteiro. La respuesta est\u00e1 en los convenios internacionales, \u201cque son instrumentos muy importantes que ayudan al bienestar de la gente de mar\u201d. Sin embargo, lamenta, \u201cde un lado buscan garantizar m\u00ednimos y, por otro lado, en la pr\u00e1ctica, su aplicaci\u00f3n no siempre es la m\u00e1s adecuada\u201d. El tambi\u00e9n obispo de&nbsp;Tui-Vigo&nbsp;resalta la&nbsp;exigencia del trabajo en el mar, \u201cen muchos casos peligroso, como muestran lamentablemente los accidentes que, especialmente en la pesca, todos los a\u00f1os se producen. Las jornadas son largas y los ritmos de trabajo cada vez m\u00e1s estresantes\u201d. Sin embargo,&nbsp;\u201cnos encontramos con que la sociedad los valora muy poco\u201d. &nbsp; \u201cLa gente del mar merece mucho m\u00e1s\u201d &nbsp; Ante esta situaci\u00f3n,&nbsp;Mons. Quinteiro reclama que \u201cla gente del mar merece mucho m\u00e1s:&nbsp;merece m\u00e1s atenci\u00f3n, seguridad f\u00edsica y laboral, una acogida humana cuando llegan a puerto, un contacto lo m\u00e1s fluido posible con sus familias, suficientes vacaciones y salarios acordes a sus circunstancias de vida y trabajo\u201d. Tambi\u00e9n&nbsp;denuncia&nbsp;que \u201cla globalizaci\u00f3n, la proliferaci\u00f3n de barcos bajo bandera de conveniencia, la entrada masiva de marinos y pescadores de pa\u00edses del Tercer Mundo, con menores pretensiones salariales, han tra\u00eddo un&nbsp;retroceso general de las condiciones laborales de la gente de mar\u201d. En medio de esta situaci\u00f3n,&nbsp;la Iglesia celebra la fiesta de la Virgen del Carmen, que \u201cse vive con aut\u00e9ntica devoci\u00f3n popular, como nos lo demuestran las innumerables procesiones marineras que se producen a lo largo de la costa espa\u00f1ola. Cualquier puerto, por peque\u00f1o que sea, quiere honrar a su patrona\u201d. Los pescadores salen con sus barcos engalanados para \u00ab\u00a1que todos la vean!\u201d. &nbsp; \u201cRindamos homenaje a la gente de mar\u201d &nbsp; \u201cCelebr\u00e9moslo con alegr\u00eda, hagamos fiesta\u201d&nbsp;se\u00f1ala Mons. Quinteiro,&nbsp;pero al mismo tiempo, \u201crindamos homenaje a la gente de mar\u201d&nbsp;que \u201cha sufrido y sufre a\u00fan en parte las consecuencias de la guerra de Ucrania. Muchos marinos han visto c\u00f3mo sus familias hu\u00edan y huyen a otros pa\u00edses, con dificultades para comunicarse con ellos y con la incertidumbre de no saber cu\u00e1ndo y d\u00f3nde volver a reunirse\u201d. El prelado propone hacer una breve&nbsp;reflexi\u00f3n&nbsp;sobre la vulnerabilidad de la gente de mar y sobre lo necesitados que est\u00e1n de asistencia y de ayuda para salir del aislamiento que frecuentemente sufren. El&nbsp;Apostolado del Mar, desde sus inicios, como destac\u00f3 el cardenal Mons. D. Michael Czerny, prefecto del Dicasterio para el Servicio del Desarrollo Humano Integral, realiza un servicio en favor de la gente de mar y sus familias. Y particularmente en estos \u00faltimos a\u00f1os en los que la pandemia y el conflicto en Ucrania han \u201cexacerbado las condiciones laborales de la gente de mar, a menudo privada de sus derechos y dignidad\u201d. Por eso,&nbsp;Mons. Quinteiro&nbsp;resalta la importancia de que en los puertos haya un&nbsp;servicio de asistencia a las tripulaciones, \u201cque se tengan en cuenta sus necesidades humanas, as\u00ed como las de los pescadores, y que se vele por su dignidad\u201d. La Organizaci\u00f3n Internacional del Trabajo lo indica y la Organizaci\u00f3n Mar\u00edtima Internacional repite una y otra vez \u201cque el bienestar de las gentes del mar es tambi\u00e9n b\u00e1sico para el buen funcionamiento del tr\u00e1fico mar\u00edtimo. De esas personas vulnerables depende, en gran medida, el abastecimiento de nuestra sociedad y el desplazamiento de muchas personas\u201d. El prelado concluye&nbsp;pidiendo a la Virgen del Carmen que las gentes del mar y sus familias \u201creciban una mayor atenci\u00f3n general a sus necesidades, recordando siempre que: \u00abdan mucho, merecen m\u00e1s\u00bb.\u201d m\u00e1s informaci\u00f3n en la web de la Conferencia Episcopal\" \/>\n<meta property=\"og:url\" content=\"https:\/\/parroquiasanagustin.org\/index.php\/2023\/07\/04\/dia-del-carmen-dia-de-las-gentes-del-mar\/\" \/>\n<meta property=\"og:site_name\" content=\"Parroquia Matriz de San Agust\u00edn\" \/>\n<meta property=\"article:published_time\" content=\"2023-07-04T10:12:54+00:00\" \/>\n<meta property=\"article:modified_time\" content=\"2023-10-04T10:06:31+00:00\" \/>\n<meta property=\"og:image\" content=\"https:\/\/parroquiasanagustin.org\/wp-content\/uploads\/2023\/07\/Dia-de-las-gentes-del-mar-2023-cartel-castellano-scaled.jpg\" \/>\n\t<meta property=\"og:image:width\" content=\"1132\" \/>\n\t<meta property=\"og:image:height\" content=\"1600\" \/>\n\t<meta property=\"og:image:type\" content=\"image\/jpeg\" \/>\n<meta name=\"author\" content=\"admin\" \/>\n<meta name=\"twitter:card\" content=\"summary_large_image\" \/>\n<meta name=\"twitter:label1\" content=\"Escrito por\" \/>\n\t<meta name=\"twitter:data1\" content=\"admin\" \/>\n\t<meta name=\"twitter:label2\" content=\"Tiempo de lectura\" \/>\n\t<meta name=\"twitter:data2\" content=\"4 minutos\" \/>\n<script type=\"application\/ld+json\" class=\"yoast-schema-graph\">{\"@context\":\"https:\\\/\\\/schema.org\",\"@graph\":[{\"@type\":\"Article\",\"@id\":\"https:\\\/\\\/parroquiasanagustin.org\\\/index.php\\\/2023\\\/07\\\/04\\\/dia-del-carmen-dia-de-las-gentes-del-mar\\\/#article\",\"isPartOf\":{\"@id\":\"https:\\\/\\\/parroquiasanagustin.org\\\/index.php\\\/2023\\\/07\\\/04\\\/dia-del-carmen-dia-de-las-gentes-del-mar\\\/\"},\"author\":{\"name\":\"admin\",\"@id\":\"https:\\\/\\\/parroquiasanagustin.org\\\/#\\\/schema\\\/person\\\/847433f46674263837c7be221cfa5120\"},\"headline\":\"D\u00eda del Carmen, d\u00eda de las gentes del mar\",\"datePublished\":\"2023-07-04T10:12:54+00:00\",\"dateModified\":\"2023-10-04T10:06:31+00:00\",\"mainEntityOfPage\":{\"@id\":\"https:\\\/\\\/parroquiasanagustin.org\\\/index.php\\\/2023\\\/07\\\/04\\\/dia-del-carmen-dia-de-las-gentes-del-mar\\\/\"},\"wordCount\":811,\"publisher\":{\"@id\":\"https:\\\/\\\/parroquiasanagustin.org\\\/#organization\"},\"image\":{\"@id\":\"https:\\\/\\\/parroquiasanagustin.org\\\/index.php\\\/2023\\\/07\\\/04\\\/dia-del-carmen-dia-de-las-gentes-del-mar\\\/#primaryimage\"},\"thumbnailUrl\":\"https:\\\/\\\/parroquiasanagustin.org\\\/wp-content\\\/uploads\\\/2023\\\/07\\\/Dia-de-las-gentes-del-mar-2023-cartel-castellano-scaled.jpg\",\"keywords\":[\"carmen\",\"jornada\",\"Mar\"],\"articleSection\":[\"Anteriores\",\"Conferencia Episcopal\"],\"inLanguage\":\"es\"},{\"@type\":\"WebPage\",\"@id\":\"https:\\\/\\\/parroquiasanagustin.org\\\/index.php\\\/2023\\\/07\\\/04\\\/dia-del-carmen-dia-de-las-gentes-del-mar\\\/\",\"url\":\"https:\\\/\\\/parroquiasanagustin.org\\\/index.php\\\/2023\\\/07\\\/04\\\/dia-del-carmen-dia-de-las-gentes-del-mar\\\/\",\"name\":\"D\u00eda del Carmen, d\u00eda de las gentes del mar - Parroquia Matriz de San Agust\u00edn\",\"isPartOf\":{\"@id\":\"https:\\\/\\\/parroquiasanagustin.org\\\/#website\"},\"primaryImageOfPage\":{\"@id\":\"https:\\\/\\\/parroquiasanagustin.org\\\/index.php\\\/2023\\\/07\\\/04\\\/dia-del-carmen-dia-de-las-gentes-del-mar\\\/#primaryimage\"},\"image\":{\"@id\":\"https:\\\/\\\/parroquiasanagustin.org\\\/index.php\\\/2023\\\/07\\\/04\\\/dia-del-carmen-dia-de-las-gentes-del-mar\\\/#primaryimage\"},\"thumbnailUrl\":\"https:\\\/\\\/parroquiasanagustin.org\\\/wp-content\\\/uploads\\\/2023\\\/07\\\/Dia-de-las-gentes-del-mar-2023-cartel-castellano-scaled.jpg\",\"datePublished\":\"2023-07-04T10:12:54+00:00\",\"dateModified\":\"2023-10-04T10:06:31+00:00\",\"breadcrumb\":{\"@id\":\"https:\\\/\\\/parroquiasanagustin.org\\\/index.php\\\/2023\\\/07\\\/04\\\/dia-del-carmen-dia-de-las-gentes-del-mar\\\/#breadcrumb\"},\"inLanguage\":\"es\",\"potentialAction\":[{\"@type\":\"ReadAction\",\"target\":[\"https:\\\/\\\/parroquiasanagustin.org\\\/index.php\\\/2023\\\/07\\\/04\\\/dia-del-carmen-dia-de-las-gentes-del-mar\\\/\"]}]},{\"@type\":\"ImageObject\",\"inLanguage\":\"es\",\"@id\":\"https:\\\/\\\/parroquiasanagustin.org\\\/index.php\\\/2023\\\/07\\\/04\\\/dia-del-carmen-dia-de-las-gentes-del-mar\\\/#primaryimage\",\"url\":\"https:\\\/\\\/parroquiasanagustin.org\\\/wp-content\\\/uploads\\\/2023\\\/07\\\/Dia-de-las-gentes-del-mar-2023-cartel-castellano-scaled.jpg\",\"contentUrl\":\"https:\\\/\\\/parroquiasanagustin.org\\\/wp-content\\\/uploads\\\/2023\\\/07\\\/Dia-de-las-gentes-del-mar-2023-cartel-castellano-scaled.jpg\",\"width\":1132,\"height\":1600},{\"@type\":\"BreadcrumbList\",\"@id\":\"https:\\\/\\\/parroquiasanagustin.org\\\/index.php\\\/2023\\\/07\\\/04\\\/dia-del-carmen-dia-de-las-gentes-del-mar\\\/#breadcrumb\",\"itemListElement\":[{\"@type\":\"ListItem\",\"position\":1,\"name\":\"Portada\",\"item\":\"https:\\\/\\\/parroquiasanagustin.org\\\/\"},{\"@type\":\"ListItem\",\"position\":2,\"name\":\"D\u00eda del Carmen, d\u00eda de las gentes del mar\"}]},{\"@type\":\"WebSite\",\"@id\":\"https:\\\/\\\/parroquiasanagustin.org\\\/#website\",\"url\":\"https:\\\/\\\/parroquiasanagustin.org\\\/\",\"name\":\"Parroquia Matriz de San Agust\u00edn\",\"description\":\"Iglesia de San Agust\u00edn y Santuario de Santa Rita, Vegueta, Las Palmas de Gran Canaria\",\"publisher\":{\"@id\":\"https:\\\/\\\/parroquiasanagustin.org\\\/#organization\"},\"potentialAction\":[{\"@type\":\"SearchAction\",\"target\":{\"@type\":\"EntryPoint\",\"urlTemplate\":\"https:\\\/\\\/parroquiasanagustin.org\\\/?s={search_term_string}\"},\"query-input\":{\"@type\":\"PropertyValueSpecification\",\"valueRequired\":true,\"valueName\":\"search_term_string\"}}],\"inLanguage\":\"es\"},{\"@type\":\"Organization\",\"@id\":\"https:\\\/\\\/parroquiasanagustin.org\\\/#organization\",\"name\":\"Parroquia Matriz de San Agust\u00edn\",\"url\":\"https:\\\/\\\/parroquiasanagustin.org\\\/\",\"logo\":{\"@type\":\"ImageObject\",\"inLanguage\":\"es\",\"@id\":\"https:\\\/\\\/parroquiasanagustin.org\\\/#\\\/schema\\\/logo\\\/image\\\/\",\"url\":\"https:\\\/\\\/parroquiasanagustin.org\\\/wp-content\\\/uploads\\\/2020\\\/03\\\/iglesiaicono.jpg\",\"contentUrl\":\"https:\\\/\\\/parroquiasanagustin.org\\\/wp-content\\\/uploads\\\/2020\\\/03\\\/iglesiaicono.jpg\",\"width\":567,\"height\":567,\"caption\":\"Parroquia Matriz de San Agust\u00edn\"},\"image\":{\"@id\":\"https:\\\/\\\/parroquiasanagustin.org\\\/#\\\/schema\\\/logo\\\/image\\\/\"}},{\"@type\":\"Person\",\"@id\":\"https:\\\/\\\/parroquiasanagustin.org\\\/#\\\/schema\\\/person\\\/847433f46674263837c7be221cfa5120\",\"name\":\"admin\",\"image\":{\"@type\":\"ImageObject\",\"inLanguage\":\"es\",\"@id\":\"https:\\\/\\\/secure.gravatar.com\\\/avatar\\\/07d4512f723a9a3b729f475206dd5edd698d449d5c20abe9a12060d2ff1e0807?s=96&d=mm&r=g\",\"url\":\"https:\\\/\\\/secure.gravatar.com\\\/avatar\\\/07d4512f723a9a3b729f475206dd5edd698d449d5c20abe9a12060d2ff1e0807?s=96&d=mm&r=g\",\"contentUrl\":\"https:\\\/\\\/secure.gravatar.com\\\/avatar\\\/07d4512f723a9a3b729f475206dd5edd698d449d5c20abe9a12060d2ff1e0807?s=96&d=mm&r=g\",\"caption\":\"admin\"},\"url\":\"https:\\\/\\\/parroquiasanagustin.org\\\/index.php\\\/author\\\/admin\\\/\"}]}<\/script>\n<!-- \/ Yoast SEO plugin. -->","yoast_head_json":{"title":"D\u00eda del Carmen, d\u00eda de las gentes del mar - Parroquia Matriz de San Agust\u00edn","robots":{"index":"index","follow":"follow","max-snippet":"max-snippet:-1","max-image-preview":"max-image-preview:large","max-video-preview":"max-video-preview:-1"},"canonical":"https:\/\/parroquiasanagustin.org\/index.php\/2023\/07\/04\/dia-del-carmen-dia-de-las-gentes-del-mar\/","og_locale":"es_ES","og_type":"article","og_title":"D\u00eda del Carmen, d\u00eda de las gentes del mar - Parroquia Matriz de San Agust\u00edn","og_description":"El&nbsp;16 de julio&nbsp;la Iglesia celebra el&nbsp;D\u00eda de las gentes del mar, coincidiendo con la fiesta de su patrona, la Virgen del Carmen.&nbsp;\u201cDan mucho, merecen m\u00e1s\u201d&nbsp;es el lema que el&nbsp;departamento \u00abStella maris\u00bb&nbsp;(Apostolado del Mar) propone para este a\u00f1o. \u00bfCu\u00e1l es el mensaje del obispo promotor? \u201cDan mucho, merecen m\u00e1s\u201d&nbsp;es el lema de este a\u00f1o con&nbsp;un contenido,&nbsp;afirma el obispo promotor del Apostolado del Mar,&nbsp;Mons. Luis Quinteiro Fiuza, \u201cbien elocuente: la gente de mar da mucho\u201d. El mundo de la pesca, la marina mercante con el transporte de mercanc\u00edas o el tr\u00e1fico de pasajeros avalan que el trabajo de la gente del mar&nbsp;\u201cproporciona mucho bienestar a la poblaci\u00f3n mundial\u201d. Y&nbsp;\u00bfc\u00f3mo se les protege?&nbsp;Se pregunta&nbsp;Mons. Quinteiro. La respuesta est\u00e1 en los convenios internacionales, \u201cque son instrumentos muy importantes que ayudan al bienestar de la gente de mar\u201d. Sin embargo, lamenta, \u201cde un lado buscan garantizar m\u00ednimos y, por otro lado, en la pr\u00e1ctica, su aplicaci\u00f3n no siempre es la m\u00e1s adecuada\u201d. El tambi\u00e9n obispo de&nbsp;Tui-Vigo&nbsp;resalta la&nbsp;exigencia del trabajo en el mar, \u201cen muchos casos peligroso, como muestran lamentablemente los accidentes que, especialmente en la pesca, todos los a\u00f1os se producen. Las jornadas son largas y los ritmos de trabajo cada vez m\u00e1s estresantes\u201d. Sin embargo,&nbsp;\u201cnos encontramos con que la sociedad los valora muy poco\u201d. &nbsp; \u201cLa gente del mar merece mucho m\u00e1s\u201d &nbsp; Ante esta situaci\u00f3n,&nbsp;Mons. Quinteiro reclama que \u201cla gente del mar merece mucho m\u00e1s:&nbsp;merece m\u00e1s atenci\u00f3n, seguridad f\u00edsica y laboral, una acogida humana cuando llegan a puerto, un contacto lo m\u00e1s fluido posible con sus familias, suficientes vacaciones y salarios acordes a sus circunstancias de vida y trabajo\u201d. Tambi\u00e9n&nbsp;denuncia&nbsp;que \u201cla globalizaci\u00f3n, la proliferaci\u00f3n de barcos bajo bandera de conveniencia, la entrada masiva de marinos y pescadores de pa\u00edses del Tercer Mundo, con menores pretensiones salariales, han tra\u00eddo un&nbsp;retroceso general de las condiciones laborales de la gente de mar\u201d. En medio de esta situaci\u00f3n,&nbsp;la Iglesia celebra la fiesta de la Virgen del Carmen, que \u201cse vive con aut\u00e9ntica devoci\u00f3n popular, como nos lo demuestran las innumerables procesiones marineras que se producen a lo largo de la costa espa\u00f1ola. Cualquier puerto, por peque\u00f1o que sea, quiere honrar a su patrona\u201d. Los pescadores salen con sus barcos engalanados para \u00ab\u00a1que todos la vean!\u201d. &nbsp; \u201cRindamos homenaje a la gente de mar\u201d &nbsp; \u201cCelebr\u00e9moslo con alegr\u00eda, hagamos fiesta\u201d&nbsp;se\u00f1ala Mons. Quinteiro,&nbsp;pero al mismo tiempo, \u201crindamos homenaje a la gente de mar\u201d&nbsp;que \u201cha sufrido y sufre a\u00fan en parte las consecuencias de la guerra de Ucrania. Muchos marinos han visto c\u00f3mo sus familias hu\u00edan y huyen a otros pa\u00edses, con dificultades para comunicarse con ellos y con la incertidumbre de no saber cu\u00e1ndo y d\u00f3nde volver a reunirse\u201d. El prelado propone hacer una breve&nbsp;reflexi\u00f3n&nbsp;sobre la vulnerabilidad de la gente de mar y sobre lo necesitados que est\u00e1n de asistencia y de ayuda para salir del aislamiento que frecuentemente sufren. El&nbsp;Apostolado del Mar, desde sus inicios, como destac\u00f3 el cardenal Mons. D. Michael Czerny, prefecto del Dicasterio para el Servicio del Desarrollo Humano Integral, realiza un servicio en favor de la gente de mar y sus familias. Y particularmente en estos \u00faltimos a\u00f1os en los que la pandemia y el conflicto en Ucrania han \u201cexacerbado las condiciones laborales de la gente de mar, a menudo privada de sus derechos y dignidad\u201d. Por eso,&nbsp;Mons. Quinteiro&nbsp;resalta la importancia de que en los puertos haya un&nbsp;servicio de asistencia a las tripulaciones, \u201cque se tengan en cuenta sus necesidades humanas, as\u00ed como las de los pescadores, y que se vele por su dignidad\u201d. La Organizaci\u00f3n Internacional del Trabajo lo indica y la Organizaci\u00f3n Mar\u00edtima Internacional repite una y otra vez \u201cque el bienestar de las gentes del mar es tambi\u00e9n b\u00e1sico para el buen funcionamiento del tr\u00e1fico mar\u00edtimo. De esas personas vulnerables depende, en gran medida, el abastecimiento de nuestra sociedad y el desplazamiento de muchas personas\u201d. El prelado concluye&nbsp;pidiendo a la Virgen del Carmen que las gentes del mar y sus familias \u201creciban una mayor atenci\u00f3n general a sus necesidades, recordando siempre que: \u00abdan mucho, merecen m\u00e1s\u00bb.\u201d m\u00e1s informaci\u00f3n en la web de la Conferencia Episcopal","og_url":"https:\/\/parroquiasanagustin.org\/index.php\/2023\/07\/04\/dia-del-carmen-dia-de-las-gentes-del-mar\/","og_site_name":"Parroquia Matriz de San Agust\u00edn","article_published_time":"2023-07-04T10:12:54+00:00","article_modified_time":"2023-10-04T10:06:31+00:00","og_image":[{"width":1132,"height":1600,"url":"https:\/\/parroquiasanagustin.org\/wp-content\/uploads\/2023\/07\/Dia-de-las-gentes-del-mar-2023-cartel-castellano-scaled.jpg","type":"image\/jpeg"}],"author":"admin","twitter_card":"summary_large_image","twitter_misc":{"Escrito por":"admin","Tiempo de lectura":"4 minutos"},"schema":{"@context":"https:\/\/schema.org","@graph":[{"@type":"Article","@id":"https:\/\/parroquiasanagustin.org\/index.php\/2023\/07\/04\/dia-del-carmen-dia-de-las-gentes-del-mar\/#article","isPartOf":{"@id":"https:\/\/parroquiasanagustin.org\/index.php\/2023\/07\/04\/dia-del-carmen-dia-de-las-gentes-del-mar\/"},"author":{"name":"admin","@id":"https:\/\/parroquiasanagustin.org\/#\/schema\/person\/847433f46674263837c7be221cfa5120"},"headline":"D\u00eda del Carmen, d\u00eda de las gentes del mar","datePublished":"2023-07-04T10:12:54+00:00","dateModified":"2023-10-04T10:06:31+00:00","mainEntityOfPage":{"@id":"https:\/\/parroquiasanagustin.org\/index.php\/2023\/07\/04\/dia-del-carmen-dia-de-las-gentes-del-mar\/"},"wordCount":811,"publisher":{"@id":"https:\/\/parroquiasanagustin.org\/#organization"},"image":{"@id":"https:\/\/parroquiasanagustin.org\/index.php\/2023\/07\/04\/dia-del-carmen-dia-de-las-gentes-del-mar\/#primaryimage"},"thumbnailUrl":"https:\/\/parroquiasanagustin.org\/wp-content\/uploads\/2023\/07\/Dia-de-las-gentes-del-mar-2023-cartel-castellano-scaled.jpg","keywords":["carmen","jornada","Mar"],"articleSection":["Anteriores","Conferencia Episcopal"],"inLanguage":"es"},{"@type":"WebPage","@id":"https:\/\/parroquiasanagustin.org\/index.php\/2023\/07\/04\/dia-del-carmen-dia-de-las-gentes-del-mar\/","url":"https:\/\/parroquiasanagustin.org\/index.php\/2023\/07\/04\/dia-del-carmen-dia-de-las-gentes-del-mar\/","name":"D\u00eda del Carmen, d\u00eda de las gentes del mar - Parroquia Matriz de San Agust\u00edn","isPartOf":{"@id":"https:\/\/parroquiasanagustin.org\/#website"},"primaryImageOfPage":{"@id":"https:\/\/parroquiasanagustin.org\/index.php\/2023\/07\/04\/dia-del-carmen-dia-de-las-gentes-del-mar\/#primaryimage"},"image":{"@id":"https:\/\/parroquiasanagustin.org\/index.php\/2023\/07\/04\/dia-del-carmen-dia-de-las-gentes-del-mar\/#primaryimage"},"thumbnailUrl":"https:\/\/parroquiasanagustin.org\/wp-content\/uploads\/2023\/07\/Dia-de-las-gentes-del-mar-2023-cartel-castellano-scaled.jpg","datePublished":"2023-07-04T10:12:54+00:00","dateModified":"2023-10-04T10:06:31+00:00","breadcrumb":{"@id":"https:\/\/parroquiasanagustin.org\/index.php\/2023\/07\/04\/dia-del-carmen-dia-de-las-gentes-del-mar\/#breadcrumb"},"inLanguage":"es","potentialAction":[{"@type":"ReadAction","target":["https:\/\/parroquiasanagustin.org\/index.php\/2023\/07\/04\/dia-del-carmen-dia-de-las-gentes-del-mar\/"]}]},{"@type":"ImageObject","inLanguage":"es","@id":"https:\/\/parroquiasanagustin.org\/index.php\/2023\/07\/04\/dia-del-carmen-dia-de-las-gentes-del-mar\/#primaryimage","url":"https:\/\/parroquiasanagustin.org\/wp-content\/uploads\/2023\/07\/Dia-de-las-gentes-del-mar-2023-cartel-castellano-scaled.jpg","contentUrl":"https:\/\/parroquiasanagustin.org\/wp-content\/uploads\/2023\/07\/Dia-de-las-gentes-del-mar-2023-cartel-castellano-scaled.jpg","width":1132,"height":1600},{"@type":"BreadcrumbList","@id":"https:\/\/parroquiasanagustin.org\/index.php\/2023\/07\/04\/dia-del-carmen-dia-de-las-gentes-del-mar\/#breadcrumb","itemListElement":[{"@type":"ListItem","position":1,"name":"Portada","item":"https:\/\/parroquiasanagustin.org\/"},{"@type":"ListItem","position":2,"name":"D\u00eda del Carmen, d\u00eda de las gentes del mar"}]},{"@type":"WebSite","@id":"https:\/\/parroquiasanagustin.org\/#website","url":"https:\/\/parroquiasanagustin.org\/","name":"Parroquia Matriz de San Agust\u00edn","description":"Iglesia de San Agust\u00edn y Santuario de Santa Rita, Vegueta, Las Palmas de Gran Canaria","publisher":{"@id":"https:\/\/parroquiasanagustin.org\/#organization"},"potentialAction":[{"@type":"SearchAction","target":{"@type":"EntryPoint","urlTemplate":"https:\/\/parroquiasanagustin.org\/?s={search_term_string}"},"query-input":{"@type":"PropertyValueSpecification","valueRequired":true,"valueName":"search_term_string"}}],"inLanguage":"es"},{"@type":"Organization","@id":"https:\/\/parroquiasanagustin.org\/#organization","name":"Parroquia Matriz de San Agust\u00edn","url":"https:\/\/parroquiasanagustin.org\/","logo":{"@type":"ImageObject","inLanguage":"es","@id":"https:\/\/parroquiasanagustin.org\/#\/schema\/logo\/image\/","url":"https:\/\/parroquiasanagustin.org\/wp-content\/uploads\/2020\/03\/iglesiaicono.jpg","contentUrl":"https:\/\/parroquiasanagustin.org\/wp-content\/uploads\/2020\/03\/iglesiaicono.jpg","width":567,"height":567,"caption":"Parroquia Matriz de San Agust\u00edn"},"image":{"@id":"https:\/\/parroquiasanagustin.org\/#\/schema\/logo\/image\/"}},{"@type":"Person","@id":"https:\/\/parroquiasanagustin.org\/#\/schema\/person\/847433f46674263837c7be221cfa5120","name":"admin","image":{"@type":"ImageObject","inLanguage":"es","@id":"https:\/\/secure.gravatar.com\/avatar\/07d4512f723a9a3b729f475206dd5edd698d449d5c20abe9a12060d2ff1e0807?s=96&d=mm&r=g","url":"https:\/\/secure.gravatar.com\/avatar\/07d4512f723a9a3b729f475206dd5edd698d449d5c20abe9a12060d2ff1e0807?s=96&d=mm&r=g","contentUrl":"https:\/\/secure.gravatar.com\/avatar\/07d4512f723a9a3b729f475206dd5edd698d449d5c20abe9a12060d2ff1e0807?s=96&d=mm&r=g","caption":"admin"},"url":"https:\/\/parroquiasanagustin.org\/index.php\/author\/admin\/"}]}},"_links":{"self":[{"href":"https:\/\/parroquiasanagustin.org\/index.php\/wp-json\/wp\/v2\/posts\/5779","targetHints":{"allow":["GET"]}}],"collection":[{"href":"https:\/\/parroquiasanagustin.org\/index.php\/wp-json\/wp\/v2\/posts"}],"about":[{"href":"https:\/\/parroquiasanagustin.org\/index.php\/wp-json\/wp\/v2\/types\/post"}],"author":[{"embeddable":true,"href":"https:\/\/parroquiasanagustin.org\/index.php\/wp-json\/wp\/v2\/users\/2"}],"replies":[{"embeddable":true,"href":"https:\/\/parroquiasanagustin.org\/index.php\/wp-json\/wp\/v2\/comments?post=5779"}],"version-history":[{"count":0,"href":"https:\/\/parroquiasanagustin.org\/index.php\/wp-json\/wp\/v2\/posts\/5779\/revisions"}],"wp:featuredmedia":[{"embeddable":true,"href":"https:\/\/parroquiasanagustin.org\/index.php\/wp-json\/wp\/v2\/media\/5780"}],"wp:attachment":[{"href":"https:\/\/parroquiasanagustin.org\/index.php\/wp-json\/wp\/v2\/media?parent=5779"}],"wp:term":[{"taxonomy":"category","embeddable":true,"href":"https:\/\/parroquiasanagustin.org\/index.php\/wp-json\/wp\/v2\/categories?post=5779"},{"taxonomy":"post_tag","embeddable":true,"href":"https:\/\/parroquiasanagustin.org\/index.php\/wp-json\/wp\/v2\/tags?post=5779"}],"curies":[{"name":"wp","href":"https:\/\/api.w.org\/{rel}","templated":true}]}}