{"id":5726,"date":"2023-06-21T07:41:30","date_gmt":"2023-06-21T07:41:30","guid":{"rendered":"https:\/\/parroquiasanagustin.org\/?p=5726"},"modified":"2023-07-04T10:18:37","modified_gmt":"2023-07-04T10:18:37","slug":"jornada-de-responsabilidad-en-el-trafico","status":"publish","type":"post","link":"https:\/\/parroquiasanagustin.org\/index.php\/2023\/06\/21\/jornada-de-responsabilidad-en-el-trafico\/","title":{"rendered":"Jornada de Responsabilidad en el Tr\u00e1fico"},"content":{"rendered":"\t\t<div data-elementor-type=\"wp-post\" data-elementor-id=\"5726\" class=\"elementor elementor-5726\">\n\t\t\t\t\t\t<section class=\"elementor-section elementor-top-section elementor-element elementor-element-a9a384f elementor-section-boxed elementor-section-height-default elementor-section-height-default wpr-particle-no wpr-jarallax-no wpr-parallax-no wpr-sticky-section-no wpr-column-slider-no wpr-equal-height-no\" data-id=\"a9a384f\" data-element_type=\"section\" data-e-type=\"section\">\n\t\t\t\t\t\t<div class=\"elementor-container elementor-column-gap-default\">\n\t\t\t\t\t<div class=\"elementor-column elementor-col-100 elementor-top-column elementor-element elementor-element-8dc10f7\" data-id=\"8dc10f7\" data-element_type=\"column\" data-e-type=\"column\">\n\t\t\t<div class=\"elementor-widget-wrap elementor-element-populated\">\n\t\t\t\t\t\t<div class=\"elementor-element elementor-element-2a71672 elementor-widget elementor-widget-text-editor\" data-id=\"2a71672\" data-element_type=\"widget\" data-e-type=\"widget\" data-widget_type=\"text-editor.default\">\n\t\t\t\t<div class=\"elementor-widget-container\">\n\t\t\t\t\t\t\t\t\t<p><a href=\"https:\/\/parroquiasanagustin.org\/?attachment_id=5728\"><img fetchpriority=\"high\" decoding=\"async\" class=\"alignright wp-image-5728\" src=\"https:\/\/parroquiasanagustin.org\/wp-content\/uploads\/2023\/06\/Jornada-responsabilidad-en-el-trafico-2023-cartel-castellano-212x300.jpg\" alt=\"\" width=\"300\" height=\"425\" srcset=\"https:\/\/parroquiasanagustin.org\/wp-content\/uploads\/2023\/06\/Jornada-responsabilidad-en-el-trafico-2023-cartel-castellano-212x300.jpg 212w, https:\/\/parroquiasanagustin.org\/wp-content\/uploads\/2023\/06\/Jornada-responsabilidad-en-el-trafico-2023-cartel-castellano-723x1024.jpg 723w, https:\/\/parroquiasanagustin.org\/wp-content\/uploads\/2023\/06\/Jornada-responsabilidad-en-el-trafico-2023-cartel-castellano-768x1088.jpg 768w, https:\/\/parroquiasanagustin.org\/wp-content\/uploads\/2023\/06\/Jornada-responsabilidad-en-el-trafico-2023-cartel-castellano-1084x1536.jpg 1084w, https:\/\/parroquiasanagustin.org\/wp-content\/uploads\/2023\/06\/Jornada-responsabilidad-en-el-trafico-2023-cartel-castellano-1446x2048.jpg 1446w, https:\/\/parroquiasanagustin.org\/wp-content\/uploads\/2023\/06\/Jornada-responsabilidad-en-el-trafico-2023-cartel-castellano-scaled.jpg 1129w\" sizes=\"(max-width: 300px) 100vw, 300px\" \/><\/a>El mensaje de este a\u00f1o, en sinton\u00eda con el lema, es\u00a0<strong>una invitaci\u00f3n a cada uno de los conductores para antes de iniciar el viaje rezar unos momentos al Se\u00f1or para poner en sus manos \u201cvuestro camino con la seguridad de contar con su ayuda\u201d.<\/strong>\u00a0<strong>La oraci\u00f3n<\/strong>, \u201cadem\u00e1s de ponernos en relaci\u00f3n con Dios,\u00a0<strong>estimula nuestra responsabilidad\u201d.<\/strong>\u00a0\u00a0<\/p><p>Los obispos de la Subcomisi\u00f3n Episcopal para las Migraciones y Movilidad humana recuerdan que\u00a0<strong>la Jornada de Responsabilidad en el tr\u00e1fico tuvo sus inicios en el D\u00eda de Oraci\u00f3n\u00a0<\/strong>por la carretera\u00a0<strong>que se instaur\u00f3 en 1970<\/strong>\u00a0por los muchos accidentes y muertos que hab\u00eda en la carretera. El\u00a0<strong>prop\u00f3sito<\/strong>\u00a0de este d\u00eda, explican, era\u00a0<strong>pedir la ayuda de Dios para todos los que viven, viajan y mueren en carretera y ayudar a despertar en todos el sentido de responsabilidad cristiana en el tr\u00e1fico.<\/strong><\/p><p>\u201cUna forma sencilla de orar \u2013recomiendan- es hacer la se\u00f1al de la cruz\u201d. Un gesto \u201csencillo, pero de un gran significado de fe\u201d. El padrenuestro, la Salve, el\u00a0\u00c1ngelus, o el rosario son otras\u00a0<strong>oraciones \u201cque rezamos\u201d a lo largo de nuestras vidas en ocasiones y circunstancias muy diversas. \u201cY, \u00bfpor qu\u00e9 no?, tambi\u00e9n cuando viajamos\u00a0las podemos\u00a0rezar\u201d.<\/strong><\/p><p>Los obispos y el departamento de Pastoral de la carretera celebran que cada vez m\u00e1s conductores tengan presentes la oraci\u00f3n del conductor, la del Cristo de la Carretera, la de la Virgen de la Prudencia o san Crist\u00f3bal. Tambi\u00e9n \u201cnos complace saber\u201d que en muchos veh\u00edculos y camiones van colgados signos religiosos o llevan im\u00e1genes de alg\u00fan santo de la devoci\u00f3n del conductor.<\/p><p>\u201cSi estos signos religiosos en el interior o exterior de nuestros veh\u00edculos -precisan-nos ayudan a rezar y elevar nuestro coraz\u00f3n a Dios, benditos sean todos\u00a0ellos\u201d. Porque rezar para tener un buen viaje \u201cnos estimula a poner los cinco sentidos para conducir con responsabilidad y en\u00a0las debidas condiciones\u201d. Y<strong>\u00a0\u201ccreer\u00a0en el Se\u00f1or, amigo de la vida (Sab 11,26), exige de nosotros cuidar de esta, la nuestra y la de los dem\u00e1s, con todo mimo y dedicaci\u00f3n\u201d.<\/strong><\/p><p style=\"text-align: center;\"><a href=\"https:\/\/www.conferenciaepiscopal.es\/jornada-responsabilidad-en-el-trafico-2023\/\">M\u00e1s informaci\u00f3n en la web de la Conferencia Episcopal<\/a><\/p>\t\t\t\t\t\t\t\t<\/div>\n\t\t\t\t<\/div>\n\t\t\t\t\t<\/div>\n\t\t<\/div>\n\t\t\t\t\t<\/div>\n\t\t<\/section>\n\t\t\t\t<\/div>\n\t\t","protected":false},"excerpt":{"rendered":"<p>El mensaje de este a\u00f1o, en sinton\u00eda con el lema, es\u00a0una invitaci\u00f3n a cada uno de los conductores para antes de iniciar el viaje rezar unos momentos al Se\u00f1or para poner en sus manos \u201cvuestro camino con la seguridad de contar con su ayuda\u201d.\u00a0La oraci\u00f3n, \u201cadem\u00e1s de ponernos en relaci\u00f3n con Dios,\u00a0estimula nuestra responsabilidad\u201d.\u00a0\u00a0 Los obispos de la Subcomisi\u00f3n Episcopal para las Migraciones y Movilidad humana recuerdan que\u00a0la Jornada de Responsabilidad en el tr\u00e1fico tuvo sus inicios en el D\u00eda de Oraci\u00f3n\u00a0por la carretera\u00a0que se instaur\u00f3 en 1970\u00a0por los muchos accidentes y muertos que hab\u00eda en la carretera. El\u00a0prop\u00f3sito\u00a0de este d\u00eda, explican, era\u00a0pedir la ayuda de Dios para todos los que viven, viajan y mueren en carretera y ayudar a despertar en todos el sentido de responsabilidad cristiana en el tr\u00e1fico. \u201cUna forma sencilla de orar \u2013recomiendan- es hacer la se\u00f1al de la cruz\u201d. Un gesto \u201csencillo, pero de un gran significado de fe\u201d. El padrenuestro, la Salve, el\u00a0\u00c1ngelus, o el rosario son otras\u00a0oraciones \u201cque rezamos\u201d a lo largo de nuestras vidas en ocasiones y circunstancias muy diversas. \u201cY, \u00bfpor qu\u00e9 no?, tambi\u00e9n cuando viajamos\u00a0las podemos\u00a0rezar\u201d. Los obispos y el departamento de Pastoral de la carretera celebran que cada vez m\u00e1s conductores tengan presentes la oraci\u00f3n del conductor, la del Cristo de la Carretera, la de la Virgen de la Prudencia o san Crist\u00f3bal. Tambi\u00e9n \u201cnos complace saber\u201d que en muchos veh\u00edculos y camiones van colgados signos religiosos o llevan im\u00e1genes de alg\u00fan santo de la devoci\u00f3n del conductor. \u201cSi estos signos religiosos en el interior o exterior de nuestros veh\u00edculos -precisan-nos ayudan a rezar y elevar nuestro coraz\u00f3n a Dios, benditos sean todos\u00a0ellos\u201d. Porque rezar para tener un buen viaje \u201cnos estimula a poner los cinco sentidos para conducir con responsabilidad y en\u00a0las debidas condiciones\u201d. Y\u00a0\u201ccreer\u00a0en el Se\u00f1or, amigo de la vida (Sab 11,26), exige de nosotros cuidar de esta, la nuestra y la de los dem\u00e1s, con todo mimo y dedicaci\u00f3n\u201d. M\u00e1s informaci\u00f3n en la web de la Conferencia Episcopal<\/p>\n","protected":false},"author":2,"featured_media":5728,"comment_status":"closed","ping_status":"closed","sticky":false,"template":"","format":"standard","meta":{"ocean_front_end_style_editor":"no","ocean_post_layout":"","ocean_both_sidebars_style":"","ocean_both_sidebars_content_width":0,"ocean_both_sidebars_sidebars_width":0,"ocean_sidebar":"0","ocean_second_sidebar":"0","ocean_disable_margins":"enable","ocean_add_body_class":"","ocean_shortcode_before_top_bar":"","ocean_shortcode_after_top_bar":"","ocean_shortcode_before_header":"","ocean_shortcode_after_header":"","ocean_has_shortcode":"","ocean_shortcode_after_title":"","ocean_shortcode_before_footer_widgets":"","ocean_shortcode_after_footer_widgets":"","ocean_shortcode_before_footer_bottom":"","ocean_shortcode_after_footer_bottom":"","ocean_display_top_bar":"default","ocean_display_header":"default","ocean_header_style":"","ocean_center_header_left_menu":"0","ocean_custom_header_template":"0","ocean_custom_logo":0,"ocean_custom_retina_logo":0,"ocean_custom_logo_max_width":0,"ocean_custom_logo_tablet_max_width":0,"ocean_custom_logo_mobile_max_width":0,"ocean_custom_logo_max_height":0,"ocean_custom_logo_tablet_max_height":0,"ocean_custom_logo_mobile_max_height":0,"ocean_header_custom_menu":"0","ocean_menu_typo_font_family":"0","ocean_menu_typo_font_subset":"","ocean_menu_typo_font_size":0,"ocean_menu_typo_font_size_tablet":0,"ocean_menu_typo_font_size_mobile":0,"ocean_menu_typo_font_size_unit":"px","ocean_menu_typo_font_weight":"","ocean_menu_typo_font_weight_tablet":"","ocean_menu_typo_font_weight_mobile":"","ocean_menu_typo_transform":"","ocean_menu_typo_transform_tablet":"","ocean_menu_typo_transform_mobile":"","ocean_menu_typo_line_height":0,"ocean_menu_typo_line_height_tablet":0,"ocean_menu_typo_line_height_mobile":0,"ocean_menu_typo_line_height_unit":"","ocean_menu_typo_spacing":0,"ocean_menu_typo_spacing_tablet":0,"ocean_menu_typo_spacing_mobile":0,"ocean_menu_typo_spacing_unit":"","ocean_menu_link_color":"","ocean_menu_link_color_hover":"","ocean_menu_link_color_active":"","ocean_menu_link_background":"","ocean_menu_link_hover_background":"","ocean_menu_link_active_background":"","ocean_menu_social_links_bg":"","ocean_menu_social_hover_links_bg":"","ocean_menu_social_links_color":"","ocean_menu_social_hover_links_color":"","ocean_disable_title":"default","ocean_disable_heading":"default","ocean_post_title":"","ocean_post_subheading":"","ocean_post_title_style":"","ocean_post_title_background_color":"","ocean_post_title_background":0,"ocean_post_title_bg_image_position":"","ocean_post_title_bg_image_attachment":"","ocean_post_title_bg_image_repeat":"","ocean_post_title_bg_image_size":"","ocean_post_title_height":0,"ocean_post_title_bg_overlay":0.5,"ocean_post_title_bg_overlay_color":"","ocean_disable_breadcrumbs":"default","ocean_breadcrumbs_color":"","ocean_breadcrumbs_separator_color":"","ocean_breadcrumbs_links_color":"","ocean_breadcrumbs_links_hover_color":"","ocean_display_footer_widgets":"default","ocean_display_footer_bottom":"default","ocean_custom_footer_template":"0","ocean_post_oembed":"","ocean_post_self_hosted_media":"","ocean_post_video_embed":"","ocean_link_format":"","ocean_link_format_target":"self","ocean_quote_format":"","ocean_quote_format_link":"post","ocean_gallery_link_images":"off","ocean_gallery_id":[],"footnotes":""},"categories":[138,62,1],"tags":[],"class_list":["post-5726","post","type-post","status-publish","format-standard","has-post-thumbnail","hentry","category-anteriores","category-conferencia-episcopal","category-sin-categoria","entry","has-media"],"yoast_head":"<!-- This site is optimized with the Yoast SEO plugin v28.3 - https:\/\/yoast.com\/product\/yoast-seo-wordpress\/ -->\n<title>Jornada de Responsabilidad en el Tr\u00e1fico - Parroquia Matriz de San Agust\u00edn<\/title>\n<meta name=\"robots\" content=\"index, follow, max-snippet:-1, max-image-preview:large, max-video-preview:-1\" \/>\n<link rel=\"canonical\" href=\"https:\/\/parroquiasanagustin.org\/index.php\/2023\/06\/21\/jornada-de-responsabilidad-en-el-trafico\/\" \/>\n<meta property=\"og:locale\" content=\"es_ES\" \/>\n<meta property=\"og:type\" content=\"article\" \/>\n<meta property=\"og:title\" content=\"Jornada de Responsabilidad en el Tr\u00e1fico - Parroquia Matriz de San Agust\u00edn\" \/>\n<meta property=\"og:description\" content=\"El mensaje de este a\u00f1o, en sinton\u00eda con el lema, es\u00a0una invitaci\u00f3n a cada uno de los conductores para antes de iniciar el viaje rezar unos momentos al Se\u00f1or para poner en sus manos \u201cvuestro camino con la seguridad de contar con su ayuda\u201d.\u00a0La oraci\u00f3n, \u201cadem\u00e1s de ponernos en relaci\u00f3n con Dios,\u00a0estimula nuestra responsabilidad\u201d.\u00a0\u00a0 Los obispos de la Subcomisi\u00f3n Episcopal para las Migraciones y Movilidad humana recuerdan que\u00a0la Jornada de Responsabilidad en el tr\u00e1fico tuvo sus inicios en el D\u00eda de Oraci\u00f3n\u00a0por la carretera\u00a0que se instaur\u00f3 en 1970\u00a0por los muchos accidentes y muertos que hab\u00eda en la carretera. El\u00a0prop\u00f3sito\u00a0de este d\u00eda, explican, era\u00a0pedir la ayuda de Dios para todos los que viven, viajan y mueren en carretera y ayudar a despertar en todos el sentido de responsabilidad cristiana en el tr\u00e1fico. \u201cUna forma sencilla de orar \u2013recomiendan- es hacer la se\u00f1al de la cruz\u201d. Un gesto \u201csencillo, pero de un gran significado de fe\u201d. El padrenuestro, la Salve, el\u00a0\u00c1ngelus, o el rosario son otras\u00a0oraciones \u201cque rezamos\u201d a lo largo de nuestras vidas en ocasiones y circunstancias muy diversas. \u201cY, \u00bfpor qu\u00e9 no?, tambi\u00e9n cuando viajamos\u00a0las podemos\u00a0rezar\u201d. Los obispos y el departamento de Pastoral de la carretera celebran que cada vez m\u00e1s conductores tengan presentes la oraci\u00f3n del conductor, la del Cristo de la Carretera, la de la Virgen de la Prudencia o san Crist\u00f3bal. Tambi\u00e9n \u201cnos complace saber\u201d que en muchos veh\u00edculos y camiones van colgados signos religiosos o llevan im\u00e1genes de alg\u00fan santo de la devoci\u00f3n del conductor. \u201cSi estos signos religiosos en el interior o exterior de nuestros veh\u00edculos -precisan-nos ayudan a rezar y elevar nuestro coraz\u00f3n a Dios, benditos sean todos\u00a0ellos\u201d. Porque rezar para tener un buen viaje \u201cnos estimula a poner los cinco sentidos para conducir con responsabilidad y en\u00a0las debidas condiciones\u201d. Y\u00a0\u201ccreer\u00a0en el Se\u00f1or, amigo de la vida (Sab 11,26), exige de nosotros cuidar de esta, la nuestra y la de los dem\u00e1s, con todo mimo y dedicaci\u00f3n\u201d. M\u00e1s informaci\u00f3n en la web de la Conferencia Episcopal\" \/>\n<meta property=\"og:url\" content=\"https:\/\/parroquiasanagustin.org\/index.php\/2023\/06\/21\/jornada-de-responsabilidad-en-el-trafico\/\" \/>\n<meta property=\"og:site_name\" content=\"Parroquia Matriz de San Agust\u00edn\" \/>\n<meta property=\"article:published_time\" content=\"2023-06-21T07:41:30+00:00\" \/>\n<meta property=\"article:modified_time\" content=\"2023-07-04T10:18:37+00:00\" \/>\n<meta property=\"og:image\" content=\"https:\/\/parroquiasanagustin.org\/wp-content\/uploads\/2023\/06\/Jornada-responsabilidad-en-el-trafico-2023-cartel-castellano-scaled.jpg\" \/>\n\t<meta property=\"og:image:width\" content=\"1129\" \/>\n\t<meta property=\"og:image:height\" content=\"1600\" \/>\n\t<meta property=\"og:image:type\" content=\"image\/jpeg\" \/>\n<meta name=\"author\" content=\"admin\" \/>\n<meta name=\"twitter:card\" content=\"summary_large_image\" \/>\n<meta name=\"twitter:label1\" content=\"Escrito por\" \/>\n\t<meta name=\"twitter:data1\" content=\"admin\" \/>\n\t<meta name=\"twitter:label2\" content=\"Tiempo de lectura\" \/>\n\t<meta name=\"twitter:data2\" content=\"2 minutos\" \/>\n<script type=\"application\/ld+json\" class=\"yoast-schema-graph\">{\"@context\":\"https:\\\/\\\/schema.org\",\"@graph\":[{\"@type\":\"Article\",\"@id\":\"https:\\\/\\\/parroquiasanagustin.org\\\/index.php\\\/2023\\\/06\\\/21\\\/jornada-de-responsabilidad-en-el-trafico\\\/#article\",\"isPartOf\":{\"@id\":\"https:\\\/\\\/parroquiasanagustin.org\\\/index.php\\\/2023\\\/06\\\/21\\\/jornada-de-responsabilidad-en-el-trafico\\\/\"},\"author\":{\"name\":\"admin\",\"@id\":\"https:\\\/\\\/parroquiasanagustin.org\\\/#\\\/schema\\\/person\\\/847433f46674263837c7be221cfa5120\"},\"headline\":\"Jornada de Responsabilidad en el Tr\u00e1fico\",\"datePublished\":\"2023-06-21T07:41:30+00:00\",\"dateModified\":\"2023-07-04T10:18:37+00:00\",\"mainEntityOfPage\":{\"@id\":\"https:\\\/\\\/parroquiasanagustin.org\\\/index.php\\\/2023\\\/06\\\/21\\\/jornada-de-responsabilidad-en-el-trafico\\\/\"},\"wordCount\":387,\"publisher\":{\"@id\":\"https:\\\/\\\/parroquiasanagustin.org\\\/#organization\"},\"image\":{\"@id\":\"https:\\\/\\\/parroquiasanagustin.org\\\/index.php\\\/2023\\\/06\\\/21\\\/jornada-de-responsabilidad-en-el-trafico\\\/#primaryimage\"},\"thumbnailUrl\":\"https:\\\/\\\/parroquiasanagustin.org\\\/wp-content\\\/uploads\\\/2023\\\/06\\\/Jornada-responsabilidad-en-el-trafico-2023-cartel-castellano-scaled.jpg\",\"articleSection\":[\"Anteriores\",\"Conferencia Episcopal\"],\"inLanguage\":\"es\"},{\"@type\":\"WebPage\",\"@id\":\"https:\\\/\\\/parroquiasanagustin.org\\\/index.php\\\/2023\\\/06\\\/21\\\/jornada-de-responsabilidad-en-el-trafico\\\/\",\"url\":\"https:\\\/\\\/parroquiasanagustin.org\\\/index.php\\\/2023\\\/06\\\/21\\\/jornada-de-responsabilidad-en-el-trafico\\\/\",\"name\":\"Jornada de Responsabilidad en el Tr\u00e1fico - Parroquia Matriz de San Agust\u00edn\",\"isPartOf\":{\"@id\":\"https:\\\/\\\/parroquiasanagustin.org\\\/#website\"},\"primaryImageOfPage\":{\"@id\":\"https:\\\/\\\/parroquiasanagustin.org\\\/index.php\\\/2023\\\/06\\\/21\\\/jornada-de-responsabilidad-en-el-trafico\\\/#primaryimage\"},\"image\":{\"@id\":\"https:\\\/\\\/parroquiasanagustin.org\\\/index.php\\\/2023\\\/06\\\/21\\\/jornada-de-responsabilidad-en-el-trafico\\\/#primaryimage\"},\"thumbnailUrl\":\"https:\\\/\\\/parroquiasanagustin.org\\\/wp-content\\\/uploads\\\/2023\\\/06\\\/Jornada-responsabilidad-en-el-trafico-2023-cartel-castellano-scaled.jpg\",\"datePublished\":\"2023-06-21T07:41:30+00:00\",\"dateModified\":\"2023-07-04T10:18:37+00:00\",\"breadcrumb\":{\"@id\":\"https:\\\/\\\/parroquiasanagustin.org\\\/index.php\\\/2023\\\/06\\\/21\\\/jornada-de-responsabilidad-en-el-trafico\\\/#breadcrumb\"},\"inLanguage\":\"es\",\"potentialAction\":[{\"@type\":\"ReadAction\",\"target\":[\"https:\\\/\\\/parroquiasanagustin.org\\\/index.php\\\/2023\\\/06\\\/21\\\/jornada-de-responsabilidad-en-el-trafico\\\/\"]}]},{\"@type\":\"ImageObject\",\"inLanguage\":\"es\",\"@id\":\"https:\\\/\\\/parroquiasanagustin.org\\\/index.php\\\/2023\\\/06\\\/21\\\/jornada-de-responsabilidad-en-el-trafico\\\/#primaryimage\",\"url\":\"https:\\\/\\\/parroquiasanagustin.org\\\/wp-content\\\/uploads\\\/2023\\\/06\\\/Jornada-responsabilidad-en-el-trafico-2023-cartel-castellano-scaled.jpg\",\"contentUrl\":\"https:\\\/\\\/parroquiasanagustin.org\\\/wp-content\\\/uploads\\\/2023\\\/06\\\/Jornada-responsabilidad-en-el-trafico-2023-cartel-castellano-scaled.jpg\",\"width\":1129,\"height\":1600},{\"@type\":\"BreadcrumbList\",\"@id\":\"https:\\\/\\\/parroquiasanagustin.org\\\/index.php\\\/2023\\\/06\\\/21\\\/jornada-de-responsabilidad-en-el-trafico\\\/#breadcrumb\",\"itemListElement\":[{\"@type\":\"ListItem\",\"position\":1,\"name\":\"Portada\",\"item\":\"https:\\\/\\\/parroquiasanagustin.org\\\/\"},{\"@type\":\"ListItem\",\"position\":2,\"name\":\"Jornada de Responsabilidad en el Tr\u00e1fico\"}]},{\"@type\":\"WebSite\",\"@id\":\"https:\\\/\\\/parroquiasanagustin.org\\\/#website\",\"url\":\"https:\\\/\\\/parroquiasanagustin.org\\\/\",\"name\":\"Parroquia Matriz de San Agust\u00edn\",\"description\":\"Iglesia de San Agust\u00edn y Santuario de Santa Rita, Vegueta, Las Palmas de Gran Canaria\",\"publisher\":{\"@id\":\"https:\\\/\\\/parroquiasanagustin.org\\\/#organization\"},\"potentialAction\":[{\"@type\":\"SearchAction\",\"target\":{\"@type\":\"EntryPoint\",\"urlTemplate\":\"https:\\\/\\\/parroquiasanagustin.org\\\/?s={search_term_string}\"},\"query-input\":{\"@type\":\"PropertyValueSpecification\",\"valueRequired\":true,\"valueName\":\"search_term_string\"}}],\"inLanguage\":\"es\"},{\"@type\":\"Organization\",\"@id\":\"https:\\\/\\\/parroquiasanagustin.org\\\/#organization\",\"name\":\"Parroquia Matriz de San Agust\u00edn\",\"url\":\"https:\\\/\\\/parroquiasanagustin.org\\\/\",\"logo\":{\"@type\":\"ImageObject\",\"inLanguage\":\"es\",\"@id\":\"https:\\\/\\\/parroquiasanagustin.org\\\/#\\\/schema\\\/logo\\\/image\\\/\",\"url\":\"https:\\\/\\\/parroquiasanagustin.org\\\/wp-content\\\/uploads\\\/2020\\\/03\\\/iglesiaicono.jpg\",\"contentUrl\":\"https:\\\/\\\/parroquiasanagustin.org\\\/wp-content\\\/uploads\\\/2020\\\/03\\\/iglesiaicono.jpg\",\"width\":567,\"height\":567,\"caption\":\"Parroquia Matriz de San Agust\u00edn\"},\"image\":{\"@id\":\"https:\\\/\\\/parroquiasanagustin.org\\\/#\\\/schema\\\/logo\\\/image\\\/\"}},{\"@type\":\"Person\",\"@id\":\"https:\\\/\\\/parroquiasanagustin.org\\\/#\\\/schema\\\/person\\\/847433f46674263837c7be221cfa5120\",\"name\":\"admin\",\"image\":{\"@type\":\"ImageObject\",\"inLanguage\":\"es\",\"@id\":\"https:\\\/\\\/secure.gravatar.com\\\/avatar\\\/07d4512f723a9a3b729f475206dd5edd698d449d5c20abe9a12060d2ff1e0807?s=96&d=mm&r=g\",\"url\":\"https:\\\/\\\/secure.gravatar.com\\\/avatar\\\/07d4512f723a9a3b729f475206dd5edd698d449d5c20abe9a12060d2ff1e0807?s=96&d=mm&r=g\",\"contentUrl\":\"https:\\\/\\\/secure.gravatar.com\\\/avatar\\\/07d4512f723a9a3b729f475206dd5edd698d449d5c20abe9a12060d2ff1e0807?s=96&d=mm&r=g\",\"caption\":\"admin\"},\"url\":\"https:\\\/\\\/parroquiasanagustin.org\\\/index.php\\\/author\\\/admin\\\/\"}]}<\/script>\n<!-- \/ Yoast SEO plugin. -->","yoast_head_json":{"title":"Jornada de Responsabilidad en el Tr\u00e1fico - Parroquia Matriz de San Agust\u00edn","robots":{"index":"index","follow":"follow","max-snippet":"max-snippet:-1","max-image-preview":"max-image-preview:large","max-video-preview":"max-video-preview:-1"},"canonical":"https:\/\/parroquiasanagustin.org\/index.php\/2023\/06\/21\/jornada-de-responsabilidad-en-el-trafico\/","og_locale":"es_ES","og_type":"article","og_title":"Jornada de Responsabilidad en el Tr\u00e1fico - Parroquia Matriz de San Agust\u00edn","og_description":"El mensaje de este a\u00f1o, en sinton\u00eda con el lema, es\u00a0una invitaci\u00f3n a cada uno de los conductores para antes de iniciar el viaje rezar unos momentos al Se\u00f1or para poner en sus manos \u201cvuestro camino con la seguridad de contar con su ayuda\u201d.\u00a0La oraci\u00f3n, \u201cadem\u00e1s de ponernos en relaci\u00f3n con Dios,\u00a0estimula nuestra responsabilidad\u201d.\u00a0\u00a0 Los obispos de la Subcomisi\u00f3n Episcopal para las Migraciones y Movilidad humana recuerdan que\u00a0la Jornada de Responsabilidad en el tr\u00e1fico tuvo sus inicios en el D\u00eda de Oraci\u00f3n\u00a0por la carretera\u00a0que se instaur\u00f3 en 1970\u00a0por los muchos accidentes y muertos que hab\u00eda en la carretera. El\u00a0prop\u00f3sito\u00a0de este d\u00eda, explican, era\u00a0pedir la ayuda de Dios para todos los que viven, viajan y mueren en carretera y ayudar a despertar en todos el sentido de responsabilidad cristiana en el tr\u00e1fico. \u201cUna forma sencilla de orar \u2013recomiendan- es hacer la se\u00f1al de la cruz\u201d. Un gesto \u201csencillo, pero de un gran significado de fe\u201d. El padrenuestro, la Salve, el\u00a0\u00c1ngelus, o el rosario son otras\u00a0oraciones \u201cque rezamos\u201d a lo largo de nuestras vidas en ocasiones y circunstancias muy diversas. \u201cY, \u00bfpor qu\u00e9 no?, tambi\u00e9n cuando viajamos\u00a0las podemos\u00a0rezar\u201d. Los obispos y el departamento de Pastoral de la carretera celebran que cada vez m\u00e1s conductores tengan presentes la oraci\u00f3n del conductor, la del Cristo de la Carretera, la de la Virgen de la Prudencia o san Crist\u00f3bal. Tambi\u00e9n \u201cnos complace saber\u201d que en muchos veh\u00edculos y camiones van colgados signos religiosos o llevan im\u00e1genes de alg\u00fan santo de la devoci\u00f3n del conductor. \u201cSi estos signos religiosos en el interior o exterior de nuestros veh\u00edculos -precisan-nos ayudan a rezar y elevar nuestro coraz\u00f3n a Dios, benditos sean todos\u00a0ellos\u201d. Porque rezar para tener un buen viaje \u201cnos estimula a poner los cinco sentidos para conducir con responsabilidad y en\u00a0las debidas condiciones\u201d. Y\u00a0\u201ccreer\u00a0en el Se\u00f1or, amigo de la vida (Sab 11,26), exige de nosotros cuidar de esta, la nuestra y la de los dem\u00e1s, con todo mimo y dedicaci\u00f3n\u201d. M\u00e1s informaci\u00f3n en la web de la Conferencia Episcopal","og_url":"https:\/\/parroquiasanagustin.org\/index.php\/2023\/06\/21\/jornada-de-responsabilidad-en-el-trafico\/","og_site_name":"Parroquia Matriz de San Agust\u00edn","article_published_time":"2023-06-21T07:41:30+00:00","article_modified_time":"2023-07-04T10:18:37+00:00","og_image":[{"width":1129,"height":1600,"url":"https:\/\/parroquiasanagustin.org\/wp-content\/uploads\/2023\/06\/Jornada-responsabilidad-en-el-trafico-2023-cartel-castellano-scaled.jpg","type":"image\/jpeg"}],"author":"admin","twitter_card":"summary_large_image","twitter_misc":{"Escrito por":"admin","Tiempo de lectura":"2 minutos"},"schema":{"@context":"https:\/\/schema.org","@graph":[{"@type":"Article","@id":"https:\/\/parroquiasanagustin.org\/index.php\/2023\/06\/21\/jornada-de-responsabilidad-en-el-trafico\/#article","isPartOf":{"@id":"https:\/\/parroquiasanagustin.org\/index.php\/2023\/06\/21\/jornada-de-responsabilidad-en-el-trafico\/"},"author":{"name":"admin","@id":"https:\/\/parroquiasanagustin.org\/#\/schema\/person\/847433f46674263837c7be221cfa5120"},"headline":"Jornada de Responsabilidad en el Tr\u00e1fico","datePublished":"2023-06-21T07:41:30+00:00","dateModified":"2023-07-04T10:18:37+00:00","mainEntityOfPage":{"@id":"https:\/\/parroquiasanagustin.org\/index.php\/2023\/06\/21\/jornada-de-responsabilidad-en-el-trafico\/"},"wordCount":387,"publisher":{"@id":"https:\/\/parroquiasanagustin.org\/#organization"},"image":{"@id":"https:\/\/parroquiasanagustin.org\/index.php\/2023\/06\/21\/jornada-de-responsabilidad-en-el-trafico\/#primaryimage"},"thumbnailUrl":"https:\/\/parroquiasanagustin.org\/wp-content\/uploads\/2023\/06\/Jornada-responsabilidad-en-el-trafico-2023-cartel-castellano-scaled.jpg","articleSection":["Anteriores","Conferencia Episcopal"],"inLanguage":"es"},{"@type":"WebPage","@id":"https:\/\/parroquiasanagustin.org\/index.php\/2023\/06\/21\/jornada-de-responsabilidad-en-el-trafico\/","url":"https:\/\/parroquiasanagustin.org\/index.php\/2023\/06\/21\/jornada-de-responsabilidad-en-el-trafico\/","name":"Jornada de Responsabilidad en el Tr\u00e1fico - Parroquia Matriz de San Agust\u00edn","isPartOf":{"@id":"https:\/\/parroquiasanagustin.org\/#website"},"primaryImageOfPage":{"@id":"https:\/\/parroquiasanagustin.org\/index.php\/2023\/06\/21\/jornada-de-responsabilidad-en-el-trafico\/#primaryimage"},"image":{"@id":"https:\/\/parroquiasanagustin.org\/index.php\/2023\/06\/21\/jornada-de-responsabilidad-en-el-trafico\/#primaryimage"},"thumbnailUrl":"https:\/\/parroquiasanagustin.org\/wp-content\/uploads\/2023\/06\/Jornada-responsabilidad-en-el-trafico-2023-cartel-castellano-scaled.jpg","datePublished":"2023-06-21T07:41:30+00:00","dateModified":"2023-07-04T10:18:37+00:00","breadcrumb":{"@id":"https:\/\/parroquiasanagustin.org\/index.php\/2023\/06\/21\/jornada-de-responsabilidad-en-el-trafico\/#breadcrumb"},"inLanguage":"es","potentialAction":[{"@type":"ReadAction","target":["https:\/\/parroquiasanagustin.org\/index.php\/2023\/06\/21\/jornada-de-responsabilidad-en-el-trafico\/"]}]},{"@type":"ImageObject","inLanguage":"es","@id":"https:\/\/parroquiasanagustin.org\/index.php\/2023\/06\/21\/jornada-de-responsabilidad-en-el-trafico\/#primaryimage","url":"https:\/\/parroquiasanagustin.org\/wp-content\/uploads\/2023\/06\/Jornada-responsabilidad-en-el-trafico-2023-cartel-castellano-scaled.jpg","contentUrl":"https:\/\/parroquiasanagustin.org\/wp-content\/uploads\/2023\/06\/Jornada-responsabilidad-en-el-trafico-2023-cartel-castellano-scaled.jpg","width":1129,"height":1600},{"@type":"BreadcrumbList","@id":"https:\/\/parroquiasanagustin.org\/index.php\/2023\/06\/21\/jornada-de-responsabilidad-en-el-trafico\/#breadcrumb","itemListElement":[{"@type":"ListItem","position":1,"name":"Portada","item":"https:\/\/parroquiasanagustin.org\/"},{"@type":"ListItem","position":2,"name":"Jornada de Responsabilidad en el Tr\u00e1fico"}]},{"@type":"WebSite","@id":"https:\/\/parroquiasanagustin.org\/#website","url":"https:\/\/parroquiasanagustin.org\/","name":"Parroquia Matriz de San Agust\u00edn","description":"Iglesia de San Agust\u00edn y Santuario de Santa Rita, Vegueta, Las Palmas de Gran Canaria","publisher":{"@id":"https:\/\/parroquiasanagustin.org\/#organization"},"potentialAction":[{"@type":"SearchAction","target":{"@type":"EntryPoint","urlTemplate":"https:\/\/parroquiasanagustin.org\/?s={search_term_string}"},"query-input":{"@type":"PropertyValueSpecification","valueRequired":true,"valueName":"search_term_string"}}],"inLanguage":"es"},{"@type":"Organization","@id":"https:\/\/parroquiasanagustin.org\/#organization","name":"Parroquia Matriz de San Agust\u00edn","url":"https:\/\/parroquiasanagustin.org\/","logo":{"@type":"ImageObject","inLanguage":"es","@id":"https:\/\/parroquiasanagustin.org\/#\/schema\/logo\/image\/","url":"https:\/\/parroquiasanagustin.org\/wp-content\/uploads\/2020\/03\/iglesiaicono.jpg","contentUrl":"https:\/\/parroquiasanagustin.org\/wp-content\/uploads\/2020\/03\/iglesiaicono.jpg","width":567,"height":567,"caption":"Parroquia Matriz de San Agust\u00edn"},"image":{"@id":"https:\/\/parroquiasanagustin.org\/#\/schema\/logo\/image\/"}},{"@type":"Person","@id":"https:\/\/parroquiasanagustin.org\/#\/schema\/person\/847433f46674263837c7be221cfa5120","name":"admin","image":{"@type":"ImageObject","inLanguage":"es","@id":"https:\/\/secure.gravatar.com\/avatar\/07d4512f723a9a3b729f475206dd5edd698d449d5c20abe9a12060d2ff1e0807?s=96&d=mm&r=g","url":"https:\/\/secure.gravatar.com\/avatar\/07d4512f723a9a3b729f475206dd5edd698d449d5c20abe9a12060d2ff1e0807?s=96&d=mm&r=g","contentUrl":"https:\/\/secure.gravatar.com\/avatar\/07d4512f723a9a3b729f475206dd5edd698d449d5c20abe9a12060d2ff1e0807?s=96&d=mm&r=g","caption":"admin"},"url":"https:\/\/parroquiasanagustin.org\/index.php\/author\/admin\/"}]}},"_links":{"self":[{"href":"https:\/\/parroquiasanagustin.org\/index.php\/wp-json\/wp\/v2\/posts\/5726","targetHints":{"allow":["GET"]}}],"collection":[{"href":"https:\/\/parroquiasanagustin.org\/index.php\/wp-json\/wp\/v2\/posts"}],"about":[{"href":"https:\/\/parroquiasanagustin.org\/index.php\/wp-json\/wp\/v2\/types\/post"}],"author":[{"embeddable":true,"href":"https:\/\/parroquiasanagustin.org\/index.php\/wp-json\/wp\/v2\/users\/2"}],"replies":[{"embeddable":true,"href":"https:\/\/parroquiasanagustin.org\/index.php\/wp-json\/wp\/v2\/comments?post=5726"}],"version-history":[{"count":0,"href":"https:\/\/parroquiasanagustin.org\/index.php\/wp-json\/wp\/v2\/posts\/5726\/revisions"}],"wp:featuredmedia":[{"embeddable":true,"href":"https:\/\/parroquiasanagustin.org\/index.php\/wp-json\/wp\/v2\/media\/5728"}],"wp:attachment":[{"href":"https:\/\/parroquiasanagustin.org\/index.php\/wp-json\/wp\/v2\/media?parent=5726"}],"wp:term":[{"taxonomy":"category","embeddable":true,"href":"https:\/\/parroquiasanagustin.org\/index.php\/wp-json\/wp\/v2\/categories?post=5726"},{"taxonomy":"post_tag","embeddable":true,"href":"https:\/\/parroquiasanagustin.org\/index.php\/wp-json\/wp\/v2\/tags?post=5726"}],"curies":[{"name":"wp","href":"https:\/\/api.w.org\/{rel}","templated":true}]}}