{"id":4928,"date":"2022-12-06T09:41:14","date_gmt":"2022-12-06T09:41:14","guid":{"rendered":"https:\/\/parroquiasanagustin.org\/?p=4928"},"modified":"2023-01-25T19:20:37","modified_gmt":"2023-01-25T19:20:37","slug":"sinodo-etapa-continental","status":"publish","type":"post","link":"https:\/\/parroquiasanagustin.org\/index.php\/2022\/12\/06\/sinodo-etapa-continental\/","title":{"rendered":"S\u00ednodo &#8211; Etapa Continental"},"content":{"rendered":"\n<p class=\"wp-block-paragraph\">La\u00a0<strong>Santa Sede present\u00f3<\/strong>, el pasado jueves 27 de octubre, el<strong><a href=\"https:\/\/www.conferenciaepiscopal.es\/wp-content\/uploads\/2022\/10\/Documento-de-trabajo-para-la-Etapa-Continental-del-Sinodo.pdf\">\u00a0documento de trabajo para la Etapa Continental<\/a> del\u00a0<a href=\"https:\/\/laicos.conferenciaepiscopal.es\/sinodo\" target=\"_blank\" rel=\"noreferrer noopener\">S\u00ednodo sobre la Sinodalidad<\/a>.\u00a0<\/strong>Este documento, que lleva por t\u00edtulo \u00abEnsancha el espacio de tu tienda\u00bb (Is 54,2), recoge el resultado de los res\u00famenes de la consulta en la primera fase del proceso sinodal.<\/p>\n\n\n<div class=\"wp-block-image\">\n<figure class=\"alignright size-full is-resized\"><img fetchpriority=\"high\" decoding=\"async\" src=\"https:\/\/parroquiasanagustin.org\/wp-content\/uploads\/2022\/12\/2021-documento-preparatorio-sinodo.jpg\" alt=\"\" class=\"wp-image-4929\" width=\"355\" height=\"267\" srcset=\"https:\/\/parroquiasanagustin.org\/wp-content\/uploads\/2022\/12\/2021-documento-preparatorio-sinodo.jpg 800w, https:\/\/parroquiasanagustin.org\/wp-content\/uploads\/2022\/12\/2021-documento-preparatorio-sinodo-300x225.jpg 300w, https:\/\/parroquiasanagustin.org\/wp-content\/uploads\/2022\/12\/2021-documento-preparatorio-sinodo-768x576.jpg 768w\" sizes=\"(max-width: 355px) 100vw, 355px\" \/><\/figure>\n<\/div>\n\n\n<p class=\"wp-block-paragraph\">La Secretar\u00eda del S\u00ednodo, seg\u00fan se detalla en la introducci\u00f3n del texto,&nbsp;<strong>recibi\u00f3 las s\u00edntesis de 112 de las 114 Conferencias Episcopales y de las 15 Iglesias Orientales Cat\u00f3licas<\/strong>, adem\u00e1s de las&nbsp;<strong>reflexiones de 17 de los 23 dicasterios de la Curia Romana<\/strong>, as\u00ed como las&nbsp;<strong>de los superiores y superioras generales (USG\/UISG)<\/strong>, los&nbsp;<strong>institutos de vida consagrada y las sociedades de vida apost\u00f3lica, las asociaciones y movimientos de fieles laicos<\/strong>. Tambi\u00e9n se recibieron&nbsp;<strong>m\u00e1s de mil contribuciones de particulares y grupos<\/strong>, as\u00ed como las&nbsp;<strong>opiniones recogidas a trav\u00e9s de las redes sociales gracias a la iniciativa del \u201cS\u00ednodo Digital\u201d.<\/strong><\/p>\n\n\n\n<p class=\"wp-block-paragraph\">\u00abEnsancha el espacio de tu tienda\u00bb (Is 54,2) es un documento de\u00a0<strong>trabajo orientativo y de referencia\u00a0<\/strong>para la nueva etapa del proceso sinodal que comenz\u00f3 en octubre de 2021 y se extiende hasta el 2024.<\/p>\n\n\n\n<div class=\"wp-block-buttons is-layout-flex wp-block-buttons-is-layout-flex\">\n<div class=\"wp-block-button aligncenter is-style-outline is-style-outline--1\"><a class=\"wp-block-button__link has-vivid-red-color has-text-color wp-element-button\" href=\"https:\/\/www.conferenciaepiscopal.es\/wp-content\/uploads\/2022\/10\/Documento-de-trabajo-para-la-Etapa-Continental-del-Sinodo.pdf\"><strong>Documento de trabajo para la Etapa Continental<\/strong><\/a><\/div>\n<\/div>\n","protected":false},"excerpt":{"rendered":"<p>La\u00a0Santa Sede present\u00f3, el pasado jueves 27 de octubre, el\u00a0documento de trabajo para la Etapa Continental del\u00a0S\u00ednodo sobre la Sinodalidad.\u00a0Este documento, que lleva por t\u00edtulo \u00abEnsancha el espacio de tu tienda\u00bb (Is 54,2), recoge el resultado de los res\u00famenes de la consulta en la primera fase del proceso sinodal. La Secretar\u00eda del S\u00ednodo, seg\u00fan se detalla en la introducci\u00f3n del texto,&nbsp;recibi\u00f3 las s\u00edntesis de 112 de las 114 Conferencias Episcopales y de las 15 Iglesias Orientales Cat\u00f3licas, adem\u00e1s de las&nbsp;reflexiones de 17 de los 23 dicasterios de la Curia Romana, as\u00ed como las&nbsp;de los superiores y superioras generales (USG\/UISG), los&nbsp;institutos de vida consagrada y las sociedades de vida apost\u00f3lica, las asociaciones y movimientos de fieles laicos. Tambi\u00e9n se recibieron&nbsp;m\u00e1s de mil contribuciones de particulares y grupos, as\u00ed como las&nbsp;opiniones recogidas a trav\u00e9s de las redes sociales gracias a la iniciativa del \u201cS\u00ednodo Digital\u201d. \u00abEnsancha el espacio de tu tienda\u00bb (Is 54,2) es un documento de\u00a0trabajo orientativo y de referencia\u00a0para la nueva etapa del proceso sinodal que comenz\u00f3 en octubre de 2021 y se extiende hasta el 2024.<\/p>\n","protected":false},"author":2,"featured_media":4929,"comment_status":"closed","ping_status":"closed","sticky":false,"template":"","format":"standard","meta":{"ocean_front_end_style_editor":"no","ocean_post_layout":"","ocean_both_sidebars_style":"","ocean_both_sidebars_content_width":0,"ocean_both_sidebars_sidebars_width":0,"ocean_sidebar":"0","ocean_second_sidebar":"0","ocean_disable_margins":"enable","ocean_add_body_class":"","ocean_shortcode_before_top_bar":"","ocean_shortcode_after_top_bar":"","ocean_shortcode_before_header":"","ocean_shortcode_after_header":"","ocean_has_shortcode":"","ocean_shortcode_after_title":"","ocean_shortcode_before_footer_widgets":"","ocean_shortcode_after_footer_widgets":"","ocean_shortcode_before_footer_bottom":"","ocean_shortcode_after_footer_bottom":"","ocean_display_top_bar":"default","ocean_display_header":"default","ocean_header_style":"","ocean_center_header_left_menu":"0","ocean_custom_header_template":"0","ocean_custom_logo":0,"ocean_custom_retina_logo":0,"ocean_custom_logo_max_width":0,"ocean_custom_logo_tablet_max_width":0,"ocean_custom_logo_mobile_max_width":0,"ocean_custom_logo_max_height":0,"ocean_custom_logo_tablet_max_height":0,"ocean_custom_logo_mobile_max_height":0,"ocean_header_custom_menu":"0","ocean_menu_typo_font_family":"0","ocean_menu_typo_font_subset":"","ocean_menu_typo_font_size":0,"ocean_menu_typo_font_size_tablet":0,"ocean_menu_typo_font_size_mobile":0,"ocean_menu_typo_font_size_unit":"px","ocean_menu_typo_font_weight":"","ocean_menu_typo_font_weight_tablet":"","ocean_menu_typo_font_weight_mobile":"","ocean_menu_typo_transform":"","ocean_menu_typo_transform_tablet":"","ocean_menu_typo_transform_mobile":"","ocean_menu_typo_line_height":0,"ocean_menu_typo_line_height_tablet":0,"ocean_menu_typo_line_height_mobile":0,"ocean_menu_typo_line_height_unit":"","ocean_menu_typo_spacing":0,"ocean_menu_typo_spacing_tablet":0,"ocean_menu_typo_spacing_mobile":0,"ocean_menu_typo_spacing_unit":"","ocean_menu_link_color":"","ocean_menu_link_color_hover":"","ocean_menu_link_color_active":"","ocean_menu_link_background":"","ocean_menu_link_hover_background":"","ocean_menu_link_active_background":"","ocean_menu_social_links_bg":"","ocean_menu_social_hover_links_bg":"","ocean_menu_social_links_color":"","ocean_menu_social_hover_links_color":"","ocean_disable_title":"default","ocean_disable_heading":"default","ocean_post_title":"","ocean_post_subheading":"","ocean_post_title_style":"","ocean_post_title_background_color":"","ocean_post_title_background":0,"ocean_post_title_bg_image_position":"","ocean_post_title_bg_image_attachment":"","ocean_post_title_bg_image_repeat":"","ocean_post_title_bg_image_size":"","ocean_post_title_height":0,"ocean_post_title_bg_overlay":0.5,"ocean_post_title_bg_overlay_color":"","ocean_disable_breadcrumbs":"default","ocean_breadcrumbs_color":"","ocean_breadcrumbs_separator_color":"","ocean_breadcrumbs_links_color":"","ocean_breadcrumbs_links_hover_color":"","ocean_display_footer_widgets":"default","ocean_display_footer_bottom":"default","ocean_custom_footer_template":"0","ocean_post_oembed":"","ocean_post_self_hosted_media":"","ocean_post_video_embed":"","ocean_link_format":"","ocean_link_format_target":"self","ocean_quote_format":"","ocean_quote_format_link":"post","ocean_gallery_link_images":"off","ocean_gallery_id":[],"footnotes":""},"categories":[138,15],"tags":[137,98],"class_list":["post-4928","post","type-post","status-publish","format-standard","has-post-thumbnail","hentry","category-anteriores","category-diocesis","tag-continental","tag-sinodo","entry","has-media"],"yoast_head":"<!-- This site is optimized with the Yoast SEO plugin v28.3 - https:\/\/yoast.com\/product\/yoast-seo-wordpress\/ -->\n<title>S\u00ednodo - Etapa Continental - Parroquia Matriz de San Agust\u00edn<\/title>\n<meta name=\"robots\" content=\"index, follow, max-snippet:-1, max-image-preview:large, max-video-preview:-1\" \/>\n<link rel=\"canonical\" href=\"https:\/\/parroquiasanagustin.org\/index.php\/2022\/12\/06\/sinodo-etapa-continental\/\" \/>\n<meta property=\"og:locale\" content=\"es_ES\" \/>\n<meta property=\"og:type\" content=\"article\" \/>\n<meta property=\"og:title\" content=\"S\u00ednodo - Etapa Continental - Parroquia Matriz de San Agust\u00edn\" \/>\n<meta property=\"og:description\" content=\"La\u00a0Santa Sede present\u00f3, el pasado jueves 27 de octubre, el\u00a0documento de trabajo para la Etapa Continental del\u00a0S\u00ednodo sobre la Sinodalidad.\u00a0Este documento, que lleva por t\u00edtulo \u00abEnsancha el espacio de tu tienda\u00bb (Is 54,2), recoge el resultado de los res\u00famenes de la consulta en la primera fase del proceso sinodal. La Secretar\u00eda del S\u00ednodo, seg\u00fan se detalla en la introducci\u00f3n del texto,&nbsp;recibi\u00f3 las s\u00edntesis de 112 de las 114 Conferencias Episcopales y de las 15 Iglesias Orientales Cat\u00f3licas, adem\u00e1s de las&nbsp;reflexiones de 17 de los 23 dicasterios de la Curia Romana, as\u00ed como las&nbsp;de los superiores y superioras generales (USG\/UISG), los&nbsp;institutos de vida consagrada y las sociedades de vida apost\u00f3lica, las asociaciones y movimientos de fieles laicos. Tambi\u00e9n se recibieron&nbsp;m\u00e1s de mil contribuciones de particulares y grupos, as\u00ed como las&nbsp;opiniones recogidas a trav\u00e9s de las redes sociales gracias a la iniciativa del \u201cS\u00ednodo Digital\u201d. \u00abEnsancha el espacio de tu tienda\u00bb (Is 54,2) es un documento de\u00a0trabajo orientativo y de referencia\u00a0para la nueva etapa del proceso sinodal que comenz\u00f3 en octubre de 2021 y se extiende hasta el 2024.\" \/>\n<meta property=\"og:url\" content=\"https:\/\/parroquiasanagustin.org\/index.php\/2022\/12\/06\/sinodo-etapa-continental\/\" \/>\n<meta property=\"og:site_name\" content=\"Parroquia Matriz de San Agust\u00edn\" \/>\n<meta property=\"article:published_time\" content=\"2022-12-06T09:41:14+00:00\" \/>\n<meta property=\"article:modified_time\" content=\"2023-01-25T19:20:37+00:00\" \/>\n<meta property=\"og:image\" content=\"https:\/\/parroquiasanagustin.org\/wp-content\/uploads\/2022\/12\/2021-documento-preparatorio-sinodo.jpg\" \/>\n\t<meta property=\"og:image:width\" content=\"800\" \/>\n\t<meta property=\"og:image:height\" content=\"600\" \/>\n\t<meta property=\"og:image:type\" content=\"image\/jpeg\" \/>\n<meta name=\"author\" content=\"admin\" \/>\n<meta name=\"twitter:card\" content=\"summary_large_image\" \/>\n<meta name=\"twitter:label1\" content=\"Escrito por\" \/>\n\t<meta name=\"twitter:data1\" content=\"admin\" \/>\n\t<meta name=\"twitter:label2\" content=\"Tiempo de lectura\" \/>\n\t<meta name=\"twitter:data2\" content=\"2 minutos\" \/>\n<script type=\"application\/ld+json\" class=\"yoast-schema-graph\">{\"@context\":\"https:\\\/\\\/schema.org\",\"@graph\":[{\"@type\":\"Article\",\"@id\":\"https:\\\/\\\/parroquiasanagustin.org\\\/index.php\\\/2022\\\/12\\\/06\\\/sinodo-etapa-continental\\\/#article\",\"isPartOf\":{\"@id\":\"https:\\\/\\\/parroquiasanagustin.org\\\/index.php\\\/2022\\\/12\\\/06\\\/sinodo-etapa-continental\\\/\"},\"author\":{\"name\":\"admin\",\"@id\":\"https:\\\/\\\/parroquiasanagustin.org\\\/#\\\/schema\\\/person\\\/847433f46674263837c7be221cfa5120\"},\"headline\":\"S\u00ednodo &#8211; Etapa Continental\",\"datePublished\":\"2022-12-06T09:41:14+00:00\",\"dateModified\":\"2023-01-25T19:20:37+00:00\",\"mainEntityOfPage\":{\"@id\":\"https:\\\/\\\/parroquiasanagustin.org\\\/index.php\\\/2022\\\/12\\\/06\\\/sinodo-etapa-continental\\\/\"},\"wordCount\":213,\"publisher\":{\"@id\":\"https:\\\/\\\/parroquiasanagustin.org\\\/#organization\"},\"image\":{\"@id\":\"https:\\\/\\\/parroquiasanagustin.org\\\/index.php\\\/2022\\\/12\\\/06\\\/sinodo-etapa-continental\\\/#primaryimage\"},\"thumbnailUrl\":\"https:\\\/\\\/parroquiasanagustin.org\\\/wp-content\\\/uploads\\\/2022\\\/12\\\/2021-documento-preparatorio-sinodo.jpg\",\"keywords\":[\"continental\",\"sinodo\"],\"articleSection\":[\"Anteriores\",\"Di\u00f3cesis\"],\"inLanguage\":\"es\"},{\"@type\":\"WebPage\",\"@id\":\"https:\\\/\\\/parroquiasanagustin.org\\\/index.php\\\/2022\\\/12\\\/06\\\/sinodo-etapa-continental\\\/\",\"url\":\"https:\\\/\\\/parroquiasanagustin.org\\\/index.php\\\/2022\\\/12\\\/06\\\/sinodo-etapa-continental\\\/\",\"name\":\"S\u00ednodo - Etapa Continental - Parroquia Matriz de San Agust\u00edn\",\"isPartOf\":{\"@id\":\"https:\\\/\\\/parroquiasanagustin.org\\\/#website\"},\"primaryImageOfPage\":{\"@id\":\"https:\\\/\\\/parroquiasanagustin.org\\\/index.php\\\/2022\\\/12\\\/06\\\/sinodo-etapa-continental\\\/#primaryimage\"},\"image\":{\"@id\":\"https:\\\/\\\/parroquiasanagustin.org\\\/index.php\\\/2022\\\/12\\\/06\\\/sinodo-etapa-continental\\\/#primaryimage\"},\"thumbnailUrl\":\"https:\\\/\\\/parroquiasanagustin.org\\\/wp-content\\\/uploads\\\/2022\\\/12\\\/2021-documento-preparatorio-sinodo.jpg\",\"datePublished\":\"2022-12-06T09:41:14+00:00\",\"dateModified\":\"2023-01-25T19:20:37+00:00\",\"breadcrumb\":{\"@id\":\"https:\\\/\\\/parroquiasanagustin.org\\\/index.php\\\/2022\\\/12\\\/06\\\/sinodo-etapa-continental\\\/#breadcrumb\"},\"inLanguage\":\"es\",\"potentialAction\":[{\"@type\":\"ReadAction\",\"target\":[\"https:\\\/\\\/parroquiasanagustin.org\\\/index.php\\\/2022\\\/12\\\/06\\\/sinodo-etapa-continental\\\/\"]}]},{\"@type\":\"ImageObject\",\"inLanguage\":\"es\",\"@id\":\"https:\\\/\\\/parroquiasanagustin.org\\\/index.php\\\/2022\\\/12\\\/06\\\/sinodo-etapa-continental\\\/#primaryimage\",\"url\":\"https:\\\/\\\/parroquiasanagustin.org\\\/wp-content\\\/uploads\\\/2022\\\/12\\\/2021-documento-preparatorio-sinodo.jpg\",\"contentUrl\":\"https:\\\/\\\/parroquiasanagustin.org\\\/wp-content\\\/uploads\\\/2022\\\/12\\\/2021-documento-preparatorio-sinodo.jpg\",\"width\":800,\"height\":600},{\"@type\":\"BreadcrumbList\",\"@id\":\"https:\\\/\\\/parroquiasanagustin.org\\\/index.php\\\/2022\\\/12\\\/06\\\/sinodo-etapa-continental\\\/#breadcrumb\",\"itemListElement\":[{\"@type\":\"ListItem\",\"position\":1,\"name\":\"Portada\",\"item\":\"https:\\\/\\\/parroquiasanagustin.org\\\/\"},{\"@type\":\"ListItem\",\"position\":2,\"name\":\"S\u00ednodo &#8211; Etapa Continental\"}]},{\"@type\":\"WebSite\",\"@id\":\"https:\\\/\\\/parroquiasanagustin.org\\\/#website\",\"url\":\"https:\\\/\\\/parroquiasanagustin.org\\\/\",\"name\":\"Parroquia Matriz de San Agust\u00edn\",\"description\":\"Iglesia de San Agust\u00edn y Santuario de Santa Rita, Vegueta, Las Palmas de Gran Canaria\",\"publisher\":{\"@id\":\"https:\\\/\\\/parroquiasanagustin.org\\\/#organization\"},\"potentialAction\":[{\"@type\":\"SearchAction\",\"target\":{\"@type\":\"EntryPoint\",\"urlTemplate\":\"https:\\\/\\\/parroquiasanagustin.org\\\/?s={search_term_string}\"},\"query-input\":{\"@type\":\"PropertyValueSpecification\",\"valueRequired\":true,\"valueName\":\"search_term_string\"}}],\"inLanguage\":\"es\"},{\"@type\":\"Organization\",\"@id\":\"https:\\\/\\\/parroquiasanagustin.org\\\/#organization\",\"name\":\"Parroquia Matriz de San Agust\u00edn\",\"url\":\"https:\\\/\\\/parroquiasanagustin.org\\\/\",\"logo\":{\"@type\":\"ImageObject\",\"inLanguage\":\"es\",\"@id\":\"https:\\\/\\\/parroquiasanagustin.org\\\/#\\\/schema\\\/logo\\\/image\\\/\",\"url\":\"https:\\\/\\\/parroquiasanagustin.org\\\/wp-content\\\/uploads\\\/2020\\\/03\\\/iglesiaicono.jpg\",\"contentUrl\":\"https:\\\/\\\/parroquiasanagustin.org\\\/wp-content\\\/uploads\\\/2020\\\/03\\\/iglesiaicono.jpg\",\"width\":567,\"height\":567,\"caption\":\"Parroquia Matriz de San Agust\u00edn\"},\"image\":{\"@id\":\"https:\\\/\\\/parroquiasanagustin.org\\\/#\\\/schema\\\/logo\\\/image\\\/\"}},{\"@type\":\"Person\",\"@id\":\"https:\\\/\\\/parroquiasanagustin.org\\\/#\\\/schema\\\/person\\\/847433f46674263837c7be221cfa5120\",\"name\":\"admin\",\"image\":{\"@type\":\"ImageObject\",\"inLanguage\":\"es\",\"@id\":\"https:\\\/\\\/secure.gravatar.com\\\/avatar\\\/07d4512f723a9a3b729f475206dd5edd698d449d5c20abe9a12060d2ff1e0807?s=96&d=mm&r=g\",\"url\":\"https:\\\/\\\/secure.gravatar.com\\\/avatar\\\/07d4512f723a9a3b729f475206dd5edd698d449d5c20abe9a12060d2ff1e0807?s=96&d=mm&r=g\",\"contentUrl\":\"https:\\\/\\\/secure.gravatar.com\\\/avatar\\\/07d4512f723a9a3b729f475206dd5edd698d449d5c20abe9a12060d2ff1e0807?s=96&d=mm&r=g\",\"caption\":\"admin\"},\"url\":\"https:\\\/\\\/parroquiasanagustin.org\\\/index.php\\\/author\\\/admin\\\/\"}]}<\/script>\n<!-- \/ Yoast SEO plugin. -->","yoast_head_json":{"title":"S\u00ednodo - Etapa Continental - Parroquia Matriz de San Agust\u00edn","robots":{"index":"index","follow":"follow","max-snippet":"max-snippet:-1","max-image-preview":"max-image-preview:large","max-video-preview":"max-video-preview:-1"},"canonical":"https:\/\/parroquiasanagustin.org\/index.php\/2022\/12\/06\/sinodo-etapa-continental\/","og_locale":"es_ES","og_type":"article","og_title":"S\u00ednodo - Etapa Continental - Parroquia Matriz de San Agust\u00edn","og_description":"La\u00a0Santa Sede present\u00f3, el pasado jueves 27 de octubre, el\u00a0documento de trabajo para la Etapa Continental del\u00a0S\u00ednodo sobre la Sinodalidad.\u00a0Este documento, que lleva por t\u00edtulo \u00abEnsancha el espacio de tu tienda\u00bb (Is 54,2), recoge el resultado de los res\u00famenes de la consulta en la primera fase del proceso sinodal. La Secretar\u00eda del S\u00ednodo, seg\u00fan se detalla en la introducci\u00f3n del texto,&nbsp;recibi\u00f3 las s\u00edntesis de 112 de las 114 Conferencias Episcopales y de las 15 Iglesias Orientales Cat\u00f3licas, adem\u00e1s de las&nbsp;reflexiones de 17 de los 23 dicasterios de la Curia Romana, as\u00ed como las&nbsp;de los superiores y superioras generales (USG\/UISG), los&nbsp;institutos de vida consagrada y las sociedades de vida apost\u00f3lica, las asociaciones y movimientos de fieles laicos. Tambi\u00e9n se recibieron&nbsp;m\u00e1s de mil contribuciones de particulares y grupos, as\u00ed como las&nbsp;opiniones recogidas a trav\u00e9s de las redes sociales gracias a la iniciativa del \u201cS\u00ednodo Digital\u201d. \u00abEnsancha el espacio de tu tienda\u00bb (Is 54,2) es un documento de\u00a0trabajo orientativo y de referencia\u00a0para la nueva etapa del proceso sinodal que comenz\u00f3 en octubre de 2021 y se extiende hasta el 2024.","og_url":"https:\/\/parroquiasanagustin.org\/index.php\/2022\/12\/06\/sinodo-etapa-continental\/","og_site_name":"Parroquia Matriz de San Agust\u00edn","article_published_time":"2022-12-06T09:41:14+00:00","article_modified_time":"2023-01-25T19:20:37+00:00","og_image":[{"width":800,"height":600,"url":"https:\/\/parroquiasanagustin.org\/wp-content\/uploads\/2022\/12\/2021-documento-preparatorio-sinodo.jpg","type":"image\/jpeg"}],"author":"admin","twitter_card":"summary_large_image","twitter_misc":{"Escrito por":"admin","Tiempo de lectura":"2 minutos"},"schema":{"@context":"https:\/\/schema.org","@graph":[{"@type":"Article","@id":"https:\/\/parroquiasanagustin.org\/index.php\/2022\/12\/06\/sinodo-etapa-continental\/#article","isPartOf":{"@id":"https:\/\/parroquiasanagustin.org\/index.php\/2022\/12\/06\/sinodo-etapa-continental\/"},"author":{"name":"admin","@id":"https:\/\/parroquiasanagustin.org\/#\/schema\/person\/847433f46674263837c7be221cfa5120"},"headline":"S\u00ednodo &#8211; Etapa Continental","datePublished":"2022-12-06T09:41:14+00:00","dateModified":"2023-01-25T19:20:37+00:00","mainEntityOfPage":{"@id":"https:\/\/parroquiasanagustin.org\/index.php\/2022\/12\/06\/sinodo-etapa-continental\/"},"wordCount":213,"publisher":{"@id":"https:\/\/parroquiasanagustin.org\/#organization"},"image":{"@id":"https:\/\/parroquiasanagustin.org\/index.php\/2022\/12\/06\/sinodo-etapa-continental\/#primaryimage"},"thumbnailUrl":"https:\/\/parroquiasanagustin.org\/wp-content\/uploads\/2022\/12\/2021-documento-preparatorio-sinodo.jpg","keywords":["continental","sinodo"],"articleSection":["Anteriores","Di\u00f3cesis"],"inLanguage":"es"},{"@type":"WebPage","@id":"https:\/\/parroquiasanagustin.org\/index.php\/2022\/12\/06\/sinodo-etapa-continental\/","url":"https:\/\/parroquiasanagustin.org\/index.php\/2022\/12\/06\/sinodo-etapa-continental\/","name":"S\u00ednodo - Etapa Continental - Parroquia Matriz de San Agust\u00edn","isPartOf":{"@id":"https:\/\/parroquiasanagustin.org\/#website"},"primaryImageOfPage":{"@id":"https:\/\/parroquiasanagustin.org\/index.php\/2022\/12\/06\/sinodo-etapa-continental\/#primaryimage"},"image":{"@id":"https:\/\/parroquiasanagustin.org\/index.php\/2022\/12\/06\/sinodo-etapa-continental\/#primaryimage"},"thumbnailUrl":"https:\/\/parroquiasanagustin.org\/wp-content\/uploads\/2022\/12\/2021-documento-preparatorio-sinodo.jpg","datePublished":"2022-12-06T09:41:14+00:00","dateModified":"2023-01-25T19:20:37+00:00","breadcrumb":{"@id":"https:\/\/parroquiasanagustin.org\/index.php\/2022\/12\/06\/sinodo-etapa-continental\/#breadcrumb"},"inLanguage":"es","potentialAction":[{"@type":"ReadAction","target":["https:\/\/parroquiasanagustin.org\/index.php\/2022\/12\/06\/sinodo-etapa-continental\/"]}]},{"@type":"ImageObject","inLanguage":"es","@id":"https:\/\/parroquiasanagustin.org\/index.php\/2022\/12\/06\/sinodo-etapa-continental\/#primaryimage","url":"https:\/\/parroquiasanagustin.org\/wp-content\/uploads\/2022\/12\/2021-documento-preparatorio-sinodo.jpg","contentUrl":"https:\/\/parroquiasanagustin.org\/wp-content\/uploads\/2022\/12\/2021-documento-preparatorio-sinodo.jpg","width":800,"height":600},{"@type":"BreadcrumbList","@id":"https:\/\/parroquiasanagustin.org\/index.php\/2022\/12\/06\/sinodo-etapa-continental\/#breadcrumb","itemListElement":[{"@type":"ListItem","position":1,"name":"Portada","item":"https:\/\/parroquiasanagustin.org\/"},{"@type":"ListItem","position":2,"name":"S\u00ednodo &#8211; Etapa Continental"}]},{"@type":"WebSite","@id":"https:\/\/parroquiasanagustin.org\/#website","url":"https:\/\/parroquiasanagustin.org\/","name":"Parroquia Matriz de San Agust\u00edn","description":"Iglesia de San Agust\u00edn y Santuario de Santa Rita, Vegueta, Las Palmas de Gran Canaria","publisher":{"@id":"https:\/\/parroquiasanagustin.org\/#organization"},"potentialAction":[{"@type":"SearchAction","target":{"@type":"EntryPoint","urlTemplate":"https:\/\/parroquiasanagustin.org\/?s={search_term_string}"},"query-input":{"@type":"PropertyValueSpecification","valueRequired":true,"valueName":"search_term_string"}}],"inLanguage":"es"},{"@type":"Organization","@id":"https:\/\/parroquiasanagustin.org\/#organization","name":"Parroquia Matriz de San Agust\u00edn","url":"https:\/\/parroquiasanagustin.org\/","logo":{"@type":"ImageObject","inLanguage":"es","@id":"https:\/\/parroquiasanagustin.org\/#\/schema\/logo\/image\/","url":"https:\/\/parroquiasanagustin.org\/wp-content\/uploads\/2020\/03\/iglesiaicono.jpg","contentUrl":"https:\/\/parroquiasanagustin.org\/wp-content\/uploads\/2020\/03\/iglesiaicono.jpg","width":567,"height":567,"caption":"Parroquia Matriz de San Agust\u00edn"},"image":{"@id":"https:\/\/parroquiasanagustin.org\/#\/schema\/logo\/image\/"}},{"@type":"Person","@id":"https:\/\/parroquiasanagustin.org\/#\/schema\/person\/847433f46674263837c7be221cfa5120","name":"admin","image":{"@type":"ImageObject","inLanguage":"es","@id":"https:\/\/secure.gravatar.com\/avatar\/07d4512f723a9a3b729f475206dd5edd698d449d5c20abe9a12060d2ff1e0807?s=96&d=mm&r=g","url":"https:\/\/secure.gravatar.com\/avatar\/07d4512f723a9a3b729f475206dd5edd698d449d5c20abe9a12060d2ff1e0807?s=96&d=mm&r=g","contentUrl":"https:\/\/secure.gravatar.com\/avatar\/07d4512f723a9a3b729f475206dd5edd698d449d5c20abe9a12060d2ff1e0807?s=96&d=mm&r=g","caption":"admin"},"url":"https:\/\/parroquiasanagustin.org\/index.php\/author\/admin\/"}]}},"_links":{"self":[{"href":"https:\/\/parroquiasanagustin.org\/index.php\/wp-json\/wp\/v2\/posts\/4928","targetHints":{"allow":["GET"]}}],"collection":[{"href":"https:\/\/parroquiasanagustin.org\/index.php\/wp-json\/wp\/v2\/posts"}],"about":[{"href":"https:\/\/parroquiasanagustin.org\/index.php\/wp-json\/wp\/v2\/types\/post"}],"author":[{"embeddable":true,"href":"https:\/\/parroquiasanagustin.org\/index.php\/wp-json\/wp\/v2\/users\/2"}],"replies":[{"embeddable":true,"href":"https:\/\/parroquiasanagustin.org\/index.php\/wp-json\/wp\/v2\/comments?post=4928"}],"version-history":[{"count":0,"href":"https:\/\/parroquiasanagustin.org\/index.php\/wp-json\/wp\/v2\/posts\/4928\/revisions"}],"wp:featuredmedia":[{"embeddable":true,"href":"https:\/\/parroquiasanagustin.org\/index.php\/wp-json\/wp\/v2\/media\/4929"}],"wp:attachment":[{"href":"https:\/\/parroquiasanagustin.org\/index.php\/wp-json\/wp\/v2\/media?parent=4928"}],"wp:term":[{"taxonomy":"category","embeddable":true,"href":"https:\/\/parroquiasanagustin.org\/index.php\/wp-json\/wp\/v2\/categories?post=4928"},{"taxonomy":"post_tag","embeddable":true,"href":"https:\/\/parroquiasanagustin.org\/index.php\/wp-json\/wp\/v2\/tags?post=4928"}],"curies":[{"name":"wp","href":"https:\/\/api.w.org\/{rel}","templated":true}]}}