{"id":4237,"date":"2026-05-13T09:03:58","date_gmt":"2026-05-13T09:03:58","guid":{"rendered":"https:\/\/parroquiasanagustin.org\/?p=4237"},"modified":"2026-06-23T17:03:22","modified_gmt":"2026-06-23T17:03:22","slug":"la-imagen-de-santa-rita","status":"publish","type":"post","link":"https:\/\/parroquiasanagustin.org\/index.php\/2026\/05\/13\/la-imagen-de-santa-rita\/","title":{"rendered":"La imagen de Santa Rita"},"content":{"rendered":"<div dir=\"auto\"><img fetchpriority=\"high\" decoding=\"async\" class=\"size-medium wp-image-2649 alignright\" src=\"https:\/\/parroquiasanagustin.org\/wp-content\/uploads\/2021\/05\/rita_2012-210x300.jpg\" alt=\"\" width=\"210\" height=\"300\" srcset=\"https:\/\/parroquiasanagustin.org\/wp-content\/uploads\/2021\/05\/rita_2012-210x300.jpg 210w, https:\/\/parroquiasanagustin.org\/wp-content\/uploads\/2021\/05\/rita_2012-717x1024.jpg 717w, https:\/\/parroquiasanagustin.org\/wp-content\/uploads\/2021\/05\/rita_2012-768x1097.jpg 768w, https:\/\/parroquiasanagustin.org\/wp-content\/uploads\/2021\/05\/rita_2012-1075x1536.jpg 1075w, https:\/\/parroquiasanagustin.org\/wp-content\/uploads\/2021\/05\/rita_2012-1434x2048.jpg 1434w, https:\/\/parroquiasanagustin.org\/wp-content\/uploads\/2021\/05\/rita_2012-scaled.jpg 840w\" sizes=\"(max-width: 210px) 100vw, 210px\" \/>La imagen de Santa Rita que se venera en esta iglesia con gran devoci\u00f3n y popularidad, es de procedencia, a\u00f1o y autor desconocido, si bien ya se la veneraba en esta iglesia desde la \u00e9poca de los PP. Agustinos (1664-1835).<\/div>\n<div dir=\"auto\">La imagen es de candelero y est\u00e1 vestida con el h\u00e1bito negro de las monjas agustinas.<\/div>\n<div dir=\"auto\">Desde enero de 1866, en el primer libro de f\u00e1brica, se hace referencia a las limosnas entregadas para Santa Rita.<\/div>\n<div dir=\"auto\">En 1873 D. Juan Guerra Herrera, P\u00e1rroco de san Agust\u00edn, solicita al Provincial de los Agustinos de Sevilla la facultad para bendecir los h\u00e1bitos y escapularios de la Santa, haciendo constar que en la ciudad de Las Palmas s\u00f3lo florec\u00eda el culto a Santa Rita en esta Parroquia. El Padre Provincial Fray Miguel Riera le concede la licencia el 20 de Mayo de 1873.<\/div>\n<div dir=\"auto\">M\u00e1s tarde, el 5 de Mayo de 1918, el Obispo D. Justo Marquina erigi\u00f3 can\u00f3nicamente la Cofrad\u00eda de santa Rita. La Cofrad\u00eda desapareci\u00f3 poco despu\u00e9s de la guerra civil de 1936. No as\u00ed la devoci\u00f3n y el culto que se ha visto notablemente incrementado en los \u00faltimos decenios habi\u00e9ndose extendido por numerosas parroquias de la di\u00f3cesis.<\/div>\n","protected":false},"excerpt":{"rendered":"<p>La imagen de Santa Rita que se venera en esta iglesia con gran devoci\u00f3n y popularidad, es de procedencia, a\u00f1o y autor desconocido, si bien ya se la veneraba en esta iglesia desde la \u00e9poca de los PP. Agustinos (1664-1835). La imagen es de candelero y est\u00e1 vestida con el h\u00e1bito negro de las monjas agustinas. Desde enero de 1866, en el primer libro de f\u00e1brica, se hace referencia a las limosnas entregadas para Santa Rita. En 1873 D. Juan Guerra Herrera, P\u00e1rroco de san Agust\u00edn, solicita al Provincial de los Agustinos de Sevilla la facultad para bendecir los h\u00e1bitos y escapularios de la Santa, haciendo constar que en la ciudad de Las Palmas s\u00f3lo florec\u00eda el culto a Santa Rita en esta Parroquia. El Padre Provincial Fray Miguel Riera le concede la licencia el 20 de Mayo de 1873. M\u00e1s tarde, el 5 de Mayo de 1918, el Obispo D. Justo Marquina erigi\u00f3 can\u00f3nicamente la Cofrad\u00eda de santa Rita. La Cofrad\u00eda desapareci\u00f3 poco despu\u00e9s de la guerra civil de 1936. No as\u00ed la devoci\u00f3n y el culto que se ha visto notablemente incrementado en los \u00faltimos decenios habi\u00e9ndose extendido por numerosas parroquias de la di\u00f3cesis.<\/p>\n","protected":false},"author":2,"featured_media":2659,"comment_status":"closed","ping_status":"closed","sticky":false,"template":"","format":"standard","meta":{"ocean_front_end_style_editor":"no","ocean_post_layout":"","ocean_both_sidebars_style":"","ocean_both_sidebars_content_width":0,"ocean_both_sidebars_sidebars_width":0,"ocean_sidebar":"0","ocean_second_sidebar":"0","ocean_disable_margins":"enable","ocean_add_body_class":"","ocean_shortcode_before_top_bar":"","ocean_shortcode_after_top_bar":"","ocean_shortcode_before_header":"","ocean_shortcode_after_header":"","ocean_has_shortcode":"","ocean_shortcode_after_title":"","ocean_shortcode_before_footer_widgets":"","ocean_shortcode_after_footer_widgets":"","ocean_shortcode_before_footer_bottom":"","ocean_shortcode_after_footer_bottom":"","ocean_display_top_bar":"default","ocean_display_header":"default","ocean_header_style":"","ocean_center_header_left_menu":"0","ocean_custom_header_template":"0","ocean_custom_logo":0,"ocean_custom_retina_logo":0,"ocean_custom_logo_max_width":0,"ocean_custom_logo_tablet_max_width":0,"ocean_custom_logo_mobile_max_width":0,"ocean_custom_logo_max_height":0,"ocean_custom_logo_tablet_max_height":0,"ocean_custom_logo_mobile_max_height":0,"ocean_header_custom_menu":"0","ocean_menu_typo_font_family":"0","ocean_menu_typo_font_subset":"","ocean_menu_typo_font_size":0,"ocean_menu_typo_font_size_tablet":0,"ocean_menu_typo_font_size_mobile":0,"ocean_menu_typo_font_size_unit":"px","ocean_menu_typo_font_weight":"","ocean_menu_typo_font_weight_tablet":"","ocean_menu_typo_font_weight_mobile":"","ocean_menu_typo_transform":"","ocean_menu_typo_transform_tablet":"","ocean_menu_typo_transform_mobile":"","ocean_menu_typo_line_height":0,"ocean_menu_typo_line_height_tablet":0,"ocean_menu_typo_line_height_mobile":0,"ocean_menu_typo_line_height_unit":"","ocean_menu_typo_spacing":0,"ocean_menu_typo_spacing_tablet":0,"ocean_menu_typo_spacing_mobile":0,"ocean_menu_typo_spacing_unit":"","ocean_menu_link_color":"","ocean_menu_link_color_hover":"","ocean_menu_link_color_active":"","ocean_menu_link_background":"","ocean_menu_link_hover_background":"","ocean_menu_link_active_background":"","ocean_menu_social_links_bg":"","ocean_menu_social_hover_links_bg":"","ocean_menu_social_links_color":"","ocean_menu_social_hover_links_color":"","ocean_disable_title":"default","ocean_disable_heading":"default","ocean_post_title":"","ocean_post_subheading":"","ocean_post_title_style":"","ocean_post_title_background_color":"","ocean_post_title_background":0,"ocean_post_title_bg_image_position":"","ocean_post_title_bg_image_attachment":"","ocean_post_title_bg_image_repeat":"","ocean_post_title_bg_image_size":"","ocean_post_title_height":0,"ocean_post_title_bg_overlay":0.5,"ocean_post_title_bg_overlay_color":"","ocean_disable_breadcrumbs":"default","ocean_breadcrumbs_color":"","ocean_breadcrumbs_separator_color":"","ocean_breadcrumbs_links_color":"","ocean_breadcrumbs_links_hover_color":"","ocean_display_footer_widgets":"default","ocean_display_footer_bottom":"default","ocean_custom_footer_template":"0","ocean_post_oembed":"","ocean_post_self_hosted_media":"","ocean_post_video_embed":"","ocean_link_format":"","ocean_link_format_target":"self","ocean_quote_format":"","ocean_quote_format_link":"post","ocean_gallery_link_images":"off","ocean_gallery_id":[],"footnotes":""},"categories":[138,9],"tags":[11,113],"class_list":["post-4237","post","type-post","status-publish","format-standard","has-post-thumbnail","hentry","category-anteriores","category-parroquia","tag-parroquia","tag-rita","entry","has-media"],"yoast_head":"<!-- This site is optimized with the Yoast SEO plugin v28.4 - https:\/\/yoast.com\/product\/yoast-seo-wordpress\/ -->\n<title>La imagen de Santa Rita - Parroquia Matriz de San Agust\u00edn<\/title>\n<meta name=\"robots\" content=\"index, follow, max-snippet:-1, max-image-preview:large, max-video-preview:-1\" \/>\n<link rel=\"canonical\" href=\"https:\/\/parroquiasanagustin.org\/index.php\/2026\/05\/13\/la-imagen-de-santa-rita\/\" \/>\n<meta property=\"og:locale\" content=\"es_ES\" \/>\n<meta property=\"og:type\" content=\"article\" \/>\n<meta property=\"og:title\" content=\"La imagen de Santa Rita - Parroquia Matriz de San Agust\u00edn\" \/>\n<meta property=\"og:description\" content=\"La imagen de Santa Rita que se venera en esta iglesia con gran devoci\u00f3n y popularidad, es de procedencia, a\u00f1o y autor desconocido, si bien ya se la veneraba en esta iglesia desde la \u00e9poca de los PP. Agustinos (1664-1835). La imagen es de candelero y est\u00e1 vestida con el h\u00e1bito negro de las monjas agustinas. Desde enero de 1866, en el primer libro de f\u00e1brica, se hace referencia a las limosnas entregadas para Santa Rita. En 1873 D. Juan Guerra Herrera, P\u00e1rroco de san Agust\u00edn, solicita al Provincial de los Agustinos de Sevilla la facultad para bendecir los h\u00e1bitos y escapularios de la Santa, haciendo constar que en la ciudad de Las Palmas s\u00f3lo florec\u00eda el culto a Santa Rita en esta Parroquia. El Padre Provincial Fray Miguel Riera le concede la licencia el 20 de Mayo de 1873. M\u00e1s tarde, el 5 de Mayo de 1918, el Obispo D. Justo Marquina erigi\u00f3 can\u00f3nicamente la Cofrad\u00eda de santa Rita. La Cofrad\u00eda desapareci\u00f3 poco despu\u00e9s de la guerra civil de 1936. No as\u00ed la devoci\u00f3n y el culto que se ha visto notablemente incrementado en los \u00faltimos decenios habi\u00e9ndose extendido por numerosas parroquias de la di\u00f3cesis.\" \/>\n<meta property=\"og:url\" content=\"https:\/\/parroquiasanagustin.org\/index.php\/2026\/05\/13\/la-imagen-de-santa-rita\/\" \/>\n<meta property=\"og:site_name\" content=\"Parroquia Matriz de San Agust\u00edn\" \/>\n<meta property=\"article:published_time\" content=\"2026-05-13T09:03:58+00:00\" \/>\n<meta property=\"article:modified_time\" content=\"2026-06-23T17:03:22+00:00\" \/>\n<meta property=\"og:image\" content=\"https:\/\/parroquiasanagustin.org\/wp-content\/uploads\/2021\/05\/Santa_Rita_1890-scaled.jpg\" \/>\n\t<meta property=\"og:image:width\" content=\"933\" \/>\n\t<meta property=\"og:image:height\" content=\"1200\" \/>\n\t<meta property=\"og:image:type\" content=\"image\/jpeg\" \/>\n<meta name=\"author\" content=\"admin\" \/>\n<meta name=\"twitter:card\" content=\"summary_large_image\" \/>\n<meta name=\"twitter:label1\" content=\"Escrito por\" \/>\n\t<meta name=\"twitter:data1\" content=\"admin\" \/>\n\t<meta name=\"twitter:label2\" content=\"Tiempo de lectura\" \/>\n\t<meta name=\"twitter:data2\" content=\"2 minutos\" \/>\n<script type=\"application\/ld+json\" class=\"yoast-schema-graph\">{\"@context\":\"https:\\\/\\\/schema.org\",\"@graph\":[{\"@type\":\"Article\",\"@id\":\"https:\\\/\\\/parroquiasanagustin.org\\\/index.php\\\/2026\\\/05\\\/13\\\/la-imagen-de-santa-rita\\\/#article\",\"isPartOf\":{\"@id\":\"https:\\\/\\\/parroquiasanagustin.org\\\/index.php\\\/2026\\\/05\\\/13\\\/la-imagen-de-santa-rita\\\/\"},\"author\":{\"name\":\"admin\",\"@id\":\"https:\\\/\\\/parroquiasanagustin.org\\\/#\\\/schema\\\/person\\\/847433f46674263837c7be221cfa5120\"},\"headline\":\"La imagen de Santa Rita\",\"datePublished\":\"2026-05-13T09:03:58+00:00\",\"dateModified\":\"2026-06-23T17:03:22+00:00\",\"mainEntityOfPage\":{\"@id\":\"https:\\\/\\\/parroquiasanagustin.org\\\/index.php\\\/2026\\\/05\\\/13\\\/la-imagen-de-santa-rita\\\/\"},\"wordCount\":211,\"publisher\":{\"@id\":\"https:\\\/\\\/parroquiasanagustin.org\\\/#organization\"},\"image\":{\"@id\":\"https:\\\/\\\/parroquiasanagustin.org\\\/index.php\\\/2026\\\/05\\\/13\\\/la-imagen-de-santa-rita\\\/#primaryimage\"},\"thumbnailUrl\":\"https:\\\/\\\/parroquiasanagustin.org\\\/wp-content\\\/uploads\\\/2021\\\/05\\\/Santa_Rita_1890-scaled.jpg\",\"keywords\":[\"parroquia\",\"RITA\"],\"articleSection\":[\"Anteriores\",\"Parroquia\"],\"inLanguage\":\"es\"},{\"@type\":\"WebPage\",\"@id\":\"https:\\\/\\\/parroquiasanagustin.org\\\/index.php\\\/2026\\\/05\\\/13\\\/la-imagen-de-santa-rita\\\/\",\"url\":\"https:\\\/\\\/parroquiasanagustin.org\\\/index.php\\\/2026\\\/05\\\/13\\\/la-imagen-de-santa-rita\\\/\",\"name\":\"La imagen de Santa Rita - Parroquia Matriz de San Agust\u00edn\",\"isPartOf\":{\"@id\":\"https:\\\/\\\/parroquiasanagustin.org\\\/#website\"},\"primaryImageOfPage\":{\"@id\":\"https:\\\/\\\/parroquiasanagustin.org\\\/index.php\\\/2026\\\/05\\\/13\\\/la-imagen-de-santa-rita\\\/#primaryimage\"},\"image\":{\"@id\":\"https:\\\/\\\/parroquiasanagustin.org\\\/index.php\\\/2026\\\/05\\\/13\\\/la-imagen-de-santa-rita\\\/#primaryimage\"},\"thumbnailUrl\":\"https:\\\/\\\/parroquiasanagustin.org\\\/wp-content\\\/uploads\\\/2021\\\/05\\\/Santa_Rita_1890-scaled.jpg\",\"datePublished\":\"2026-05-13T09:03:58+00:00\",\"dateModified\":\"2026-06-23T17:03:22+00:00\",\"breadcrumb\":{\"@id\":\"https:\\\/\\\/parroquiasanagustin.org\\\/index.php\\\/2026\\\/05\\\/13\\\/la-imagen-de-santa-rita\\\/#breadcrumb\"},\"inLanguage\":\"es\",\"potentialAction\":[{\"@type\":\"ReadAction\",\"target\":[\"https:\\\/\\\/parroquiasanagustin.org\\\/index.php\\\/2026\\\/05\\\/13\\\/la-imagen-de-santa-rita\\\/\"]}]},{\"@type\":\"ImageObject\",\"inLanguage\":\"es\",\"@id\":\"https:\\\/\\\/parroquiasanagustin.org\\\/index.php\\\/2026\\\/05\\\/13\\\/la-imagen-de-santa-rita\\\/#primaryimage\",\"url\":\"https:\\\/\\\/parroquiasanagustin.org\\\/wp-content\\\/uploads\\\/2021\\\/05\\\/Santa_Rita_1890-scaled.jpg\",\"contentUrl\":\"https:\\\/\\\/parroquiasanagustin.org\\\/wp-content\\\/uploads\\\/2021\\\/05\\\/Santa_Rita_1890-scaled.jpg\",\"width\":933,\"height\":1200,\"caption\":\"Imagen de Santa Rita - 1890\"},{\"@type\":\"BreadcrumbList\",\"@id\":\"https:\\\/\\\/parroquiasanagustin.org\\\/index.php\\\/2026\\\/05\\\/13\\\/la-imagen-de-santa-rita\\\/#breadcrumb\",\"itemListElement\":[{\"@type\":\"ListItem\",\"position\":1,\"name\":\"Portada\",\"item\":\"https:\\\/\\\/parroquiasanagustin.org\\\/\"},{\"@type\":\"ListItem\",\"position\":2,\"name\":\"La imagen de Santa Rita\"}]},{\"@type\":\"WebSite\",\"@id\":\"https:\\\/\\\/parroquiasanagustin.org\\\/#website\",\"url\":\"https:\\\/\\\/parroquiasanagustin.org\\\/\",\"name\":\"Parroquia Matriz de San Agust\u00edn\",\"description\":\"Iglesia de San Agust\u00edn y Santuario de Santa Rita, Vegueta, Las Palmas de Gran Canaria\",\"publisher\":{\"@id\":\"https:\\\/\\\/parroquiasanagustin.org\\\/#organization\"},\"potentialAction\":[{\"@type\":\"SearchAction\",\"target\":{\"@type\":\"EntryPoint\",\"urlTemplate\":\"https:\\\/\\\/parroquiasanagustin.org\\\/?s={search_term_string}\"},\"query-input\":{\"@type\":\"PropertyValueSpecification\",\"valueRequired\":true,\"valueName\":\"search_term_string\"}}],\"inLanguage\":\"es\"},{\"@type\":\"Organization\",\"@id\":\"https:\\\/\\\/parroquiasanagustin.org\\\/#organization\",\"name\":\"Parroquia Matriz de San Agust\u00edn\",\"url\":\"https:\\\/\\\/parroquiasanagustin.org\\\/\",\"logo\":{\"@type\":\"ImageObject\",\"inLanguage\":\"es\",\"@id\":\"https:\\\/\\\/parroquiasanagustin.org\\\/#\\\/schema\\\/logo\\\/image\\\/\",\"url\":\"https:\\\/\\\/parroquiasanagustin.org\\\/wp-content\\\/uploads\\\/2020\\\/03\\\/iglesiaicono.jpg\",\"contentUrl\":\"https:\\\/\\\/parroquiasanagustin.org\\\/wp-content\\\/uploads\\\/2020\\\/03\\\/iglesiaicono.jpg\",\"width\":567,\"height\":567,\"caption\":\"Parroquia Matriz de San Agust\u00edn\"},\"image\":{\"@id\":\"https:\\\/\\\/parroquiasanagustin.org\\\/#\\\/schema\\\/logo\\\/image\\\/\"}},{\"@type\":\"Person\",\"@id\":\"https:\\\/\\\/parroquiasanagustin.org\\\/#\\\/schema\\\/person\\\/847433f46674263837c7be221cfa5120\",\"name\":\"admin\",\"image\":{\"@type\":\"ImageObject\",\"inLanguage\":\"es\",\"@id\":\"https:\\\/\\\/secure.gravatar.com\\\/avatar\\\/07d4512f723a9a3b729f475206dd5edd698d449d5c20abe9a12060d2ff1e0807?s=96&d=mm&r=g\",\"url\":\"https:\\\/\\\/secure.gravatar.com\\\/avatar\\\/07d4512f723a9a3b729f475206dd5edd698d449d5c20abe9a12060d2ff1e0807?s=96&d=mm&r=g\",\"contentUrl\":\"https:\\\/\\\/secure.gravatar.com\\\/avatar\\\/07d4512f723a9a3b729f475206dd5edd698d449d5c20abe9a12060d2ff1e0807?s=96&d=mm&r=g\",\"caption\":\"admin\"},\"url\":\"https:\\\/\\\/parroquiasanagustin.org\\\/index.php\\\/author\\\/admin\\\/\"}]}<\/script>\n<!-- \/ Yoast SEO plugin. -->","yoast_head_json":{"title":"La imagen de Santa Rita - Parroquia Matriz de San Agust\u00edn","robots":{"index":"index","follow":"follow","max-snippet":"max-snippet:-1","max-image-preview":"max-image-preview:large","max-video-preview":"max-video-preview:-1"},"canonical":"https:\/\/parroquiasanagustin.org\/index.php\/2026\/05\/13\/la-imagen-de-santa-rita\/","og_locale":"es_ES","og_type":"article","og_title":"La imagen de Santa Rita - Parroquia Matriz de San Agust\u00edn","og_description":"La imagen de Santa Rita que se venera en esta iglesia con gran devoci\u00f3n y popularidad, es de procedencia, a\u00f1o y autor desconocido, si bien ya se la veneraba en esta iglesia desde la \u00e9poca de los PP. Agustinos (1664-1835). La imagen es de candelero y est\u00e1 vestida con el h\u00e1bito negro de las monjas agustinas. Desde enero de 1866, en el primer libro de f\u00e1brica, se hace referencia a las limosnas entregadas para Santa Rita. En 1873 D. Juan Guerra Herrera, P\u00e1rroco de san Agust\u00edn, solicita al Provincial de los Agustinos de Sevilla la facultad para bendecir los h\u00e1bitos y escapularios de la Santa, haciendo constar que en la ciudad de Las Palmas s\u00f3lo florec\u00eda el culto a Santa Rita en esta Parroquia. El Padre Provincial Fray Miguel Riera le concede la licencia el 20 de Mayo de 1873. M\u00e1s tarde, el 5 de Mayo de 1918, el Obispo D. Justo Marquina erigi\u00f3 can\u00f3nicamente la Cofrad\u00eda de santa Rita. La Cofrad\u00eda desapareci\u00f3 poco despu\u00e9s de la guerra civil de 1936. No as\u00ed la devoci\u00f3n y el culto que se ha visto notablemente incrementado en los \u00faltimos decenios habi\u00e9ndose extendido por numerosas parroquias de la di\u00f3cesis.","og_url":"https:\/\/parroquiasanagustin.org\/index.php\/2026\/05\/13\/la-imagen-de-santa-rita\/","og_site_name":"Parroquia Matriz de San Agust\u00edn","article_published_time":"2026-05-13T09:03:58+00:00","article_modified_time":"2026-06-23T17:03:22+00:00","og_image":[{"width":933,"height":1200,"url":"https:\/\/parroquiasanagustin.org\/wp-content\/uploads\/2021\/05\/Santa_Rita_1890-scaled.jpg","type":"image\/jpeg"}],"author":"admin","twitter_card":"summary_large_image","twitter_misc":{"Escrito por":"admin","Tiempo de lectura":"2 minutos"},"schema":{"@context":"https:\/\/schema.org","@graph":[{"@type":"Article","@id":"https:\/\/parroquiasanagustin.org\/index.php\/2026\/05\/13\/la-imagen-de-santa-rita\/#article","isPartOf":{"@id":"https:\/\/parroquiasanagustin.org\/index.php\/2026\/05\/13\/la-imagen-de-santa-rita\/"},"author":{"name":"admin","@id":"https:\/\/parroquiasanagustin.org\/#\/schema\/person\/847433f46674263837c7be221cfa5120"},"headline":"La imagen de Santa Rita","datePublished":"2026-05-13T09:03:58+00:00","dateModified":"2026-06-23T17:03:22+00:00","mainEntityOfPage":{"@id":"https:\/\/parroquiasanagustin.org\/index.php\/2026\/05\/13\/la-imagen-de-santa-rita\/"},"wordCount":211,"publisher":{"@id":"https:\/\/parroquiasanagustin.org\/#organization"},"image":{"@id":"https:\/\/parroquiasanagustin.org\/index.php\/2026\/05\/13\/la-imagen-de-santa-rita\/#primaryimage"},"thumbnailUrl":"https:\/\/parroquiasanagustin.org\/wp-content\/uploads\/2021\/05\/Santa_Rita_1890-scaled.jpg","keywords":["parroquia","RITA"],"articleSection":["Anteriores","Parroquia"],"inLanguage":"es"},{"@type":"WebPage","@id":"https:\/\/parroquiasanagustin.org\/index.php\/2026\/05\/13\/la-imagen-de-santa-rita\/","url":"https:\/\/parroquiasanagustin.org\/index.php\/2026\/05\/13\/la-imagen-de-santa-rita\/","name":"La imagen de Santa Rita - Parroquia Matriz de San Agust\u00edn","isPartOf":{"@id":"https:\/\/parroquiasanagustin.org\/#website"},"primaryImageOfPage":{"@id":"https:\/\/parroquiasanagustin.org\/index.php\/2026\/05\/13\/la-imagen-de-santa-rita\/#primaryimage"},"image":{"@id":"https:\/\/parroquiasanagustin.org\/index.php\/2026\/05\/13\/la-imagen-de-santa-rita\/#primaryimage"},"thumbnailUrl":"https:\/\/parroquiasanagustin.org\/wp-content\/uploads\/2021\/05\/Santa_Rita_1890-scaled.jpg","datePublished":"2026-05-13T09:03:58+00:00","dateModified":"2026-06-23T17:03:22+00:00","breadcrumb":{"@id":"https:\/\/parroquiasanagustin.org\/index.php\/2026\/05\/13\/la-imagen-de-santa-rita\/#breadcrumb"},"inLanguage":"es","potentialAction":[{"@type":"ReadAction","target":["https:\/\/parroquiasanagustin.org\/index.php\/2026\/05\/13\/la-imagen-de-santa-rita\/"]}]},{"@type":"ImageObject","inLanguage":"es","@id":"https:\/\/parroquiasanagustin.org\/index.php\/2026\/05\/13\/la-imagen-de-santa-rita\/#primaryimage","url":"https:\/\/parroquiasanagustin.org\/wp-content\/uploads\/2021\/05\/Santa_Rita_1890-scaled.jpg","contentUrl":"https:\/\/parroquiasanagustin.org\/wp-content\/uploads\/2021\/05\/Santa_Rita_1890-scaled.jpg","width":933,"height":1200,"caption":"Imagen de Santa Rita - 1890"},{"@type":"BreadcrumbList","@id":"https:\/\/parroquiasanagustin.org\/index.php\/2026\/05\/13\/la-imagen-de-santa-rita\/#breadcrumb","itemListElement":[{"@type":"ListItem","position":1,"name":"Portada","item":"https:\/\/parroquiasanagustin.org\/"},{"@type":"ListItem","position":2,"name":"La imagen de Santa Rita"}]},{"@type":"WebSite","@id":"https:\/\/parroquiasanagustin.org\/#website","url":"https:\/\/parroquiasanagustin.org\/","name":"Parroquia Matriz de San Agust\u00edn","description":"Iglesia de San Agust\u00edn y Santuario de Santa Rita, Vegueta, Las Palmas de Gran Canaria","publisher":{"@id":"https:\/\/parroquiasanagustin.org\/#organization"},"potentialAction":[{"@type":"SearchAction","target":{"@type":"EntryPoint","urlTemplate":"https:\/\/parroquiasanagustin.org\/?s={search_term_string}"},"query-input":{"@type":"PropertyValueSpecification","valueRequired":true,"valueName":"search_term_string"}}],"inLanguage":"es"},{"@type":"Organization","@id":"https:\/\/parroquiasanagustin.org\/#organization","name":"Parroquia Matriz de San Agust\u00edn","url":"https:\/\/parroquiasanagustin.org\/","logo":{"@type":"ImageObject","inLanguage":"es","@id":"https:\/\/parroquiasanagustin.org\/#\/schema\/logo\/image\/","url":"https:\/\/parroquiasanagustin.org\/wp-content\/uploads\/2020\/03\/iglesiaicono.jpg","contentUrl":"https:\/\/parroquiasanagustin.org\/wp-content\/uploads\/2020\/03\/iglesiaicono.jpg","width":567,"height":567,"caption":"Parroquia Matriz de San Agust\u00edn"},"image":{"@id":"https:\/\/parroquiasanagustin.org\/#\/schema\/logo\/image\/"}},{"@type":"Person","@id":"https:\/\/parroquiasanagustin.org\/#\/schema\/person\/847433f46674263837c7be221cfa5120","name":"admin","image":{"@type":"ImageObject","inLanguage":"es","@id":"https:\/\/secure.gravatar.com\/avatar\/07d4512f723a9a3b729f475206dd5edd698d449d5c20abe9a12060d2ff1e0807?s=96&d=mm&r=g","url":"https:\/\/secure.gravatar.com\/avatar\/07d4512f723a9a3b729f475206dd5edd698d449d5c20abe9a12060d2ff1e0807?s=96&d=mm&r=g","contentUrl":"https:\/\/secure.gravatar.com\/avatar\/07d4512f723a9a3b729f475206dd5edd698d449d5c20abe9a12060d2ff1e0807?s=96&d=mm&r=g","caption":"admin"},"url":"https:\/\/parroquiasanagustin.org\/index.php\/author\/admin\/"}]}},"_links":{"self":[{"href":"https:\/\/parroquiasanagustin.org\/index.php\/wp-json\/wp\/v2\/posts\/4237","targetHints":{"allow":["GET"]}}],"collection":[{"href":"https:\/\/parroquiasanagustin.org\/index.php\/wp-json\/wp\/v2\/posts"}],"about":[{"href":"https:\/\/parroquiasanagustin.org\/index.php\/wp-json\/wp\/v2\/types\/post"}],"author":[{"embeddable":true,"href":"https:\/\/parroquiasanagustin.org\/index.php\/wp-json\/wp\/v2\/users\/2"}],"replies":[{"embeddable":true,"href":"https:\/\/parroquiasanagustin.org\/index.php\/wp-json\/wp\/v2\/comments?post=4237"}],"version-history":[{"count":1,"href":"https:\/\/parroquiasanagustin.org\/index.php\/wp-json\/wp\/v2\/posts\/4237\/revisions"}],"predecessor-version":[{"id":7646,"href":"https:\/\/parroquiasanagustin.org\/index.php\/wp-json\/wp\/v2\/posts\/4237\/revisions\/7646"}],"wp:featuredmedia":[{"embeddable":true,"href":"https:\/\/parroquiasanagustin.org\/index.php\/wp-json\/wp\/v2\/media\/2659"}],"wp:attachment":[{"href":"https:\/\/parroquiasanagustin.org\/index.php\/wp-json\/wp\/v2\/media?parent=4237"}],"wp:term":[{"taxonomy":"category","embeddable":true,"href":"https:\/\/parroquiasanagustin.org\/index.php\/wp-json\/wp\/v2\/categories?post=4237"},{"taxonomy":"post_tag","embeddable":true,"href":"https:\/\/parroquiasanagustin.org\/index.php\/wp-json\/wp\/v2\/tags?post=4237"}],"curies":[{"name":"wp","href":"https:\/\/api.w.org\/{rel}","templated":true}]}}