{"id":4027,"date":"2022-03-09T08:53:03","date_gmt":"2022-03-09T08:53:03","guid":{"rendered":"https:\/\/parroquiasanagustin.org\/?p=4027"},"modified":"2022-12-14T18:55:41","modified_gmt":"2022-12-14T18:55:41","slug":"dia-del-seminario","status":"publish","type":"post","link":"https:\/\/parroquiasanagustin.org\/index.php\/2022\/03\/09\/dia-del-seminario\/","title":{"rendered":"D\u00eda del Seminario"},"content":{"rendered":"<p><span style=\"color: #ff0000;\"><strong><img fetchpriority=\"high\" decoding=\"async\" class=\"size-medium wp-image-4000 alignright\" src=\"https:\/\/parroquiasanagustin.org\/wp-content\/uploads\/2022\/03\/Estampa-Dia-del-Seminario-2-191x300.jpg\" alt=\"\" width=\"191\" height=\"300\" srcset=\"https:\/\/parroquiasanagustin.org\/wp-content\/uploads\/2022\/03\/Estampa-Dia-del-Seminario-2-191x300.jpg 191w, https:\/\/parroquiasanagustin.org\/wp-content\/uploads\/2022\/03\/Estampa-Dia-del-Seminario-2-651x1024.jpg 651w, https:\/\/parroquiasanagustin.org\/wp-content\/uploads\/2022\/03\/Estampa-Dia-del-Seminario-2-768x1208.jpg 768w, https:\/\/parroquiasanagustin.org\/wp-content\/uploads\/2022\/03\/Estampa-Dia-del-Seminario-2-scaled.jpg 763w\" sizes=\"(max-width: 191px) 100vw, 191px\" \/>\u00abSacerdotes al servicio de una Iglesia en camino\u00bb<\/strong> <\/span>es el lema que centrar\u00e1 este a\u00f1o el D\u00eda del Seminario que se celebra el 19 de marzo, solemnidad de San Jos\u00e9.<\/p>\n<p>El lema se inspira en el proceso sinodal en el que est\u00e1 inmersa la Iglesia. \u00abEl S\u00ednodo universal en el que nos encontramos nos hace a todos ponernos en camino juntos\u00bb.<\/p>\n<p>Junto al S\u00ednodo, dos palabras: <span style=\"color: #ff0000;\"><strong>sacerdotes y servicio.<\/strong><\/span> Sacerdotes, en plural, \u00abrecord\u00e1ndonos el sentido del seminario y llam\u00e1ndonos a acrecentar nuestra fraternidad. Los sacerdotes no hemos sido llamados para estar solos. El seminario nos ense\u00f1a la importancia de la comunidad y la necesidad de vivir una sana fraternidad\u00bb.<\/p>\n<p>Adem\u00e1s se presenta la vocaci\u00f3n sacerdotal como servicio. En el seminario, \u00ablos seminaristas aprenden a vivir el servicio y a servir a los hermanos, como parte integrante y fundamental de la vocaci\u00f3n. Los intereses ego\u00edstas y el provecho propio han de desterrarse y deben dejar lugar al desarrollo de una vocaci\u00f3n recibida para ser entregada. Solo desde la entrega la vocaci\u00f3n recibe todo su sentido\u00bb.<\/p>\n<p>Y resume, \u00absi dec\u00edamos que el ejemplo de la fraternidad sacerdotal constituye un impulso para los j\u00f3venes que se plantean la vocaci\u00f3n sacerdotal, tambi\u00e9n podemos afirmar que el testimonio de una vida entregada en el servicio infunde \u00e1nimos en el coraz\u00f3n de los j\u00f3venes, deseosos de entregarse por completo a una tarea apasionante\u00bb.<\/p>\n","protected":false},"excerpt":{"rendered":"<p>\u00abSacerdotes al servicio de una Iglesia en camino\u00bb es el lema que centrar\u00e1 este a\u00f1o el D\u00eda del Seminario que se celebra el 19 de marzo, solemnidad de San Jos\u00e9. El lema se inspira en el proceso sinodal en el que est\u00e1 inmersa la Iglesia. \u00abEl S\u00ednodo universal en el que nos encontramos nos hace a todos ponernos en camino juntos\u00bb. Junto al S\u00ednodo, dos palabras: sacerdotes y servicio. Sacerdotes, en plural, \u00abrecord\u00e1ndonos el sentido del seminario y llam\u00e1ndonos a acrecentar nuestra fraternidad. Los sacerdotes no hemos sido llamados para estar solos. El seminario nos ense\u00f1a la importancia de la comunidad y la necesidad de vivir una sana fraternidad\u00bb. Adem\u00e1s se presenta la vocaci\u00f3n sacerdotal como servicio. En el seminario, \u00ablos seminaristas aprenden a vivir el servicio y a servir a los hermanos, como parte integrante y fundamental de la vocaci\u00f3n. Los intereses ego\u00edstas y el provecho propio han de desterrarse y deben dejar lugar al desarrollo de una vocaci\u00f3n recibida para ser entregada. Solo desde la entrega la vocaci\u00f3n recibe todo su sentido\u00bb. Y resume, \u00absi dec\u00edamos que el ejemplo de la fraternidad sacerdotal constituye un impulso para los j\u00f3venes que se plantean la vocaci\u00f3n sacerdotal, tambi\u00e9n podemos afirmar que el testimonio de una vida entregada en el servicio infunde \u00e1nimos en el coraz\u00f3n de los j\u00f3venes, deseosos de entregarse por completo a una tarea apasionante\u00bb.<\/p>\n","protected":false},"author":2,"featured_media":4000,"comment_status":"closed","ping_status":"closed","sticky":false,"template":"","format":"standard","meta":{"ocean_front_end_style_editor":"no","ocean_post_layout":"","ocean_both_sidebars_style":"","ocean_both_sidebars_content_width":0,"ocean_both_sidebars_sidebars_width":0,"ocean_sidebar":"0","ocean_second_sidebar":"0","ocean_disable_margins":"enable","ocean_add_body_class":"","ocean_shortcode_before_top_bar":"","ocean_shortcode_after_top_bar":"","ocean_shortcode_before_header":"","ocean_shortcode_after_header":"","ocean_has_shortcode":"","ocean_shortcode_after_title":"","ocean_shortcode_before_footer_widgets":"","ocean_shortcode_after_footer_widgets":"","ocean_shortcode_before_footer_bottom":"","ocean_shortcode_after_footer_bottom":"","ocean_display_top_bar":"default","ocean_display_header":"default","ocean_header_style":"","ocean_center_header_left_menu":"0","ocean_custom_header_template":"0","ocean_custom_logo":0,"ocean_custom_retina_logo":0,"ocean_custom_logo_max_width":0,"ocean_custom_logo_tablet_max_width":0,"ocean_custom_logo_mobile_max_width":0,"ocean_custom_logo_max_height":0,"ocean_custom_logo_tablet_max_height":0,"ocean_custom_logo_mobile_max_height":0,"ocean_header_custom_menu":"0","ocean_menu_typo_font_family":"0","ocean_menu_typo_font_subset":"","ocean_menu_typo_font_size":0,"ocean_menu_typo_font_size_tablet":0,"ocean_menu_typo_font_size_mobile":0,"ocean_menu_typo_font_size_unit":"px","ocean_menu_typo_font_weight":"","ocean_menu_typo_font_weight_tablet":"","ocean_menu_typo_font_weight_mobile":"","ocean_menu_typo_transform":"","ocean_menu_typo_transform_tablet":"","ocean_menu_typo_transform_mobile":"","ocean_menu_typo_line_height":0,"ocean_menu_typo_line_height_tablet":0,"ocean_menu_typo_line_height_mobile":0,"ocean_menu_typo_line_height_unit":"","ocean_menu_typo_spacing":0,"ocean_menu_typo_spacing_tablet":0,"ocean_menu_typo_spacing_mobile":0,"ocean_menu_typo_spacing_unit":"","ocean_menu_link_color":"","ocean_menu_link_color_hover":"","ocean_menu_link_color_active":"","ocean_menu_link_background":"","ocean_menu_link_hover_background":"","ocean_menu_link_active_background":"","ocean_menu_social_links_bg":"","ocean_menu_social_hover_links_bg":"","ocean_menu_social_links_color":"","ocean_menu_social_hover_links_color":"","ocean_disable_title":"default","ocean_disable_heading":"default","ocean_post_title":"","ocean_post_subheading":"","ocean_post_title_style":"","ocean_post_title_background_color":"","ocean_post_title_background":0,"ocean_post_title_bg_image_position":"","ocean_post_title_bg_image_attachment":"","ocean_post_title_bg_image_repeat":"","ocean_post_title_bg_image_size":"","ocean_post_title_height":0,"ocean_post_title_bg_overlay":0.5,"ocean_post_title_bg_overlay_color":"","ocean_disable_breadcrumbs":"default","ocean_breadcrumbs_color":"","ocean_breadcrumbs_separator_color":"","ocean_breadcrumbs_links_color":"","ocean_breadcrumbs_links_hover_color":"","ocean_display_footer_widgets":"default","ocean_display_footer_bottom":"default","ocean_custom_footer_template":"0","ocean_post_oembed":"","ocean_post_self_hosted_media":"","ocean_post_video_embed":"","ocean_link_format":"","ocean_link_format_target":"self","ocean_quote_format":"","ocean_quote_format_link":"post","ocean_gallery_link_images":"off","ocean_gallery_id":[],"footnotes":""},"categories":[138,15,9],"tags":[53,95,109],"class_list":["post-4027","post","type-post","status-publish","format-standard","has-post-thumbnail","hentry","category-anteriores","category-diocesis","category-parroquia","tag-jornada","tag-jose","tag-seminario","entry","has-media"],"yoast_head":"<!-- This site is optimized with the Yoast SEO plugin v28.3 - https:\/\/yoast.com\/product\/yoast-seo-wordpress\/ -->\n<title>D\u00eda del Seminario - Parroquia Matriz de San Agust\u00edn<\/title>\n<meta name=\"robots\" content=\"index, follow, max-snippet:-1, max-image-preview:large, max-video-preview:-1\" \/>\n<link rel=\"canonical\" href=\"https:\/\/parroquiasanagustin.org\/index.php\/2022\/03\/09\/dia-del-seminario\/\" \/>\n<meta property=\"og:locale\" content=\"es_ES\" \/>\n<meta property=\"og:type\" content=\"article\" \/>\n<meta property=\"og:title\" content=\"D\u00eda del Seminario - Parroquia Matriz de San Agust\u00edn\" \/>\n<meta property=\"og:description\" content=\"\u00abSacerdotes al servicio de una Iglesia en camino\u00bb es el lema que centrar\u00e1 este a\u00f1o el D\u00eda del Seminario que se celebra el 19 de marzo, solemnidad de San Jos\u00e9. El lema se inspira en el proceso sinodal en el que est\u00e1 inmersa la Iglesia. \u00abEl S\u00ednodo universal en el que nos encontramos nos hace a todos ponernos en camino juntos\u00bb. Junto al S\u00ednodo, dos palabras: sacerdotes y servicio. Sacerdotes, en plural, \u00abrecord\u00e1ndonos el sentido del seminario y llam\u00e1ndonos a acrecentar nuestra fraternidad. Los sacerdotes no hemos sido llamados para estar solos. El seminario nos ense\u00f1a la importancia de la comunidad y la necesidad de vivir una sana fraternidad\u00bb. Adem\u00e1s se presenta la vocaci\u00f3n sacerdotal como servicio. En el seminario, \u00ablos seminaristas aprenden a vivir el servicio y a servir a los hermanos, como parte integrante y fundamental de la vocaci\u00f3n. Los intereses ego\u00edstas y el provecho propio han de desterrarse y deben dejar lugar al desarrollo de una vocaci\u00f3n recibida para ser entregada. Solo desde la entrega la vocaci\u00f3n recibe todo su sentido\u00bb. Y resume, \u00absi dec\u00edamos que el ejemplo de la fraternidad sacerdotal constituye un impulso para los j\u00f3venes que se plantean la vocaci\u00f3n sacerdotal, tambi\u00e9n podemos afirmar que el testimonio de una vida entregada en el servicio infunde \u00e1nimos en el coraz\u00f3n de los j\u00f3venes, deseosos de entregarse por completo a una tarea apasionante\u00bb.\" \/>\n<meta property=\"og:url\" content=\"https:\/\/parroquiasanagustin.org\/index.php\/2022\/03\/09\/dia-del-seminario\/\" \/>\n<meta property=\"og:site_name\" content=\"Parroquia Matriz de San Agust\u00edn\" \/>\n<meta property=\"article:published_time\" content=\"2022-03-09T08:53:03+00:00\" \/>\n<meta property=\"article:modified_time\" content=\"2022-12-14T18:55:41+00:00\" \/>\n<meta property=\"og:image\" content=\"https:\/\/parroquiasanagustin.org\/wp-content\/uploads\/2022\/03\/Estampa-Dia-del-Seminario-2-scaled.jpg\" \/>\n\t<meta property=\"og:image:width\" content=\"763\" \/>\n\t<meta property=\"og:image:height\" content=\"1200\" \/>\n\t<meta property=\"og:image:type\" content=\"image\/jpeg\" \/>\n<meta name=\"author\" content=\"admin\" \/>\n<meta name=\"twitter:card\" content=\"summary_large_image\" \/>\n<meta name=\"twitter:label1\" content=\"Escrito por\" \/>\n\t<meta name=\"twitter:data1\" content=\"admin\" \/>\n\t<meta name=\"twitter:label2\" content=\"Tiempo de lectura\" \/>\n\t<meta name=\"twitter:data2\" content=\"2 minutos\" \/>\n<script type=\"application\/ld+json\" class=\"yoast-schema-graph\">{\"@context\":\"https:\\\/\\\/schema.org\",\"@graph\":[{\"@type\":\"Article\",\"@id\":\"https:\\\/\\\/parroquiasanagustin.org\\\/index.php\\\/2022\\\/03\\\/09\\\/dia-del-seminario\\\/#article\",\"isPartOf\":{\"@id\":\"https:\\\/\\\/parroquiasanagustin.org\\\/index.php\\\/2022\\\/03\\\/09\\\/dia-del-seminario\\\/\"},\"author\":{\"name\":\"admin\",\"@id\":\"https:\\\/\\\/parroquiasanagustin.org\\\/#\\\/schema\\\/person\\\/847433f46674263837c7be221cfa5120\"},\"headline\":\"D\u00eda del Seminario\",\"datePublished\":\"2022-03-09T08:53:03+00:00\",\"dateModified\":\"2022-12-14T18:55:41+00:00\",\"mainEntityOfPage\":{\"@id\":\"https:\\\/\\\/parroquiasanagustin.org\\\/index.php\\\/2022\\\/03\\\/09\\\/dia-del-seminario\\\/\"},\"wordCount\":249,\"publisher\":{\"@id\":\"https:\\\/\\\/parroquiasanagustin.org\\\/#organization\"},\"image\":{\"@id\":\"https:\\\/\\\/parroquiasanagustin.org\\\/index.php\\\/2022\\\/03\\\/09\\\/dia-del-seminario\\\/#primaryimage\"},\"thumbnailUrl\":\"https:\\\/\\\/parroquiasanagustin.org\\\/wp-content\\\/uploads\\\/2022\\\/03\\\/Estampa-Dia-del-Seminario-2-scaled.jpg\",\"keywords\":[\"jornada\",\"Jose\",\"seminario\"],\"articleSection\":[\"Anteriores\",\"Di\u00f3cesis\",\"Parroquia\"],\"inLanguage\":\"es\"},{\"@type\":\"WebPage\",\"@id\":\"https:\\\/\\\/parroquiasanagustin.org\\\/index.php\\\/2022\\\/03\\\/09\\\/dia-del-seminario\\\/\",\"url\":\"https:\\\/\\\/parroquiasanagustin.org\\\/index.php\\\/2022\\\/03\\\/09\\\/dia-del-seminario\\\/\",\"name\":\"D\u00eda del Seminario - Parroquia Matriz de San Agust\u00edn\",\"isPartOf\":{\"@id\":\"https:\\\/\\\/parroquiasanagustin.org\\\/#website\"},\"primaryImageOfPage\":{\"@id\":\"https:\\\/\\\/parroquiasanagustin.org\\\/index.php\\\/2022\\\/03\\\/09\\\/dia-del-seminario\\\/#primaryimage\"},\"image\":{\"@id\":\"https:\\\/\\\/parroquiasanagustin.org\\\/index.php\\\/2022\\\/03\\\/09\\\/dia-del-seminario\\\/#primaryimage\"},\"thumbnailUrl\":\"https:\\\/\\\/parroquiasanagustin.org\\\/wp-content\\\/uploads\\\/2022\\\/03\\\/Estampa-Dia-del-Seminario-2-scaled.jpg\",\"datePublished\":\"2022-03-09T08:53:03+00:00\",\"dateModified\":\"2022-12-14T18:55:41+00:00\",\"breadcrumb\":{\"@id\":\"https:\\\/\\\/parroquiasanagustin.org\\\/index.php\\\/2022\\\/03\\\/09\\\/dia-del-seminario\\\/#breadcrumb\"},\"inLanguage\":\"es\",\"potentialAction\":[{\"@type\":\"ReadAction\",\"target\":[\"https:\\\/\\\/parroquiasanagustin.org\\\/index.php\\\/2022\\\/03\\\/09\\\/dia-del-seminario\\\/\"]}]},{\"@type\":\"ImageObject\",\"inLanguage\":\"es\",\"@id\":\"https:\\\/\\\/parroquiasanagustin.org\\\/index.php\\\/2022\\\/03\\\/09\\\/dia-del-seminario\\\/#primaryimage\",\"url\":\"https:\\\/\\\/parroquiasanagustin.org\\\/wp-content\\\/uploads\\\/2022\\\/03\\\/Estampa-Dia-del-Seminario-2-scaled.jpg\",\"contentUrl\":\"https:\\\/\\\/parroquiasanagustin.org\\\/wp-content\\\/uploads\\\/2022\\\/03\\\/Estampa-Dia-del-Seminario-2-scaled.jpg\",\"width\":763,\"height\":1200},{\"@type\":\"BreadcrumbList\",\"@id\":\"https:\\\/\\\/parroquiasanagustin.org\\\/index.php\\\/2022\\\/03\\\/09\\\/dia-del-seminario\\\/#breadcrumb\",\"itemListElement\":[{\"@type\":\"ListItem\",\"position\":1,\"name\":\"Portada\",\"item\":\"https:\\\/\\\/parroquiasanagustin.org\\\/\"},{\"@type\":\"ListItem\",\"position\":2,\"name\":\"D\u00eda del Seminario\"}]},{\"@type\":\"WebSite\",\"@id\":\"https:\\\/\\\/parroquiasanagustin.org\\\/#website\",\"url\":\"https:\\\/\\\/parroquiasanagustin.org\\\/\",\"name\":\"Parroquia Matriz de San Agust\u00edn\",\"description\":\"Iglesia de San Agust\u00edn y Santuario de Santa Rita, Vegueta, Las Palmas de Gran Canaria\",\"publisher\":{\"@id\":\"https:\\\/\\\/parroquiasanagustin.org\\\/#organization\"},\"potentialAction\":[{\"@type\":\"SearchAction\",\"target\":{\"@type\":\"EntryPoint\",\"urlTemplate\":\"https:\\\/\\\/parroquiasanagustin.org\\\/?s={search_term_string}\"},\"query-input\":{\"@type\":\"PropertyValueSpecification\",\"valueRequired\":true,\"valueName\":\"search_term_string\"}}],\"inLanguage\":\"es\"},{\"@type\":\"Organization\",\"@id\":\"https:\\\/\\\/parroquiasanagustin.org\\\/#organization\",\"name\":\"Parroquia Matriz de San Agust\u00edn\",\"url\":\"https:\\\/\\\/parroquiasanagustin.org\\\/\",\"logo\":{\"@type\":\"ImageObject\",\"inLanguage\":\"es\",\"@id\":\"https:\\\/\\\/parroquiasanagustin.org\\\/#\\\/schema\\\/logo\\\/image\\\/\",\"url\":\"https:\\\/\\\/parroquiasanagustin.org\\\/wp-content\\\/uploads\\\/2020\\\/03\\\/iglesiaicono.jpg\",\"contentUrl\":\"https:\\\/\\\/parroquiasanagustin.org\\\/wp-content\\\/uploads\\\/2020\\\/03\\\/iglesiaicono.jpg\",\"width\":567,\"height\":567,\"caption\":\"Parroquia Matriz de San Agust\u00edn\"},\"image\":{\"@id\":\"https:\\\/\\\/parroquiasanagustin.org\\\/#\\\/schema\\\/logo\\\/image\\\/\"}},{\"@type\":\"Person\",\"@id\":\"https:\\\/\\\/parroquiasanagustin.org\\\/#\\\/schema\\\/person\\\/847433f46674263837c7be221cfa5120\",\"name\":\"admin\",\"image\":{\"@type\":\"ImageObject\",\"inLanguage\":\"es\",\"@id\":\"https:\\\/\\\/secure.gravatar.com\\\/avatar\\\/07d4512f723a9a3b729f475206dd5edd698d449d5c20abe9a12060d2ff1e0807?s=96&d=mm&r=g\",\"url\":\"https:\\\/\\\/secure.gravatar.com\\\/avatar\\\/07d4512f723a9a3b729f475206dd5edd698d449d5c20abe9a12060d2ff1e0807?s=96&d=mm&r=g\",\"contentUrl\":\"https:\\\/\\\/secure.gravatar.com\\\/avatar\\\/07d4512f723a9a3b729f475206dd5edd698d449d5c20abe9a12060d2ff1e0807?s=96&d=mm&r=g\",\"caption\":\"admin\"},\"url\":\"https:\\\/\\\/parroquiasanagustin.org\\\/index.php\\\/author\\\/admin\\\/\"}]}<\/script>\n<!-- \/ Yoast SEO plugin. -->","yoast_head_json":{"title":"D\u00eda del Seminario - Parroquia Matriz de San Agust\u00edn","robots":{"index":"index","follow":"follow","max-snippet":"max-snippet:-1","max-image-preview":"max-image-preview:large","max-video-preview":"max-video-preview:-1"},"canonical":"https:\/\/parroquiasanagustin.org\/index.php\/2022\/03\/09\/dia-del-seminario\/","og_locale":"es_ES","og_type":"article","og_title":"D\u00eda del Seminario - Parroquia Matriz de San Agust\u00edn","og_description":"\u00abSacerdotes al servicio de una Iglesia en camino\u00bb es el lema que centrar\u00e1 este a\u00f1o el D\u00eda del Seminario que se celebra el 19 de marzo, solemnidad de San Jos\u00e9. El lema se inspira en el proceso sinodal en el que est\u00e1 inmersa la Iglesia. \u00abEl S\u00ednodo universal en el que nos encontramos nos hace a todos ponernos en camino juntos\u00bb. Junto al S\u00ednodo, dos palabras: sacerdotes y servicio. Sacerdotes, en plural, \u00abrecord\u00e1ndonos el sentido del seminario y llam\u00e1ndonos a acrecentar nuestra fraternidad. Los sacerdotes no hemos sido llamados para estar solos. El seminario nos ense\u00f1a la importancia de la comunidad y la necesidad de vivir una sana fraternidad\u00bb. Adem\u00e1s se presenta la vocaci\u00f3n sacerdotal como servicio. En el seminario, \u00ablos seminaristas aprenden a vivir el servicio y a servir a los hermanos, como parte integrante y fundamental de la vocaci\u00f3n. Los intereses ego\u00edstas y el provecho propio han de desterrarse y deben dejar lugar al desarrollo de una vocaci\u00f3n recibida para ser entregada. Solo desde la entrega la vocaci\u00f3n recibe todo su sentido\u00bb. Y resume, \u00absi dec\u00edamos que el ejemplo de la fraternidad sacerdotal constituye un impulso para los j\u00f3venes que se plantean la vocaci\u00f3n sacerdotal, tambi\u00e9n podemos afirmar que el testimonio de una vida entregada en el servicio infunde \u00e1nimos en el coraz\u00f3n de los j\u00f3venes, deseosos de entregarse por completo a una tarea apasionante\u00bb.","og_url":"https:\/\/parroquiasanagustin.org\/index.php\/2022\/03\/09\/dia-del-seminario\/","og_site_name":"Parroquia Matriz de San Agust\u00edn","article_published_time":"2022-03-09T08:53:03+00:00","article_modified_time":"2022-12-14T18:55:41+00:00","og_image":[{"width":763,"height":1200,"url":"https:\/\/parroquiasanagustin.org\/wp-content\/uploads\/2022\/03\/Estampa-Dia-del-Seminario-2-scaled.jpg","type":"image\/jpeg"}],"author":"admin","twitter_card":"summary_large_image","twitter_misc":{"Escrito por":"admin","Tiempo de lectura":"2 minutos"},"schema":{"@context":"https:\/\/schema.org","@graph":[{"@type":"Article","@id":"https:\/\/parroquiasanagustin.org\/index.php\/2022\/03\/09\/dia-del-seminario\/#article","isPartOf":{"@id":"https:\/\/parroquiasanagustin.org\/index.php\/2022\/03\/09\/dia-del-seminario\/"},"author":{"name":"admin","@id":"https:\/\/parroquiasanagustin.org\/#\/schema\/person\/847433f46674263837c7be221cfa5120"},"headline":"D\u00eda del Seminario","datePublished":"2022-03-09T08:53:03+00:00","dateModified":"2022-12-14T18:55:41+00:00","mainEntityOfPage":{"@id":"https:\/\/parroquiasanagustin.org\/index.php\/2022\/03\/09\/dia-del-seminario\/"},"wordCount":249,"publisher":{"@id":"https:\/\/parroquiasanagustin.org\/#organization"},"image":{"@id":"https:\/\/parroquiasanagustin.org\/index.php\/2022\/03\/09\/dia-del-seminario\/#primaryimage"},"thumbnailUrl":"https:\/\/parroquiasanagustin.org\/wp-content\/uploads\/2022\/03\/Estampa-Dia-del-Seminario-2-scaled.jpg","keywords":["jornada","Jose","seminario"],"articleSection":["Anteriores","Di\u00f3cesis","Parroquia"],"inLanguage":"es"},{"@type":"WebPage","@id":"https:\/\/parroquiasanagustin.org\/index.php\/2022\/03\/09\/dia-del-seminario\/","url":"https:\/\/parroquiasanagustin.org\/index.php\/2022\/03\/09\/dia-del-seminario\/","name":"D\u00eda del Seminario - Parroquia Matriz de San Agust\u00edn","isPartOf":{"@id":"https:\/\/parroquiasanagustin.org\/#website"},"primaryImageOfPage":{"@id":"https:\/\/parroquiasanagustin.org\/index.php\/2022\/03\/09\/dia-del-seminario\/#primaryimage"},"image":{"@id":"https:\/\/parroquiasanagustin.org\/index.php\/2022\/03\/09\/dia-del-seminario\/#primaryimage"},"thumbnailUrl":"https:\/\/parroquiasanagustin.org\/wp-content\/uploads\/2022\/03\/Estampa-Dia-del-Seminario-2-scaled.jpg","datePublished":"2022-03-09T08:53:03+00:00","dateModified":"2022-12-14T18:55:41+00:00","breadcrumb":{"@id":"https:\/\/parroquiasanagustin.org\/index.php\/2022\/03\/09\/dia-del-seminario\/#breadcrumb"},"inLanguage":"es","potentialAction":[{"@type":"ReadAction","target":["https:\/\/parroquiasanagustin.org\/index.php\/2022\/03\/09\/dia-del-seminario\/"]}]},{"@type":"ImageObject","inLanguage":"es","@id":"https:\/\/parroquiasanagustin.org\/index.php\/2022\/03\/09\/dia-del-seminario\/#primaryimage","url":"https:\/\/parroquiasanagustin.org\/wp-content\/uploads\/2022\/03\/Estampa-Dia-del-Seminario-2-scaled.jpg","contentUrl":"https:\/\/parroquiasanagustin.org\/wp-content\/uploads\/2022\/03\/Estampa-Dia-del-Seminario-2-scaled.jpg","width":763,"height":1200},{"@type":"BreadcrumbList","@id":"https:\/\/parroquiasanagustin.org\/index.php\/2022\/03\/09\/dia-del-seminario\/#breadcrumb","itemListElement":[{"@type":"ListItem","position":1,"name":"Portada","item":"https:\/\/parroquiasanagustin.org\/"},{"@type":"ListItem","position":2,"name":"D\u00eda del Seminario"}]},{"@type":"WebSite","@id":"https:\/\/parroquiasanagustin.org\/#website","url":"https:\/\/parroquiasanagustin.org\/","name":"Parroquia Matriz de San Agust\u00edn","description":"Iglesia de San Agust\u00edn y Santuario de Santa Rita, Vegueta, Las Palmas de Gran Canaria","publisher":{"@id":"https:\/\/parroquiasanagustin.org\/#organization"},"potentialAction":[{"@type":"SearchAction","target":{"@type":"EntryPoint","urlTemplate":"https:\/\/parroquiasanagustin.org\/?s={search_term_string}"},"query-input":{"@type":"PropertyValueSpecification","valueRequired":true,"valueName":"search_term_string"}}],"inLanguage":"es"},{"@type":"Organization","@id":"https:\/\/parroquiasanagustin.org\/#organization","name":"Parroquia Matriz de San Agust\u00edn","url":"https:\/\/parroquiasanagustin.org\/","logo":{"@type":"ImageObject","inLanguage":"es","@id":"https:\/\/parroquiasanagustin.org\/#\/schema\/logo\/image\/","url":"https:\/\/parroquiasanagustin.org\/wp-content\/uploads\/2020\/03\/iglesiaicono.jpg","contentUrl":"https:\/\/parroquiasanagustin.org\/wp-content\/uploads\/2020\/03\/iglesiaicono.jpg","width":567,"height":567,"caption":"Parroquia Matriz de San Agust\u00edn"},"image":{"@id":"https:\/\/parroquiasanagustin.org\/#\/schema\/logo\/image\/"}},{"@type":"Person","@id":"https:\/\/parroquiasanagustin.org\/#\/schema\/person\/847433f46674263837c7be221cfa5120","name":"admin","image":{"@type":"ImageObject","inLanguage":"es","@id":"https:\/\/secure.gravatar.com\/avatar\/07d4512f723a9a3b729f475206dd5edd698d449d5c20abe9a12060d2ff1e0807?s=96&d=mm&r=g","url":"https:\/\/secure.gravatar.com\/avatar\/07d4512f723a9a3b729f475206dd5edd698d449d5c20abe9a12060d2ff1e0807?s=96&d=mm&r=g","contentUrl":"https:\/\/secure.gravatar.com\/avatar\/07d4512f723a9a3b729f475206dd5edd698d449d5c20abe9a12060d2ff1e0807?s=96&d=mm&r=g","caption":"admin"},"url":"https:\/\/parroquiasanagustin.org\/index.php\/author\/admin\/"}]}},"_links":{"self":[{"href":"https:\/\/parroquiasanagustin.org\/index.php\/wp-json\/wp\/v2\/posts\/4027","targetHints":{"allow":["GET"]}}],"collection":[{"href":"https:\/\/parroquiasanagustin.org\/index.php\/wp-json\/wp\/v2\/posts"}],"about":[{"href":"https:\/\/parroquiasanagustin.org\/index.php\/wp-json\/wp\/v2\/types\/post"}],"author":[{"embeddable":true,"href":"https:\/\/parroquiasanagustin.org\/index.php\/wp-json\/wp\/v2\/users\/2"}],"replies":[{"embeddable":true,"href":"https:\/\/parroquiasanagustin.org\/index.php\/wp-json\/wp\/v2\/comments?post=4027"}],"version-history":[{"count":0,"href":"https:\/\/parroquiasanagustin.org\/index.php\/wp-json\/wp\/v2\/posts\/4027\/revisions"}],"wp:featuredmedia":[{"embeddable":true,"href":"https:\/\/parroquiasanagustin.org\/index.php\/wp-json\/wp\/v2\/media\/4000"}],"wp:attachment":[{"href":"https:\/\/parroquiasanagustin.org\/index.php\/wp-json\/wp\/v2\/media?parent=4027"}],"wp:term":[{"taxonomy":"category","embeddable":true,"href":"https:\/\/parroquiasanagustin.org\/index.php\/wp-json\/wp\/v2\/categories?post=4027"},{"taxonomy":"post_tag","embeddable":true,"href":"https:\/\/parroquiasanagustin.org\/index.php\/wp-json\/wp\/v2\/tags?post=4027"}],"curies":[{"name":"wp","href":"https:\/\/api.w.org\/{rel}","templated":true}]}}