{"id":3791,"date":"2022-01-17T15:30:06","date_gmt":"2022-01-17T15:30:06","guid":{"rendered":"https:\/\/parroquiasanagustin.org\/?p=3791"},"modified":"2022-01-26T19:28:41","modified_gmt":"2022-01-26T19:28:41","slug":"semana-de-oracion-por-la-unidad-de-los-cristianos","status":"publish","type":"post","link":"https:\/\/parroquiasanagustin.org\/index.php\/2022\/01\/17\/semana-de-oracion-por-la-unidad-de-los-cristianos\/","title":{"rendered":"Semana de Oraci\u00f3n por la Unidad de los Cristianos"},"content":{"rendered":"<p><img fetchpriority=\"high\" decoding=\"async\" class=\" wp-image-3792 alignleft\" src=\"https:\/\/parroquiasanagustin.org\/wp-content\/uploads\/2022\/01\/Semana-Oracion-Unidad-Cristianos-2022-cartel-castellano-pdf-212x300.jpg\" alt=\"\" width=\"299\" height=\"424\" srcset=\"https:\/\/parroquiasanagustin.org\/wp-content\/uploads\/2022\/01\/Semana-Oracion-Unidad-Cristianos-2022-cartel-castellano-pdf-212x300.jpg 212w, https:\/\/parroquiasanagustin.org\/wp-content\/uploads\/2022\/01\/Semana-Oracion-Unidad-Cristianos-2022-cartel-castellano-pdf-723x1024.jpg 723w, https:\/\/parroquiasanagustin.org\/wp-content\/uploads\/2022\/01\/Semana-Oracion-Unidad-Cristianos-2022-cartel-castellano-pdf-768x1088.jpg 768w, https:\/\/parroquiasanagustin.org\/wp-content\/uploads\/2022\/01\/Semana-Oracion-Unidad-Cristianos-2022-cartel-castellano-pdf-1084x1536.jpg 1084w, https:\/\/parroquiasanagustin.org\/wp-content\/uploads\/2022\/01\/Semana-Oracion-Unidad-Cristianos-2022-cartel-castellano-pdf-1446x2048.jpg 1446w, https:\/\/parroquiasanagustin.org\/wp-content\/uploads\/2022\/01\/Semana-Oracion-Unidad-Cristianos-2022-cartel-castellano-pdf-scaled.jpg 847w\" sizes=\"(max-width: 299px) 100vw, 299px\" \/> La Iglesia celebra la Semana de Oraci\u00f3n por la Unidad de los Cristianos del 18 al 25 de enero de 2022 con el lema, <strong><span style=\"color: #ff0000;\">\u00abHemos visto salir su estrella y venimos a adorarlo\u00bb<\/span> <\/strong>(cf. Mt 2, 2). Un texto b\u00edblico que se inspira en la visita de los Reyes Magos al Rey reci\u00e9n nacido en Bel\u00e9n.<\/p>\n<p>En su mensaje para esta jornada, los obispos se\u00f1alan que la Semana de Oraci\u00f3n por la Unidad de los Cristianos, \u201cnos vuelve a interpelar, poniendo como un espejo ante nuestra vista la falta de unidad que nos aqueja, restando as\u00ed significado a nuestra presencia en el mundo\u201d.&nbsp;<\/p>\n<p>En sinton\u00eda con el lema que se propone para este a\u00f1o, <span style=\"color: #ff0000;\">\u201chemos visto salir su estrella y venimos a adorarlo\u201d <\/span>ponen su esperanza en que la luz de Cristo \u201csigue alumbrando las oscuridades de las personas y de los pueblos, sin que se extinga el hambre de Dios\u201d. La adoraci\u00f3n de los Magos de Oriente, \u201cproclama el car\u00e1cter universal de la salvaci\u00f3n que el Hijo de Dios vino a traer a la tierra, y esa universalidad mira tanto a los pa\u00edses de misi\u00f3n como a las sociedades de los pa\u00edses antes cristianos y hoy en la frontera del indiferentismo, donde tanto han disminuido las comunidades cristianas confesantes y de pr\u00e1ctica religiosa\u201d.<\/p>\n\n\n<p class=\"wp-block-paragraph\"><\/p>\n","protected":false},"excerpt":{"rendered":"<p>La Iglesia celebra la Semana de Oraci\u00f3n por la Unidad de los Cristianos del 18 al 25 de enero de 2022 con el lema, \u00abHemos visto salir su estrella y venimos a adorarlo\u00bb (cf. Mt 2, 2). Un texto b\u00edblico que se inspira en la visita de los Reyes Magos al Rey reci\u00e9n nacido en Bel\u00e9n. En su mensaje para esta jornada, los obispos se\u00f1alan que la Semana de Oraci\u00f3n por la Unidad de los Cristianos, \u201cnos vuelve a interpelar, poniendo como un espejo ante nuestra vista la falta de unidad que nos aqueja, restando as\u00ed significado a nuestra presencia en el mundo\u201d.&nbsp; En sinton\u00eda con el lema que se propone para este a\u00f1o, \u201chemos visto salir su estrella y venimos a adorarlo\u201d ponen su esperanza en que la luz de Cristo \u201csigue alumbrando las oscuridades de las personas y de los pueblos, sin que se extinga el hambre de Dios\u201d. La adoraci\u00f3n de los Magos de Oriente, \u201cproclama el car\u00e1cter universal de la salvaci\u00f3n que el Hijo de Dios vino a traer a la tierra, y esa universalidad mira tanto a los pa\u00edses de misi\u00f3n como a las sociedades de los pa\u00edses antes cristianos y hoy en la frontera del indiferentismo, donde tanto han disminuido las comunidades cristianas confesantes y de pr\u00e1ctica religiosa\u201d.<\/p>\n","protected":false},"author":2,"featured_media":3793,"comment_status":"closed","ping_status":"closed","sticky":false,"template":"","format":"standard","meta":{"ocean_front_end_style_editor":"no","ocean_post_layout":"","ocean_both_sidebars_style":"","ocean_both_sidebars_content_width":0,"ocean_both_sidebars_sidebars_width":0,"ocean_sidebar":"0","ocean_second_sidebar":"0","ocean_disable_margins":"enable","ocean_add_body_class":"","ocean_shortcode_before_top_bar":"","ocean_shortcode_after_top_bar":"","ocean_shortcode_before_header":"","ocean_shortcode_after_header":"","ocean_has_shortcode":"","ocean_shortcode_after_title":"","ocean_shortcode_before_footer_widgets":"","ocean_shortcode_after_footer_widgets":"","ocean_shortcode_before_footer_bottom":"","ocean_shortcode_after_footer_bottom":"","ocean_display_top_bar":"default","ocean_display_header":"default","ocean_header_style":"","ocean_center_header_left_menu":"0","ocean_custom_header_template":"0","ocean_custom_logo":0,"ocean_custom_retina_logo":0,"ocean_custom_logo_max_width":0,"ocean_custom_logo_tablet_max_width":0,"ocean_custom_logo_mobile_max_width":0,"ocean_custom_logo_max_height":0,"ocean_custom_logo_tablet_max_height":0,"ocean_custom_logo_mobile_max_height":0,"ocean_header_custom_menu":"0","ocean_menu_typo_font_family":"0","ocean_menu_typo_font_subset":"","ocean_menu_typo_font_size":0,"ocean_menu_typo_font_size_tablet":0,"ocean_menu_typo_font_size_mobile":0,"ocean_menu_typo_font_size_unit":"px","ocean_menu_typo_font_weight":"","ocean_menu_typo_font_weight_tablet":"","ocean_menu_typo_font_weight_mobile":"","ocean_menu_typo_transform":"","ocean_menu_typo_transform_tablet":"","ocean_menu_typo_transform_mobile":"","ocean_menu_typo_line_height":0,"ocean_menu_typo_line_height_tablet":0,"ocean_menu_typo_line_height_mobile":0,"ocean_menu_typo_line_height_unit":"","ocean_menu_typo_spacing":0,"ocean_menu_typo_spacing_tablet":0,"ocean_menu_typo_spacing_mobile":0,"ocean_menu_typo_spacing_unit":"","ocean_menu_link_color":"","ocean_menu_link_color_hover":"","ocean_menu_link_color_active":"","ocean_menu_link_background":"","ocean_menu_link_hover_background":"","ocean_menu_link_active_background":"","ocean_menu_social_links_bg":"","ocean_menu_social_hover_links_bg":"","ocean_menu_social_links_color":"","ocean_menu_social_hover_links_color":"","ocean_disable_title":"default","ocean_disable_heading":"default","ocean_post_title":"","ocean_post_subheading":"","ocean_post_title_style":"","ocean_post_title_background_color":"","ocean_post_title_background":0,"ocean_post_title_bg_image_position":"","ocean_post_title_bg_image_attachment":"","ocean_post_title_bg_image_repeat":"","ocean_post_title_bg_image_size":"","ocean_post_title_height":0,"ocean_post_title_bg_overlay":0.5,"ocean_post_title_bg_overlay_color":"","ocean_disable_breadcrumbs":"default","ocean_breadcrumbs_color":"","ocean_breadcrumbs_separator_color":"","ocean_breadcrumbs_links_color":"","ocean_breadcrumbs_links_hover_color":"","ocean_display_footer_widgets":"default","ocean_display_footer_bottom":"default","ocean_custom_footer_template":"0","ocean_post_oembed":"","ocean_post_self_hosted_media":"","ocean_post_video_embed":"","ocean_link_format":"","ocean_link_format_target":"self","ocean_quote_format":"","ocean_quote_format_link":"post","ocean_gallery_link_images":"off","ocean_gallery_id":[],"footnotes":""},"categories":[9],"tags":[100,23],"class_list":["post-3791","post","type-post","status-publish","format-standard","has-post-thumbnail","hentry","category-parroquia","tag-cristianos","tag-oracion","entry","has-media"],"yoast_head":"<!-- This site is optimized with the Yoast SEO plugin v28.3 - https:\/\/yoast.com\/product\/yoast-seo-wordpress\/ -->\n<title>Semana de Oraci\u00f3n por la Unidad de los Cristianos - Parroquia Matriz de San Agust\u00edn<\/title>\n<meta name=\"robots\" content=\"index, follow, max-snippet:-1, max-image-preview:large, max-video-preview:-1\" \/>\n<link rel=\"canonical\" href=\"https:\/\/parroquiasanagustin.org\/index.php\/2022\/01\/17\/semana-de-oracion-por-la-unidad-de-los-cristianos\/\" \/>\n<meta property=\"og:locale\" content=\"es_ES\" \/>\n<meta property=\"og:type\" content=\"article\" \/>\n<meta property=\"og:title\" content=\"Semana de Oraci\u00f3n por la Unidad de los Cristianos - Parroquia Matriz de San Agust\u00edn\" \/>\n<meta property=\"og:description\" content=\"La Iglesia celebra la Semana de Oraci\u00f3n por la Unidad de los Cristianos del 18 al 25 de enero de 2022 con el lema, \u00abHemos visto salir su estrella y venimos a adorarlo\u00bb (cf. Mt 2, 2). Un texto b\u00edblico que se inspira en la visita de los Reyes Magos al Rey reci\u00e9n nacido en Bel\u00e9n. En su mensaje para esta jornada, los obispos se\u00f1alan que la Semana de Oraci\u00f3n por la Unidad de los Cristianos, \u201cnos vuelve a interpelar, poniendo como un espejo ante nuestra vista la falta de unidad que nos aqueja, restando as\u00ed significado a nuestra presencia en el mundo\u201d.&nbsp; En sinton\u00eda con el lema que se propone para este a\u00f1o, \u201chemos visto salir su estrella y venimos a adorarlo\u201d ponen su esperanza en que la luz de Cristo \u201csigue alumbrando las oscuridades de las personas y de los pueblos, sin que se extinga el hambre de Dios\u201d. La adoraci\u00f3n de los Magos de Oriente, \u201cproclama el car\u00e1cter universal de la salvaci\u00f3n que el Hijo de Dios vino a traer a la tierra, y esa universalidad mira tanto a los pa\u00edses de misi\u00f3n como a las sociedades de los pa\u00edses antes cristianos y hoy en la frontera del indiferentismo, donde tanto han disminuido las comunidades cristianas confesantes y de pr\u00e1ctica religiosa\u201d.\" \/>\n<meta property=\"og:url\" content=\"https:\/\/parroquiasanagustin.org\/index.php\/2022\/01\/17\/semana-de-oracion-por-la-unidad-de-los-cristianos\/\" \/>\n<meta property=\"og:site_name\" content=\"Parroquia Matriz de San Agust\u00edn\" \/>\n<meta property=\"article:published_time\" content=\"2022-01-17T15:30:06+00:00\" \/>\n<meta property=\"article:modified_time\" content=\"2022-01-26T19:28:41+00:00\" \/>\n<meta property=\"og:image\" content=\"https:\/\/parroquiasanagustin.org\/wp-content\/uploads\/2022\/01\/2021-semana-oracion-unidad-cristianos.jpg\" \/>\n\t<meta property=\"og:image:width\" content=\"800\" \/>\n\t<meta property=\"og:image:height\" content=\"600\" \/>\n\t<meta property=\"og:image:type\" content=\"image\/jpeg\" \/>\n<meta name=\"author\" content=\"admin\" \/>\n<meta name=\"twitter:card\" content=\"summary_large_image\" \/>\n<meta name=\"twitter:label1\" content=\"Escrito por\" \/>\n\t<meta name=\"twitter:data1\" content=\"admin\" \/>\n\t<meta name=\"twitter:label2\" content=\"Tiempo de lectura\" \/>\n\t<meta name=\"twitter:data2\" content=\"2 minutos\" \/>\n<script type=\"application\/ld+json\" class=\"yoast-schema-graph\">{\"@context\":\"https:\\\/\\\/schema.org\",\"@graph\":[{\"@type\":\"Article\",\"@id\":\"https:\\\/\\\/parroquiasanagustin.org\\\/index.php\\\/2022\\\/01\\\/17\\\/semana-de-oracion-por-la-unidad-de-los-cristianos\\\/#article\",\"isPartOf\":{\"@id\":\"https:\\\/\\\/parroquiasanagustin.org\\\/index.php\\\/2022\\\/01\\\/17\\\/semana-de-oracion-por-la-unidad-de-los-cristianos\\\/\"},\"author\":{\"name\":\"admin\",\"@id\":\"https:\\\/\\\/parroquiasanagustin.org\\\/#\\\/schema\\\/person\\\/847433f46674263837c7be221cfa5120\"},\"headline\":\"Semana de Oraci\u00f3n por la Unidad de los Cristianos\",\"datePublished\":\"2022-01-17T15:30:06+00:00\",\"dateModified\":\"2022-01-26T19:28:41+00:00\",\"mainEntityOfPage\":{\"@id\":\"https:\\\/\\\/parroquiasanagustin.org\\\/index.php\\\/2022\\\/01\\\/17\\\/semana-de-oracion-por-la-unidad-de-los-cristianos\\\/\"},\"wordCount\":235,\"publisher\":{\"@id\":\"https:\\\/\\\/parroquiasanagustin.org\\\/#organization\"},\"image\":{\"@id\":\"https:\\\/\\\/parroquiasanagustin.org\\\/index.php\\\/2022\\\/01\\\/17\\\/semana-de-oracion-por-la-unidad-de-los-cristianos\\\/#primaryimage\"},\"thumbnailUrl\":\"https:\\\/\\\/parroquiasanagustin.org\\\/wp-content\\\/uploads\\\/2022\\\/01\\\/2021-semana-oracion-unidad-cristianos.jpg\",\"keywords\":[\"cristianos\",\"Oraci\u00f3n\"],\"articleSection\":[\"Parroquia\"],\"inLanguage\":\"es\"},{\"@type\":\"WebPage\",\"@id\":\"https:\\\/\\\/parroquiasanagustin.org\\\/index.php\\\/2022\\\/01\\\/17\\\/semana-de-oracion-por-la-unidad-de-los-cristianos\\\/\",\"url\":\"https:\\\/\\\/parroquiasanagustin.org\\\/index.php\\\/2022\\\/01\\\/17\\\/semana-de-oracion-por-la-unidad-de-los-cristianos\\\/\",\"name\":\"Semana de Oraci\u00f3n por la Unidad de los Cristianos - Parroquia Matriz de San Agust\u00edn\",\"isPartOf\":{\"@id\":\"https:\\\/\\\/parroquiasanagustin.org\\\/#website\"},\"primaryImageOfPage\":{\"@id\":\"https:\\\/\\\/parroquiasanagustin.org\\\/index.php\\\/2022\\\/01\\\/17\\\/semana-de-oracion-por-la-unidad-de-los-cristianos\\\/#primaryimage\"},\"image\":{\"@id\":\"https:\\\/\\\/parroquiasanagustin.org\\\/index.php\\\/2022\\\/01\\\/17\\\/semana-de-oracion-por-la-unidad-de-los-cristianos\\\/#primaryimage\"},\"thumbnailUrl\":\"https:\\\/\\\/parroquiasanagustin.org\\\/wp-content\\\/uploads\\\/2022\\\/01\\\/2021-semana-oracion-unidad-cristianos.jpg\",\"datePublished\":\"2022-01-17T15:30:06+00:00\",\"dateModified\":\"2022-01-26T19:28:41+00:00\",\"breadcrumb\":{\"@id\":\"https:\\\/\\\/parroquiasanagustin.org\\\/index.php\\\/2022\\\/01\\\/17\\\/semana-de-oracion-por-la-unidad-de-los-cristianos\\\/#breadcrumb\"},\"inLanguage\":\"es\",\"potentialAction\":[{\"@type\":\"ReadAction\",\"target\":[\"https:\\\/\\\/parroquiasanagustin.org\\\/index.php\\\/2022\\\/01\\\/17\\\/semana-de-oracion-por-la-unidad-de-los-cristianos\\\/\"]}]},{\"@type\":\"ImageObject\",\"inLanguage\":\"es\",\"@id\":\"https:\\\/\\\/parroquiasanagustin.org\\\/index.php\\\/2022\\\/01\\\/17\\\/semana-de-oracion-por-la-unidad-de-los-cristianos\\\/#primaryimage\",\"url\":\"https:\\\/\\\/parroquiasanagustin.org\\\/wp-content\\\/uploads\\\/2022\\\/01\\\/2021-semana-oracion-unidad-cristianos.jpg\",\"contentUrl\":\"https:\\\/\\\/parroquiasanagustin.org\\\/wp-content\\\/uploads\\\/2022\\\/01\\\/2021-semana-oracion-unidad-cristianos.jpg\",\"width\":800,\"height\":600},{\"@type\":\"BreadcrumbList\",\"@id\":\"https:\\\/\\\/parroquiasanagustin.org\\\/index.php\\\/2022\\\/01\\\/17\\\/semana-de-oracion-por-la-unidad-de-los-cristianos\\\/#breadcrumb\",\"itemListElement\":[{\"@type\":\"ListItem\",\"position\":1,\"name\":\"Portada\",\"item\":\"https:\\\/\\\/parroquiasanagustin.org\\\/\"},{\"@type\":\"ListItem\",\"position\":2,\"name\":\"Semana de Oraci\u00f3n por la Unidad de los Cristianos\"}]},{\"@type\":\"WebSite\",\"@id\":\"https:\\\/\\\/parroquiasanagustin.org\\\/#website\",\"url\":\"https:\\\/\\\/parroquiasanagustin.org\\\/\",\"name\":\"Parroquia Matriz de San Agust\u00edn\",\"description\":\"Iglesia de San Agust\u00edn y Santuario de Santa Rita, Vegueta, Las Palmas de Gran Canaria\",\"publisher\":{\"@id\":\"https:\\\/\\\/parroquiasanagustin.org\\\/#organization\"},\"potentialAction\":[{\"@type\":\"SearchAction\",\"target\":{\"@type\":\"EntryPoint\",\"urlTemplate\":\"https:\\\/\\\/parroquiasanagustin.org\\\/?s={search_term_string}\"},\"query-input\":{\"@type\":\"PropertyValueSpecification\",\"valueRequired\":true,\"valueName\":\"search_term_string\"}}],\"inLanguage\":\"es\"},{\"@type\":\"Organization\",\"@id\":\"https:\\\/\\\/parroquiasanagustin.org\\\/#organization\",\"name\":\"Parroquia Matriz de San Agust\u00edn\",\"url\":\"https:\\\/\\\/parroquiasanagustin.org\\\/\",\"logo\":{\"@type\":\"ImageObject\",\"inLanguage\":\"es\",\"@id\":\"https:\\\/\\\/parroquiasanagustin.org\\\/#\\\/schema\\\/logo\\\/image\\\/\",\"url\":\"https:\\\/\\\/parroquiasanagustin.org\\\/wp-content\\\/uploads\\\/2020\\\/03\\\/iglesiaicono.jpg\",\"contentUrl\":\"https:\\\/\\\/parroquiasanagustin.org\\\/wp-content\\\/uploads\\\/2020\\\/03\\\/iglesiaicono.jpg\",\"width\":567,\"height\":567,\"caption\":\"Parroquia Matriz de San Agust\u00edn\"},\"image\":{\"@id\":\"https:\\\/\\\/parroquiasanagustin.org\\\/#\\\/schema\\\/logo\\\/image\\\/\"}},{\"@type\":\"Person\",\"@id\":\"https:\\\/\\\/parroquiasanagustin.org\\\/#\\\/schema\\\/person\\\/847433f46674263837c7be221cfa5120\",\"name\":\"admin\",\"image\":{\"@type\":\"ImageObject\",\"inLanguage\":\"es\",\"@id\":\"https:\\\/\\\/secure.gravatar.com\\\/avatar\\\/07d4512f723a9a3b729f475206dd5edd698d449d5c20abe9a12060d2ff1e0807?s=96&d=mm&r=g\",\"url\":\"https:\\\/\\\/secure.gravatar.com\\\/avatar\\\/07d4512f723a9a3b729f475206dd5edd698d449d5c20abe9a12060d2ff1e0807?s=96&d=mm&r=g\",\"contentUrl\":\"https:\\\/\\\/secure.gravatar.com\\\/avatar\\\/07d4512f723a9a3b729f475206dd5edd698d449d5c20abe9a12060d2ff1e0807?s=96&d=mm&r=g\",\"caption\":\"admin\"},\"url\":\"https:\\\/\\\/parroquiasanagustin.org\\\/index.php\\\/author\\\/admin\\\/\"}]}<\/script>\n<!-- \/ Yoast SEO plugin. -->","yoast_head_json":{"title":"Semana de Oraci\u00f3n por la Unidad de los Cristianos - Parroquia Matriz de San Agust\u00edn","robots":{"index":"index","follow":"follow","max-snippet":"max-snippet:-1","max-image-preview":"max-image-preview:large","max-video-preview":"max-video-preview:-1"},"canonical":"https:\/\/parroquiasanagustin.org\/index.php\/2022\/01\/17\/semana-de-oracion-por-la-unidad-de-los-cristianos\/","og_locale":"es_ES","og_type":"article","og_title":"Semana de Oraci\u00f3n por la Unidad de los Cristianos - Parroquia Matriz de San Agust\u00edn","og_description":"La Iglesia celebra la Semana de Oraci\u00f3n por la Unidad de los Cristianos del 18 al 25 de enero de 2022 con el lema, \u00abHemos visto salir su estrella y venimos a adorarlo\u00bb (cf. Mt 2, 2). Un texto b\u00edblico que se inspira en la visita de los Reyes Magos al Rey reci\u00e9n nacido en Bel\u00e9n. En su mensaje para esta jornada, los obispos se\u00f1alan que la Semana de Oraci\u00f3n por la Unidad de los Cristianos, \u201cnos vuelve a interpelar, poniendo como un espejo ante nuestra vista la falta de unidad que nos aqueja, restando as\u00ed significado a nuestra presencia en el mundo\u201d.&nbsp; En sinton\u00eda con el lema que se propone para este a\u00f1o, \u201chemos visto salir su estrella y venimos a adorarlo\u201d ponen su esperanza en que la luz de Cristo \u201csigue alumbrando las oscuridades de las personas y de los pueblos, sin que se extinga el hambre de Dios\u201d. La adoraci\u00f3n de los Magos de Oriente, \u201cproclama el car\u00e1cter universal de la salvaci\u00f3n que el Hijo de Dios vino a traer a la tierra, y esa universalidad mira tanto a los pa\u00edses de misi\u00f3n como a las sociedades de los pa\u00edses antes cristianos y hoy en la frontera del indiferentismo, donde tanto han disminuido las comunidades cristianas confesantes y de pr\u00e1ctica religiosa\u201d.","og_url":"https:\/\/parroquiasanagustin.org\/index.php\/2022\/01\/17\/semana-de-oracion-por-la-unidad-de-los-cristianos\/","og_site_name":"Parroquia Matriz de San Agust\u00edn","article_published_time":"2022-01-17T15:30:06+00:00","article_modified_time":"2022-01-26T19:28:41+00:00","og_image":[{"width":800,"height":600,"url":"https:\/\/parroquiasanagustin.org\/wp-content\/uploads\/2022\/01\/2021-semana-oracion-unidad-cristianos.jpg","type":"image\/jpeg"}],"author":"admin","twitter_card":"summary_large_image","twitter_misc":{"Escrito por":"admin","Tiempo de lectura":"2 minutos"},"schema":{"@context":"https:\/\/schema.org","@graph":[{"@type":"Article","@id":"https:\/\/parroquiasanagustin.org\/index.php\/2022\/01\/17\/semana-de-oracion-por-la-unidad-de-los-cristianos\/#article","isPartOf":{"@id":"https:\/\/parroquiasanagustin.org\/index.php\/2022\/01\/17\/semana-de-oracion-por-la-unidad-de-los-cristianos\/"},"author":{"name":"admin","@id":"https:\/\/parroquiasanagustin.org\/#\/schema\/person\/847433f46674263837c7be221cfa5120"},"headline":"Semana de Oraci\u00f3n por la Unidad de los Cristianos","datePublished":"2022-01-17T15:30:06+00:00","dateModified":"2022-01-26T19:28:41+00:00","mainEntityOfPage":{"@id":"https:\/\/parroquiasanagustin.org\/index.php\/2022\/01\/17\/semana-de-oracion-por-la-unidad-de-los-cristianos\/"},"wordCount":235,"publisher":{"@id":"https:\/\/parroquiasanagustin.org\/#organization"},"image":{"@id":"https:\/\/parroquiasanagustin.org\/index.php\/2022\/01\/17\/semana-de-oracion-por-la-unidad-de-los-cristianos\/#primaryimage"},"thumbnailUrl":"https:\/\/parroquiasanagustin.org\/wp-content\/uploads\/2022\/01\/2021-semana-oracion-unidad-cristianos.jpg","keywords":["cristianos","Oraci\u00f3n"],"articleSection":["Parroquia"],"inLanguage":"es"},{"@type":"WebPage","@id":"https:\/\/parroquiasanagustin.org\/index.php\/2022\/01\/17\/semana-de-oracion-por-la-unidad-de-los-cristianos\/","url":"https:\/\/parroquiasanagustin.org\/index.php\/2022\/01\/17\/semana-de-oracion-por-la-unidad-de-los-cristianos\/","name":"Semana de Oraci\u00f3n por la Unidad de los Cristianos - Parroquia Matriz de San Agust\u00edn","isPartOf":{"@id":"https:\/\/parroquiasanagustin.org\/#website"},"primaryImageOfPage":{"@id":"https:\/\/parroquiasanagustin.org\/index.php\/2022\/01\/17\/semana-de-oracion-por-la-unidad-de-los-cristianos\/#primaryimage"},"image":{"@id":"https:\/\/parroquiasanagustin.org\/index.php\/2022\/01\/17\/semana-de-oracion-por-la-unidad-de-los-cristianos\/#primaryimage"},"thumbnailUrl":"https:\/\/parroquiasanagustin.org\/wp-content\/uploads\/2022\/01\/2021-semana-oracion-unidad-cristianos.jpg","datePublished":"2022-01-17T15:30:06+00:00","dateModified":"2022-01-26T19:28:41+00:00","breadcrumb":{"@id":"https:\/\/parroquiasanagustin.org\/index.php\/2022\/01\/17\/semana-de-oracion-por-la-unidad-de-los-cristianos\/#breadcrumb"},"inLanguage":"es","potentialAction":[{"@type":"ReadAction","target":["https:\/\/parroquiasanagustin.org\/index.php\/2022\/01\/17\/semana-de-oracion-por-la-unidad-de-los-cristianos\/"]}]},{"@type":"ImageObject","inLanguage":"es","@id":"https:\/\/parroquiasanagustin.org\/index.php\/2022\/01\/17\/semana-de-oracion-por-la-unidad-de-los-cristianos\/#primaryimage","url":"https:\/\/parroquiasanagustin.org\/wp-content\/uploads\/2022\/01\/2021-semana-oracion-unidad-cristianos.jpg","contentUrl":"https:\/\/parroquiasanagustin.org\/wp-content\/uploads\/2022\/01\/2021-semana-oracion-unidad-cristianos.jpg","width":800,"height":600},{"@type":"BreadcrumbList","@id":"https:\/\/parroquiasanagustin.org\/index.php\/2022\/01\/17\/semana-de-oracion-por-la-unidad-de-los-cristianos\/#breadcrumb","itemListElement":[{"@type":"ListItem","position":1,"name":"Portada","item":"https:\/\/parroquiasanagustin.org\/"},{"@type":"ListItem","position":2,"name":"Semana de Oraci\u00f3n por la Unidad de los Cristianos"}]},{"@type":"WebSite","@id":"https:\/\/parroquiasanagustin.org\/#website","url":"https:\/\/parroquiasanagustin.org\/","name":"Parroquia Matriz de San Agust\u00edn","description":"Iglesia de San Agust\u00edn y Santuario de Santa Rita, Vegueta, Las Palmas de Gran Canaria","publisher":{"@id":"https:\/\/parroquiasanagustin.org\/#organization"},"potentialAction":[{"@type":"SearchAction","target":{"@type":"EntryPoint","urlTemplate":"https:\/\/parroquiasanagustin.org\/?s={search_term_string}"},"query-input":{"@type":"PropertyValueSpecification","valueRequired":true,"valueName":"search_term_string"}}],"inLanguage":"es"},{"@type":"Organization","@id":"https:\/\/parroquiasanagustin.org\/#organization","name":"Parroquia Matriz de San Agust\u00edn","url":"https:\/\/parroquiasanagustin.org\/","logo":{"@type":"ImageObject","inLanguage":"es","@id":"https:\/\/parroquiasanagustin.org\/#\/schema\/logo\/image\/","url":"https:\/\/parroquiasanagustin.org\/wp-content\/uploads\/2020\/03\/iglesiaicono.jpg","contentUrl":"https:\/\/parroquiasanagustin.org\/wp-content\/uploads\/2020\/03\/iglesiaicono.jpg","width":567,"height":567,"caption":"Parroquia Matriz de San Agust\u00edn"},"image":{"@id":"https:\/\/parroquiasanagustin.org\/#\/schema\/logo\/image\/"}},{"@type":"Person","@id":"https:\/\/parroquiasanagustin.org\/#\/schema\/person\/847433f46674263837c7be221cfa5120","name":"admin","image":{"@type":"ImageObject","inLanguage":"es","@id":"https:\/\/secure.gravatar.com\/avatar\/07d4512f723a9a3b729f475206dd5edd698d449d5c20abe9a12060d2ff1e0807?s=96&d=mm&r=g","url":"https:\/\/secure.gravatar.com\/avatar\/07d4512f723a9a3b729f475206dd5edd698d449d5c20abe9a12060d2ff1e0807?s=96&d=mm&r=g","contentUrl":"https:\/\/secure.gravatar.com\/avatar\/07d4512f723a9a3b729f475206dd5edd698d449d5c20abe9a12060d2ff1e0807?s=96&d=mm&r=g","caption":"admin"},"url":"https:\/\/parroquiasanagustin.org\/index.php\/author\/admin\/"}]}},"_links":{"self":[{"href":"https:\/\/parroquiasanagustin.org\/index.php\/wp-json\/wp\/v2\/posts\/3791","targetHints":{"allow":["GET"]}}],"collection":[{"href":"https:\/\/parroquiasanagustin.org\/index.php\/wp-json\/wp\/v2\/posts"}],"about":[{"href":"https:\/\/parroquiasanagustin.org\/index.php\/wp-json\/wp\/v2\/types\/post"}],"author":[{"embeddable":true,"href":"https:\/\/parroquiasanagustin.org\/index.php\/wp-json\/wp\/v2\/users\/2"}],"replies":[{"embeddable":true,"href":"https:\/\/parroquiasanagustin.org\/index.php\/wp-json\/wp\/v2\/comments?post=3791"}],"version-history":[{"count":0,"href":"https:\/\/parroquiasanagustin.org\/index.php\/wp-json\/wp\/v2\/posts\/3791\/revisions"}],"wp:featuredmedia":[{"embeddable":true,"href":"https:\/\/parroquiasanagustin.org\/index.php\/wp-json\/wp\/v2\/media\/3793"}],"wp:attachment":[{"href":"https:\/\/parroquiasanagustin.org\/index.php\/wp-json\/wp\/v2\/media?parent=3791"}],"wp:term":[{"taxonomy":"category","embeddable":true,"href":"https:\/\/parroquiasanagustin.org\/index.php\/wp-json\/wp\/v2\/categories?post=3791"},{"taxonomy":"post_tag","embeddable":true,"href":"https:\/\/parroquiasanagustin.org\/index.php\/wp-json\/wp\/v2\/tags?post=3791"}],"curies":[{"name":"wp","href":"https:\/\/api.w.org\/{rel}","templated":true}]}}