{"id":3661,"date":"2021-12-22T08:38:56","date_gmt":"2021-12-22T08:38:56","guid":{"rendered":"https:\/\/parroquiasanagustin.org\/?p=3661"},"modified":"2021-12-22T08:41:48","modified_gmt":"2021-12-22T08:41:48","slug":"mensaje-navideno-de-nuestro-obispo","status":"publish","type":"post","link":"https:\/\/parroquiasanagustin.org\/index.php\/2021\/12\/22\/mensaje-navideno-de-nuestro-obispo\/","title":{"rendered":"Mensaje Navide\u00f1o de nuestro Obispo"},"content":{"rendered":"\n<h1 class=\"wp-block-heading\">Navidad es Cercan\u00eda de Dios<\/h1>\n\n\n\n<div class=\"wp-block-image\"><figure class=\"alignleft size-full\"><img fetchpriority=\"high\" decoding=\"async\" width=\"202\" height=\"250\" src=\"https:\/\/parroquiasanagustin.org\/wp-content\/uploads\/2020\/07\/Obispo_Mazuelos.jpg\" alt=\"\" class=\"wp-image-1653\"\/><\/figure><\/div>\n\n\n\n<p class=\"wp-block-paragraph\"><em><span class=\"has-inline-color has-vivid-red-color\">\u201cHoy, en la ciudad de David, os ha nacido un Salvador: el Mes\u00edas, el Se\u00f1or\u201d <\/span>(Lc 2, 11).\u00a0<\/em>Con estas palabras invita el \u00e1ngel a los pastores y a cada uno de nosotros a contemplar el misterio de la Encarnaci\u00f3n de nuestro Dios. El misterio de ese ni\u00f1o peque\u00f1o en brazos de su Madre y que ten\u00eda por nombre Jes\u00fas.<\/p>\n\n\n\n<p class=\"wp-block-paragraph\">En los Medios de Comunicaci\u00f3n social, en el correo, en los comercios, en la calle, en los hogares durante estos d\u00edas, \u2026 todo nos habla de la Navidad. El Ni\u00f1o nacido en Bel\u00e9n, hace dos mil a\u00f1os, vuelve a proclamar su mensaje de esperanza para la humanidad, y ese anuncio, escuchado en el coraz\u00f3n, en los \u00e1mbitos m\u00e1s silenciosos del alma, nos inunda de luz nueva y nos invita a la alegr\u00eda, a cantar con los \u00e1ngeles de Bel\u00e9n un eterno villancico.<\/p>\n\n\n\n<p class=\"wp-block-paragraph\">La Navidad nos habla de familia. La familia es necesaria. Quien al nacer prescindi\u00f3 de todos los lujos, no prescinde de un padre y de una madre. En este a\u00f1o de la\u00a0<span class=\"has-inline-color has-vivid-red-color\"><em>\u201cFamilia Amoris Laetitia\u201d<\/em>\u00a0<\/span>es bueno recordar que Jes\u00fas quiso nacer de la Virgen Mar\u00eda y vivir en el seno de una familia puesta bajo la custodia de Jos\u00e9, para ser solidario con nuestra condici\u00f3n humana. La Navidad nos invita a estrechar los lazos con nuestras familias, compartiendo con ellos la alegr\u00eda que nos inunda estos d\u00edas. Es hermoso vivir la Navidad con los familiares y amigos, haciendo part\u00edcipes a los m\u00e1s peque\u00f1os del mensaje de la Navidad. Vale la pena que pensemos c\u00f3mo podr\u00edamos hacer que Jes\u00fas sea el centro tambi\u00e9n en nuestras celebraciones familiares.<\/p>\n\n\n\n<p class=\"wp-block-paragraph\">Navidad es el \u201csalto\u201d de Dios de lo divino a lo humano sin dejar de ser lo primero (<em>cfr. Flp 2, 6 \u2013 11<\/em>), que se ha pasado a nuestro bando, es uno de nosotros. \u00c9l ya no est\u00e1 lejos. No es desconocido. Al nacer en la tierra quiere hacerse compa\u00f1ero de viaje de cada uno de nosotros. En el establo de Bel\u00e9n el cielo y la tierra se tocan. El cielo ha venido a la tierra y hace saltar de gozo a los \u00e1ngeles que cantan de alegr\u00eda porque lo alto y lo bajo, cielo y tierra, se encuentran nuevamente unidos; porque el hombre se ha unido nuevamente a Dios.<\/p>\n\n\n\n<p class=\"wp-block-paragraph\">La tierra ha quedado restablecida y es posible ahora, como recogen los Padres de la Iglesia, que los hombres y los \u00e1ngeles canten juntos el canto de alabanza al Se\u00f1or de toda la creaci\u00f3n. Nos llena de asombro tanta cercan\u00eda de Dios, tanta ternura, tanto amor. Ahora podemos afirmar que no estamos solos porque Dios est\u00e1 con nosotros y sigue estando cerca de nosotros, incluso cuando nosotros nos olvidamos de \u00e9l.<\/p>\n\n\n\n<p class=\"wp-block-paragraph\">Dios va a nacer en un establo entre pa\u00f1ales, sin lujos y sin comodidades. Tambi\u00e9n nosotros somos \u201cel establo donde nace Dios\u201d.&nbsp; Un establo suele oler mal,&nbsp; hay esti\u00e9rcol mezclado con paja y heno. Esa es una imagen simb\u00f3lica de nuestro interior. Nuestro coraz\u00f3n a menudo es como un establo lleno de miserias, rencores, agresividades y complejos. Pero Dios no desecha la suciedad de nuestro establo, \u00c9l quiere entrar en nosotros y cuando le abrimos la puerta de nuestra vida, lo llena todo de luz y de belleza. Jes\u00fas quiere hacerlo todo nuevo en nosotros.<\/p>\n\n\n\n<p class=\"wp-block-paragraph\">Vivir la Navidad es acoger a Dios y a los hombres. El pesebre manifiesta la l\u00f3gica divina, que no se centra en las ambiciones ni en los privilegios, sino que es la gram\u00e1tica de la cercan\u00eda, del encuentro y de la proximidad. Navidad es, por tanto,&nbsp; convertirse en constructores de un futuro, anteponiendo el bien com\u00fan a los particularismos ego\u00edstas. Jes\u00fas ha establecido la casa com\u00fan y nos pide que la convirtamos en una casa acogedora para todos. De ah\u00ed deriva el compromiso del cuidado y respeto de la creaci\u00f3n y la necesidad de superar&nbsp; los prejuicios, derribar las barreras y eliminar las divisiones que enfrentan a las personas y a los pueblos, para construir juntos un mundo de justicia y de paz.<\/p>\n\n\n\n<p class=\"wp-block-paragraph\">Navidad es, tambi\u00e9n, la fiesta de los pobres<em>&nbsp;Dios nace pobre<\/em>. Jes\u00fas nace en una cueva y lo colocan en un pesebre, donde comen los animales. Viene al mundo en un establo, envuelto entre pa\u00f1ales, sin lujos, sin comodidades. Naci\u00f3 como nacen hoy muchos inmigrantes, como nacen los hijos de mujeres en campos de refugiados\u2026 y as\u00ed nos ense\u00f1a que en este mundo donde \u00c9l puso su&nbsp;<em>\u201ctienda\u201d<\/em>, nadie es extranjero. Aunque en este mundo todos estamos de paso, es precisamente Jes\u00fas quien nos hace sentir como en casa en esta tierra santificada por su presencia y quiere que la convirtamos en un hogar acogedor para todos. No olvidemos que, al poco de nacer, tambi\u00e9n Jes\u00fas se hace inmigrante y tiene que huir a Egipto junto con Jos\u00e9 y Mar\u00eda. Si Jes\u00fas fue acogido en tierra extranjera, tambi\u00e9n nosotros hemos de acoger a los que vienen de fuera, aprendiendo a superar cada vez m\u00e1s los recelos y los prejuicios que dividen o, peor a\u00fan, enfrentan a las personas y a los pueblos, para construir juntos un mundo de justicia y de paz.<\/p>\n\n\n\n<p class=\"wp-block-paragraph\">La profunda solidaridad que este Ni\u00f1o ha establecido con su nacimiento, nos hace salir al encuentro del que no tiene, llev\u00e1ndonos a compartir lo que tenemos no s\u00f3lo lo material, sino tambi\u00e9n lo espiritual. Esto nos lleva a tener un recuerdo especial en estas Navidades con los palmeros que lo han perdido todo, con los inmigrantes que han tenido que dejar sus hogares, con los enfermos de COVID y todos los que sufren la crisis de esta pandemia. Pero tambi\u00e9n por todos aquellos que se encuentran solos o han perdido el sentido a su vida, los pobres de esperanza y los faltos de fe. En nuestra felicitaci\u00f3n navide\u00f1a no podemos olvidar y llevar hasta el Portal de la Eucarist\u00eda, a quienes m\u00e1s sufren en nuestro mundo cercano y lejano, a los que deambulan por nuestras calles arrastrando el dolor que sufren solos y a los que, en otras naciones, caminan por calles cubiertas de despojos de la violencia y la guerra.<br>Uniremos nuestras voces y nuestras manos para ofrecerle al Se\u00f1or nuestro coraz\u00f3n un poco m\u00e1s de misericordioso. C\u00e1ritas distribuye amor y misericordia en nuestro nombre.<\/p>\n\n\n\n<p class=\"wp-block-paragraph\">A todos tambi\u00e9n que ven\u00eds a estar con vuestros familiares en estas fechas santas, a los que desde aqu\u00ed a\u00f1or\u00e1is vuestro hogar lejano, a los hijos de esta tierra bendita que, desde hace muchos siglos celebra la Navidad cristiana junto con personas de otras culturas y religiones, que Dios llene de amor y misericordia vuestros corazones. A todos, \u00a1Feliz Navidad.<\/p>\n\n\n\n<p class=\"wp-block-paragraph\">Pidamos al Se\u00f1or que su nacimiento no nos encuentre ocupados en festejar la Navidad, olvidando que el protagonista de la fiesta es precisamente \u00c9l. Rogu\u00e9mosle que nos d\u00e9 la humildad y la fe con la que san Jos\u00e9 lo mir\u00f3 y el amor con el que Mar\u00eda lo contempl\u00f3.<\/p>\n\n\n\n<p class=\"wp-block-paragraph\">&nbsp;&nbsp;&nbsp;&nbsp;&nbsp;&nbsp;&nbsp;&nbsp;&nbsp; Os deseo a todos feliz Navidad.<\/p>\n\n\n\n<p class=\"wp-block-paragraph\"><strong>+ Jos\u00e9 Mazuelos P\u00e9rez<\/strong><\/p>\n\n\n\n<p class=\"wp-block-paragraph\"><strong>&nbsp;&nbsp; Obispo de Canarias<\/strong><\/p>\n","protected":false},"excerpt":{"rendered":"<p>Navidad es Cercan\u00eda de Dios \u201cHoy, en la ciudad de David, os ha nacido un Salvador: el Mes\u00edas, el Se\u00f1or\u201d (Lc 2, 11).\u00a0Con estas palabras invita el \u00e1ngel a los pastores y a cada uno de nosotros a contemplar el misterio de la Encarnaci\u00f3n de nuestro Dios. El misterio de ese ni\u00f1o peque\u00f1o en brazos de su Madre y que ten\u00eda por nombre Jes\u00fas. En los Medios de Comunicaci\u00f3n social, en el correo, en los comercios, en la calle, en los hogares durante estos d\u00edas, \u2026 todo nos habla de la Navidad. El Ni\u00f1o nacido en Bel\u00e9n, hace dos mil a\u00f1os, vuelve a proclamar su mensaje de esperanza para la humanidad, y ese anuncio, escuchado en el coraz\u00f3n, en los \u00e1mbitos m\u00e1s silenciosos del alma, nos inunda de luz nueva y nos invita a la alegr\u00eda, a cantar con los \u00e1ngeles de Bel\u00e9n un eterno villancico. La Navidad nos habla de familia. La familia es necesaria. Quien al nacer prescindi\u00f3 de todos los lujos, no prescinde de un padre y de una madre. En este a\u00f1o de la\u00a0\u201cFamilia Amoris Laetitia\u201d\u00a0es bueno recordar que Jes\u00fas quiso nacer de la Virgen Mar\u00eda y vivir en el seno de una familia puesta bajo la custodia de Jos\u00e9, para ser solidario con nuestra condici\u00f3n humana. La Navidad nos invita a estrechar los lazos con nuestras familias, compartiendo con ellos la alegr\u00eda que nos inunda estos d\u00edas. Es hermoso vivir la Navidad con los familiares y amigos, haciendo part\u00edcipes a los m\u00e1s peque\u00f1os del mensaje de la Navidad. Vale la pena que pensemos c\u00f3mo podr\u00edamos hacer que Jes\u00fas sea el centro tambi\u00e9n en nuestras celebraciones familiares. Navidad es el \u201csalto\u201d de Dios de lo divino a lo humano sin dejar de ser lo primero (cfr. Flp 2, 6 \u2013 11), que se ha pasado a nuestro bando, es uno de nosotros. \u00c9l ya no est\u00e1 lejos. No es desconocido. Al nacer en la tierra quiere hacerse compa\u00f1ero de viaje de cada uno de nosotros. En el establo de Bel\u00e9n el cielo y la tierra se tocan. El cielo ha venido a la tierra y hace saltar de gozo a los \u00e1ngeles que cantan de alegr\u00eda porque lo alto y lo bajo, cielo y tierra, se encuentran nuevamente unidos; porque el hombre se ha unido nuevamente a Dios. La tierra ha quedado restablecida y es posible ahora, como recogen los Padres de la Iglesia, que los hombres y los \u00e1ngeles canten juntos el canto de alabanza al Se\u00f1or de toda la creaci\u00f3n. Nos llena de asombro tanta cercan\u00eda de Dios, tanta ternura, tanto amor. Ahora podemos afirmar que no estamos solos porque Dios est\u00e1 con nosotros y sigue estando cerca de nosotros, incluso cuando nosotros nos olvidamos de \u00e9l. Dios va a nacer en un establo entre pa\u00f1ales, sin lujos y sin comodidades. Tambi\u00e9n nosotros somos \u201cel establo donde nace Dios\u201d.&nbsp; Un establo suele oler mal,&nbsp; hay esti\u00e9rcol mezclado con paja y heno. Esa es una imagen simb\u00f3lica de nuestro interior. Nuestro coraz\u00f3n a menudo es como un establo lleno de miserias, rencores, agresividades y complejos. Pero Dios no desecha la suciedad de nuestro establo, \u00c9l quiere entrar en nosotros y cuando le abrimos la puerta de nuestra vida, lo llena todo de luz y de belleza. Jes\u00fas quiere hacerlo todo nuevo en nosotros. Vivir la Navidad es acoger a Dios y a los hombres. El pesebre manifiesta la l\u00f3gica divina, que no se centra en las ambiciones ni en los privilegios, sino que es la gram\u00e1tica de la cercan\u00eda, del encuentro y de la proximidad. Navidad es, por tanto,&nbsp; convertirse en constructores de un futuro, anteponiendo el bien com\u00fan a los particularismos ego\u00edstas. Jes\u00fas ha establecido la casa com\u00fan y nos pide que la convirtamos en una casa acogedora para todos. De ah\u00ed deriva el compromiso del cuidado y respeto de la creaci\u00f3n y la necesidad de superar&nbsp; los prejuicios, derribar las barreras y eliminar las divisiones que enfrentan a las personas y a los pueblos, para construir juntos un mundo de justicia y de paz. Navidad es, tambi\u00e9n, la fiesta de los pobres&nbsp;Dios nace pobre. Jes\u00fas nace en una cueva y lo colocan en un pesebre, donde comen los animales. Viene al mundo en un establo, envuelto entre pa\u00f1ales, sin lujos, sin comodidades. Naci\u00f3 como nacen hoy muchos inmigrantes, como nacen los hijos de mujeres en campos de refugiados\u2026 y as\u00ed nos ense\u00f1a que en este mundo donde \u00c9l puso su&nbsp;\u201ctienda\u201d, nadie es extranjero. Aunque en este mundo todos estamos de paso, es precisamente Jes\u00fas quien nos hace sentir como en casa en esta tierra santificada por su presencia y quiere que la convirtamos en un hogar acogedor para todos. No olvidemos que, al poco de nacer, tambi\u00e9n Jes\u00fas se hace inmigrante y tiene que huir a Egipto junto con Jos\u00e9 y Mar\u00eda. Si Jes\u00fas fue acogido en tierra extranjera, tambi\u00e9n nosotros hemos de acoger a los que vienen de fuera, aprendiendo a superar cada vez m\u00e1s los recelos y los prejuicios que dividen o, peor a\u00fan, enfrentan a las personas y a los pueblos, para construir juntos un mundo de justicia y de paz. La profunda solidaridad que este Ni\u00f1o ha establecido con su nacimiento, nos hace salir al encuentro del que no tiene, llev\u00e1ndonos a compartir lo que tenemos no s\u00f3lo lo material, sino tambi\u00e9n lo espiritual. Esto nos lleva a tener un recuerdo especial en estas Navidades con los palmeros que lo han perdido todo, con los inmigrantes que han tenido que dejar sus hogares, con los enfermos de COVID y todos los que sufren la crisis de esta pandemia. Pero tambi\u00e9n por todos aquellos que se encuentran solos o han perdido el sentido a su vida, los pobres de esperanza y los faltos de fe. En nuestra felicitaci\u00f3n navide\u00f1a no podemos olvidar y llevar hasta el Portal de la Eucarist\u00eda, a quienes m\u00e1s sufren en nuestro mundo cercano y lejano, a los que deambulan por nuestras calles arrastrando el dolor que sufren solos y a los que, en otras<\/p>\n","protected":false},"author":2,"featured_media":3662,"comment_status":"closed","ping_status":"closed","sticky":false,"template":"","format":"standard","meta":{"ocean_front_end_style_editor":"no","ocean_post_layout":"","ocean_both_sidebars_style":"","ocean_both_sidebars_content_width":0,"ocean_both_sidebars_sidebars_width":0,"ocean_sidebar":"0","ocean_second_sidebar":"0","ocean_disable_margins":"enable","ocean_add_body_class":"","ocean_shortcode_before_top_bar":"","ocean_shortcode_after_top_bar":"","ocean_shortcode_before_header":"","ocean_shortcode_after_header":"","ocean_has_shortcode":"","ocean_shortcode_after_title":"","ocean_shortcode_before_footer_widgets":"","ocean_shortcode_after_footer_widgets":"","ocean_shortcode_before_footer_bottom":"","ocean_shortcode_after_footer_bottom":"","ocean_display_top_bar":"default","ocean_display_header":"default","ocean_header_style":"","ocean_center_header_left_menu":"0","ocean_custom_header_template":"0","ocean_custom_logo":0,"ocean_custom_retina_logo":0,"ocean_custom_logo_max_width":0,"ocean_custom_logo_tablet_max_width":0,"ocean_custom_logo_mobile_max_width":0,"ocean_custom_logo_max_height":0,"ocean_custom_logo_tablet_max_height":0,"ocean_custom_logo_mobile_max_height":0,"ocean_header_custom_menu":"0","ocean_menu_typo_font_family":"0","ocean_menu_typo_font_subset":"","ocean_menu_typo_font_size":0,"ocean_menu_typo_font_size_tablet":0,"ocean_menu_typo_font_size_mobile":0,"ocean_menu_typo_font_size_unit":"px","ocean_menu_typo_font_weight":"","ocean_menu_typo_font_weight_tablet":"","ocean_menu_typo_font_weight_mobile":"","ocean_menu_typo_transform":"","ocean_menu_typo_transform_tablet":"","ocean_menu_typo_transform_mobile":"","ocean_menu_typo_line_height":0,"ocean_menu_typo_line_height_tablet":0,"ocean_menu_typo_line_height_mobile":0,"ocean_menu_typo_line_height_unit":"","ocean_menu_typo_spacing":0,"ocean_menu_typo_spacing_tablet":0,"ocean_menu_typo_spacing_mobile":0,"ocean_menu_typo_spacing_unit":"","ocean_menu_link_color":"","ocean_menu_link_color_hover":"","ocean_menu_link_color_active":"","ocean_menu_link_background":"","ocean_menu_link_hover_background":"","ocean_menu_link_active_background":"","ocean_menu_social_links_bg":"","ocean_menu_social_hover_links_bg":"","ocean_menu_social_links_color":"","ocean_menu_social_hover_links_color":"","ocean_disable_title":"default","ocean_disable_heading":"default","ocean_post_title":"","ocean_post_subheading":"","ocean_post_title_style":"","ocean_post_title_background_color":"","ocean_post_title_background":0,"ocean_post_title_bg_image_position":"","ocean_post_title_bg_image_attachment":"","ocean_post_title_bg_image_repeat":"","ocean_post_title_bg_image_size":"","ocean_post_title_height":0,"ocean_post_title_bg_overlay":0.5,"ocean_post_title_bg_overlay_color":"","ocean_disable_breadcrumbs":"default","ocean_breadcrumbs_color":"","ocean_breadcrumbs_separator_color":"","ocean_breadcrumbs_links_color":"","ocean_breadcrumbs_links_hover_color":"","ocean_display_footer_widgets":"default","ocean_display_footer_bottom":"default","ocean_custom_footer_template":"0","ocean_post_oembed":"","ocean_post_self_hosted_media":"","ocean_post_video_embed":"","ocean_link_format":"","ocean_link_format_target":"self","ocean_quote_format":"","ocean_quote_format_link":"post","ocean_gallery_link_images":"off","ocean_gallery_id":[],"footnotes":""},"categories":[9],"tags":[95,80,32],"class_list":["post-3661","post","type-post","status-publish","format-standard","has-post-thumbnail","hentry","category-parroquia","tag-jose","tag-navidad","tag-obispo","entry","has-media"],"yoast_head":"<!-- This site is optimized with the Yoast SEO plugin v28.3 - https:\/\/yoast.com\/product\/yoast-seo-wordpress\/ -->\n<title>Mensaje Navide\u00f1o de nuestro Obispo - Parroquia Matriz de San Agust\u00edn<\/title>\n<meta name=\"robots\" content=\"index, follow, max-snippet:-1, max-image-preview:large, max-video-preview:-1\" \/>\n<link rel=\"canonical\" href=\"https:\/\/parroquiasanagustin.org\/index.php\/2021\/12\/22\/mensaje-navideno-de-nuestro-obispo\/\" \/>\n<meta property=\"og:locale\" content=\"es_ES\" \/>\n<meta property=\"og:type\" content=\"article\" \/>\n<meta property=\"og:title\" content=\"Mensaje Navide\u00f1o de nuestro Obispo - Parroquia Matriz de San Agust\u00edn\" \/>\n<meta property=\"og:description\" content=\"Navidad es Cercan\u00eda de Dios \u201cHoy, en la ciudad de David, os ha nacido un Salvador: el Mes\u00edas, el Se\u00f1or\u201d (Lc 2, 11).\u00a0Con estas palabras invita el \u00e1ngel a los pastores y a cada uno de nosotros a contemplar el misterio de la Encarnaci\u00f3n de nuestro Dios. El misterio de ese ni\u00f1o peque\u00f1o en brazos de su Madre y que ten\u00eda por nombre Jes\u00fas. En los Medios de Comunicaci\u00f3n social, en el correo, en los comercios, en la calle, en los hogares durante estos d\u00edas, \u2026 todo nos habla de la Navidad. El Ni\u00f1o nacido en Bel\u00e9n, hace dos mil a\u00f1os, vuelve a proclamar su mensaje de esperanza para la humanidad, y ese anuncio, escuchado en el coraz\u00f3n, en los \u00e1mbitos m\u00e1s silenciosos del alma, nos inunda de luz nueva y nos invita a la alegr\u00eda, a cantar con los \u00e1ngeles de Bel\u00e9n un eterno villancico. La Navidad nos habla de familia. La familia es necesaria. Quien al nacer prescindi\u00f3 de todos los lujos, no prescinde de un padre y de una madre. En este a\u00f1o de la\u00a0\u201cFamilia Amoris Laetitia\u201d\u00a0es bueno recordar que Jes\u00fas quiso nacer de la Virgen Mar\u00eda y vivir en el seno de una familia puesta bajo la custodia de Jos\u00e9, para ser solidario con nuestra condici\u00f3n humana. La Navidad nos invita a estrechar los lazos con nuestras familias, compartiendo con ellos la alegr\u00eda que nos inunda estos d\u00edas. Es hermoso vivir la Navidad con los familiares y amigos, haciendo part\u00edcipes a los m\u00e1s peque\u00f1os del mensaje de la Navidad. Vale la pena que pensemos c\u00f3mo podr\u00edamos hacer que Jes\u00fas sea el centro tambi\u00e9n en nuestras celebraciones familiares. Navidad es el \u201csalto\u201d de Dios de lo divino a lo humano sin dejar de ser lo primero (cfr. Flp 2, 6 \u2013 11), que se ha pasado a nuestro bando, es uno de nosotros. \u00c9l ya no est\u00e1 lejos. No es desconocido. Al nacer en la tierra quiere hacerse compa\u00f1ero de viaje de cada uno de nosotros. En el establo de Bel\u00e9n el cielo y la tierra se tocan. El cielo ha venido a la tierra y hace saltar de gozo a los \u00e1ngeles que cantan de alegr\u00eda porque lo alto y lo bajo, cielo y tierra, se encuentran nuevamente unidos; porque el hombre se ha unido nuevamente a Dios. La tierra ha quedado restablecida y es posible ahora, como recogen los Padres de la Iglesia, que los hombres y los \u00e1ngeles canten juntos el canto de alabanza al Se\u00f1or de toda la creaci\u00f3n. Nos llena de asombro tanta cercan\u00eda de Dios, tanta ternura, tanto amor. Ahora podemos afirmar que no estamos solos porque Dios est\u00e1 con nosotros y sigue estando cerca de nosotros, incluso cuando nosotros nos olvidamos de \u00e9l. Dios va a nacer en un establo entre pa\u00f1ales, sin lujos y sin comodidades. Tambi\u00e9n nosotros somos \u201cel establo donde nace Dios\u201d.&nbsp; Un establo suele oler mal,&nbsp; hay esti\u00e9rcol mezclado con paja y heno. Esa es una imagen simb\u00f3lica de nuestro interior. Nuestro coraz\u00f3n a menudo es como un establo lleno de miserias, rencores, agresividades y complejos. Pero Dios no desecha la suciedad de nuestro establo, \u00c9l quiere entrar en nosotros y cuando le abrimos la puerta de nuestra vida, lo llena todo de luz y de belleza. Jes\u00fas quiere hacerlo todo nuevo en nosotros. Vivir la Navidad es acoger a Dios y a los hombres. El pesebre manifiesta la l\u00f3gica divina, que no se centra en las ambiciones ni en los privilegios, sino que es la gram\u00e1tica de la cercan\u00eda, del encuentro y de la proximidad. Navidad es, por tanto,&nbsp; convertirse en constructores de un futuro, anteponiendo el bien com\u00fan a los particularismos ego\u00edstas. Jes\u00fas ha establecido la casa com\u00fan y nos pide que la convirtamos en una casa acogedora para todos. De ah\u00ed deriva el compromiso del cuidado y respeto de la creaci\u00f3n y la necesidad de superar&nbsp; los prejuicios, derribar las barreras y eliminar las divisiones que enfrentan a las personas y a los pueblos, para construir juntos un mundo de justicia y de paz. Navidad es, tambi\u00e9n, la fiesta de los pobres&nbsp;Dios nace pobre. Jes\u00fas nace en una cueva y lo colocan en un pesebre, donde comen los animales. Viene al mundo en un establo, envuelto entre pa\u00f1ales, sin lujos, sin comodidades. Naci\u00f3 como nacen hoy muchos inmigrantes, como nacen los hijos de mujeres en campos de refugiados\u2026 y as\u00ed nos ense\u00f1a que en este mundo donde \u00c9l puso su&nbsp;\u201ctienda\u201d, nadie es extranjero. Aunque en este mundo todos estamos de paso, es precisamente Jes\u00fas quien nos hace sentir como en casa en esta tierra santificada por su presencia y quiere que la convirtamos en un hogar acogedor para todos. No olvidemos que, al poco de nacer, tambi\u00e9n Jes\u00fas se hace inmigrante y tiene que huir a Egipto junto con Jos\u00e9 y Mar\u00eda. Si Jes\u00fas fue acogido en tierra extranjera, tambi\u00e9n nosotros hemos de acoger a los que vienen de fuera, aprendiendo a superar cada vez m\u00e1s los recelos y los prejuicios que dividen o, peor a\u00fan, enfrentan a las personas y a los pueblos, para construir juntos un mundo de justicia y de paz. La profunda solidaridad que este Ni\u00f1o ha establecido con su nacimiento, nos hace salir al encuentro del que no tiene, llev\u00e1ndonos a compartir lo que tenemos no s\u00f3lo lo material, sino tambi\u00e9n lo espiritual. Esto nos lleva a tener un recuerdo especial en estas Navidades con los palmeros que lo han perdido todo, con los inmigrantes que han tenido que dejar sus hogares, con los enfermos de COVID y todos los que sufren la crisis de esta pandemia. Pero tambi\u00e9n por todos aquellos que se encuentran solos o han perdido el sentido a su vida, los pobres de esperanza y los faltos de fe. En nuestra felicitaci\u00f3n navide\u00f1a no podemos olvidar y llevar hasta el Portal de la Eucarist\u00eda, a quienes m\u00e1s sufren en nuestro mundo cercano y lejano, a los que deambulan por nuestras calles arrastrando el dolor que sufren solos y a los que, en otras\" \/>\n<meta property=\"og:url\" content=\"https:\/\/parroquiasanagustin.org\/index.php\/2021\/12\/22\/mensaje-navideno-de-nuestro-obispo\/\" \/>\n<meta property=\"og:site_name\" content=\"Parroquia Matriz de San Agust\u00edn\" \/>\n<meta property=\"article:published_time\" content=\"2021-12-22T08:38:56+00:00\" \/>\n<meta property=\"article:modified_time\" content=\"2021-12-22T08:41:48+00:00\" \/>\n<meta property=\"og:image\" content=\"https:\/\/parroquiasanagustin.org\/wp-content\/uploads\/2021\/12\/christmas-4715858_1280-scaled.jpg\" \/>\n\t<meta property=\"og:image:width\" content=\"1200\" \/>\n\t<meta property=\"og:image:height\" content=\"839\" \/>\n\t<meta property=\"og:image:type\" content=\"image\/jpeg\" \/>\n<meta name=\"author\" content=\"admin\" \/>\n<meta name=\"twitter:card\" content=\"summary_large_image\" \/>\n<meta name=\"twitter:label1\" content=\"Escrito por\" \/>\n\t<meta name=\"twitter:data1\" content=\"admin\" \/>\n\t<meta name=\"twitter:label2\" content=\"Tiempo de lectura\" \/>\n\t<meta name=\"twitter:data2\" content=\"6 minutos\" \/>\n<script type=\"application\/ld+json\" class=\"yoast-schema-graph\">{\"@context\":\"https:\\\/\\\/schema.org\",\"@graph\":[{\"@type\":\"Article\",\"@id\":\"https:\\\/\\\/parroquiasanagustin.org\\\/index.php\\\/2021\\\/12\\\/22\\\/mensaje-navideno-de-nuestro-obispo\\\/#article\",\"isPartOf\":{\"@id\":\"https:\\\/\\\/parroquiasanagustin.org\\\/index.php\\\/2021\\\/12\\\/22\\\/mensaje-navideno-de-nuestro-obispo\\\/\"},\"author\":{\"name\":\"admin\",\"@id\":\"https:\\\/\\\/parroquiasanagustin.org\\\/#\\\/schema\\\/person\\\/847433f46674263837c7be221cfa5120\"},\"headline\":\"Mensaje Navide\u00f1o de nuestro Obispo\",\"datePublished\":\"2021-12-22T08:38:56+00:00\",\"dateModified\":\"2021-12-22T08:41:48+00:00\",\"mainEntityOfPage\":{\"@id\":\"https:\\\/\\\/parroquiasanagustin.org\\\/index.php\\\/2021\\\/12\\\/22\\\/mensaje-navideno-de-nuestro-obispo\\\/\"},\"wordCount\":1262,\"publisher\":{\"@id\":\"https:\\\/\\\/parroquiasanagustin.org\\\/#organization\"},\"image\":{\"@id\":\"https:\\\/\\\/parroquiasanagustin.org\\\/index.php\\\/2021\\\/12\\\/22\\\/mensaje-navideno-de-nuestro-obispo\\\/#primaryimage\"},\"thumbnailUrl\":\"https:\\\/\\\/parroquiasanagustin.org\\\/wp-content\\\/uploads\\\/2021\\\/12\\\/christmas-4715858_1280-scaled.jpg\",\"keywords\":[\"Jose\",\"navidad\",\"Obispo\"],\"articleSection\":[\"Parroquia\"],\"inLanguage\":\"es\"},{\"@type\":\"WebPage\",\"@id\":\"https:\\\/\\\/parroquiasanagustin.org\\\/index.php\\\/2021\\\/12\\\/22\\\/mensaje-navideno-de-nuestro-obispo\\\/\",\"url\":\"https:\\\/\\\/parroquiasanagustin.org\\\/index.php\\\/2021\\\/12\\\/22\\\/mensaje-navideno-de-nuestro-obispo\\\/\",\"name\":\"Mensaje Navide\u00f1o de nuestro Obispo - Parroquia Matriz de San Agust\u00edn\",\"isPartOf\":{\"@id\":\"https:\\\/\\\/parroquiasanagustin.org\\\/#website\"},\"primaryImageOfPage\":{\"@id\":\"https:\\\/\\\/parroquiasanagustin.org\\\/index.php\\\/2021\\\/12\\\/22\\\/mensaje-navideno-de-nuestro-obispo\\\/#primaryimage\"},\"image\":{\"@id\":\"https:\\\/\\\/parroquiasanagustin.org\\\/index.php\\\/2021\\\/12\\\/22\\\/mensaje-navideno-de-nuestro-obispo\\\/#primaryimage\"},\"thumbnailUrl\":\"https:\\\/\\\/parroquiasanagustin.org\\\/wp-content\\\/uploads\\\/2021\\\/12\\\/christmas-4715858_1280-scaled.jpg\",\"datePublished\":\"2021-12-22T08:38:56+00:00\",\"dateModified\":\"2021-12-22T08:41:48+00:00\",\"breadcrumb\":{\"@id\":\"https:\\\/\\\/parroquiasanagustin.org\\\/index.php\\\/2021\\\/12\\\/22\\\/mensaje-navideno-de-nuestro-obispo\\\/#breadcrumb\"},\"inLanguage\":\"es\",\"potentialAction\":[{\"@type\":\"ReadAction\",\"target\":[\"https:\\\/\\\/parroquiasanagustin.org\\\/index.php\\\/2021\\\/12\\\/22\\\/mensaje-navideno-de-nuestro-obispo\\\/\"]}]},{\"@type\":\"ImageObject\",\"inLanguage\":\"es\",\"@id\":\"https:\\\/\\\/parroquiasanagustin.org\\\/index.php\\\/2021\\\/12\\\/22\\\/mensaje-navideno-de-nuestro-obispo\\\/#primaryimage\",\"url\":\"https:\\\/\\\/parroquiasanagustin.org\\\/wp-content\\\/uploads\\\/2021\\\/12\\\/christmas-4715858_1280-scaled.jpg\",\"contentUrl\":\"https:\\\/\\\/parroquiasanagustin.org\\\/wp-content\\\/uploads\\\/2021\\\/12\\\/christmas-4715858_1280-scaled.jpg\",\"width\":1200,\"height\":839},{\"@type\":\"BreadcrumbList\",\"@id\":\"https:\\\/\\\/parroquiasanagustin.org\\\/index.php\\\/2021\\\/12\\\/22\\\/mensaje-navideno-de-nuestro-obispo\\\/#breadcrumb\",\"itemListElement\":[{\"@type\":\"ListItem\",\"position\":1,\"name\":\"Portada\",\"item\":\"https:\\\/\\\/parroquiasanagustin.org\\\/\"},{\"@type\":\"ListItem\",\"position\":2,\"name\":\"Mensaje Navide\u00f1o de nuestro Obispo\"}]},{\"@type\":\"WebSite\",\"@id\":\"https:\\\/\\\/parroquiasanagustin.org\\\/#website\",\"url\":\"https:\\\/\\\/parroquiasanagustin.org\\\/\",\"name\":\"Parroquia Matriz de San Agust\u00edn\",\"description\":\"Iglesia de San Agust\u00edn y Santuario de Santa Rita, Vegueta, Las Palmas de Gran Canaria\",\"publisher\":{\"@id\":\"https:\\\/\\\/parroquiasanagustin.org\\\/#organization\"},\"potentialAction\":[{\"@type\":\"SearchAction\",\"target\":{\"@type\":\"EntryPoint\",\"urlTemplate\":\"https:\\\/\\\/parroquiasanagustin.org\\\/?s={search_term_string}\"},\"query-input\":{\"@type\":\"PropertyValueSpecification\",\"valueRequired\":true,\"valueName\":\"search_term_string\"}}],\"inLanguage\":\"es\"},{\"@type\":\"Organization\",\"@id\":\"https:\\\/\\\/parroquiasanagustin.org\\\/#organization\",\"name\":\"Parroquia Matriz de San Agust\u00edn\",\"url\":\"https:\\\/\\\/parroquiasanagustin.org\\\/\",\"logo\":{\"@type\":\"ImageObject\",\"inLanguage\":\"es\",\"@id\":\"https:\\\/\\\/parroquiasanagustin.org\\\/#\\\/schema\\\/logo\\\/image\\\/\",\"url\":\"https:\\\/\\\/parroquiasanagustin.org\\\/wp-content\\\/uploads\\\/2020\\\/03\\\/iglesiaicono.jpg\",\"contentUrl\":\"https:\\\/\\\/parroquiasanagustin.org\\\/wp-content\\\/uploads\\\/2020\\\/03\\\/iglesiaicono.jpg\",\"width\":567,\"height\":567,\"caption\":\"Parroquia Matriz de San Agust\u00edn\"},\"image\":{\"@id\":\"https:\\\/\\\/parroquiasanagustin.org\\\/#\\\/schema\\\/logo\\\/image\\\/\"}},{\"@type\":\"Person\",\"@id\":\"https:\\\/\\\/parroquiasanagustin.org\\\/#\\\/schema\\\/person\\\/847433f46674263837c7be221cfa5120\",\"name\":\"admin\",\"image\":{\"@type\":\"ImageObject\",\"inLanguage\":\"es\",\"@id\":\"https:\\\/\\\/secure.gravatar.com\\\/avatar\\\/07d4512f723a9a3b729f475206dd5edd698d449d5c20abe9a12060d2ff1e0807?s=96&d=mm&r=g\",\"url\":\"https:\\\/\\\/secure.gravatar.com\\\/avatar\\\/07d4512f723a9a3b729f475206dd5edd698d449d5c20abe9a12060d2ff1e0807?s=96&d=mm&r=g\",\"contentUrl\":\"https:\\\/\\\/secure.gravatar.com\\\/avatar\\\/07d4512f723a9a3b729f475206dd5edd698d449d5c20abe9a12060d2ff1e0807?s=96&d=mm&r=g\",\"caption\":\"admin\"},\"url\":\"https:\\\/\\\/parroquiasanagustin.org\\\/index.php\\\/author\\\/admin\\\/\"}]}<\/script>\n<!-- \/ Yoast SEO plugin. -->","yoast_head_json":{"title":"Mensaje Navide\u00f1o de nuestro Obispo - Parroquia Matriz de San Agust\u00edn","robots":{"index":"index","follow":"follow","max-snippet":"max-snippet:-1","max-image-preview":"max-image-preview:large","max-video-preview":"max-video-preview:-1"},"canonical":"https:\/\/parroquiasanagustin.org\/index.php\/2021\/12\/22\/mensaje-navideno-de-nuestro-obispo\/","og_locale":"es_ES","og_type":"article","og_title":"Mensaje Navide\u00f1o de nuestro Obispo - Parroquia Matriz de San Agust\u00edn","og_description":"Navidad es Cercan\u00eda de Dios \u201cHoy, en la ciudad de David, os ha nacido un Salvador: el Mes\u00edas, el Se\u00f1or\u201d (Lc 2, 11).\u00a0Con estas palabras invita el \u00e1ngel a los pastores y a cada uno de nosotros a contemplar el misterio de la Encarnaci\u00f3n de nuestro Dios. El misterio de ese ni\u00f1o peque\u00f1o en brazos de su Madre y que ten\u00eda por nombre Jes\u00fas. En los Medios de Comunicaci\u00f3n social, en el correo, en los comercios, en la calle, en los hogares durante estos d\u00edas, \u2026 todo nos habla de la Navidad. El Ni\u00f1o nacido en Bel\u00e9n, hace dos mil a\u00f1os, vuelve a proclamar su mensaje de esperanza para la humanidad, y ese anuncio, escuchado en el coraz\u00f3n, en los \u00e1mbitos m\u00e1s silenciosos del alma, nos inunda de luz nueva y nos invita a la alegr\u00eda, a cantar con los \u00e1ngeles de Bel\u00e9n un eterno villancico. La Navidad nos habla de familia. La familia es necesaria. Quien al nacer prescindi\u00f3 de todos los lujos, no prescinde de un padre y de una madre. En este a\u00f1o de la\u00a0\u201cFamilia Amoris Laetitia\u201d\u00a0es bueno recordar que Jes\u00fas quiso nacer de la Virgen Mar\u00eda y vivir en el seno de una familia puesta bajo la custodia de Jos\u00e9, para ser solidario con nuestra condici\u00f3n humana. La Navidad nos invita a estrechar los lazos con nuestras familias, compartiendo con ellos la alegr\u00eda que nos inunda estos d\u00edas. Es hermoso vivir la Navidad con los familiares y amigos, haciendo part\u00edcipes a los m\u00e1s peque\u00f1os del mensaje de la Navidad. Vale la pena que pensemos c\u00f3mo podr\u00edamos hacer que Jes\u00fas sea el centro tambi\u00e9n en nuestras celebraciones familiares. Navidad es el \u201csalto\u201d de Dios de lo divino a lo humano sin dejar de ser lo primero (cfr. Flp 2, 6 \u2013 11), que se ha pasado a nuestro bando, es uno de nosotros. \u00c9l ya no est\u00e1 lejos. No es desconocido. Al nacer en la tierra quiere hacerse compa\u00f1ero de viaje de cada uno de nosotros. En el establo de Bel\u00e9n el cielo y la tierra se tocan. El cielo ha venido a la tierra y hace saltar de gozo a los \u00e1ngeles que cantan de alegr\u00eda porque lo alto y lo bajo, cielo y tierra, se encuentran nuevamente unidos; porque el hombre se ha unido nuevamente a Dios. La tierra ha quedado restablecida y es posible ahora, como recogen los Padres de la Iglesia, que los hombres y los \u00e1ngeles canten juntos el canto de alabanza al Se\u00f1or de toda la creaci\u00f3n. Nos llena de asombro tanta cercan\u00eda de Dios, tanta ternura, tanto amor. Ahora podemos afirmar que no estamos solos porque Dios est\u00e1 con nosotros y sigue estando cerca de nosotros, incluso cuando nosotros nos olvidamos de \u00e9l. Dios va a nacer en un establo entre pa\u00f1ales, sin lujos y sin comodidades. Tambi\u00e9n nosotros somos \u201cel establo donde nace Dios\u201d.&nbsp; Un establo suele oler mal,&nbsp; hay esti\u00e9rcol mezclado con paja y heno. Esa es una imagen simb\u00f3lica de nuestro interior. Nuestro coraz\u00f3n a menudo es como un establo lleno de miserias, rencores, agresividades y complejos. Pero Dios no desecha la suciedad de nuestro establo, \u00c9l quiere entrar en nosotros y cuando le abrimos la puerta de nuestra vida, lo llena todo de luz y de belleza. Jes\u00fas quiere hacerlo todo nuevo en nosotros. Vivir la Navidad es acoger a Dios y a los hombres. El pesebre manifiesta la l\u00f3gica divina, que no se centra en las ambiciones ni en los privilegios, sino que es la gram\u00e1tica de la cercan\u00eda, del encuentro y de la proximidad. Navidad es, por tanto,&nbsp; convertirse en constructores de un futuro, anteponiendo el bien com\u00fan a los particularismos ego\u00edstas. Jes\u00fas ha establecido la casa com\u00fan y nos pide que la convirtamos en una casa acogedora para todos. De ah\u00ed deriva el compromiso del cuidado y respeto de la creaci\u00f3n y la necesidad de superar&nbsp; los prejuicios, derribar las barreras y eliminar las divisiones que enfrentan a las personas y a los pueblos, para construir juntos un mundo de justicia y de paz. Navidad es, tambi\u00e9n, la fiesta de los pobres&nbsp;Dios nace pobre. Jes\u00fas nace en una cueva y lo colocan en un pesebre, donde comen los animales. Viene al mundo en un establo, envuelto entre pa\u00f1ales, sin lujos, sin comodidades. Naci\u00f3 como nacen hoy muchos inmigrantes, como nacen los hijos de mujeres en campos de refugiados\u2026 y as\u00ed nos ense\u00f1a que en este mundo donde \u00c9l puso su&nbsp;\u201ctienda\u201d, nadie es extranjero. Aunque en este mundo todos estamos de paso, es precisamente Jes\u00fas quien nos hace sentir como en casa en esta tierra santificada por su presencia y quiere que la convirtamos en un hogar acogedor para todos. No olvidemos que, al poco de nacer, tambi\u00e9n Jes\u00fas se hace inmigrante y tiene que huir a Egipto junto con Jos\u00e9 y Mar\u00eda. Si Jes\u00fas fue acogido en tierra extranjera, tambi\u00e9n nosotros hemos de acoger a los que vienen de fuera, aprendiendo a superar cada vez m\u00e1s los recelos y los prejuicios que dividen o, peor a\u00fan, enfrentan a las personas y a los pueblos, para construir juntos un mundo de justicia y de paz. La profunda solidaridad que este Ni\u00f1o ha establecido con su nacimiento, nos hace salir al encuentro del que no tiene, llev\u00e1ndonos a compartir lo que tenemos no s\u00f3lo lo material, sino tambi\u00e9n lo espiritual. Esto nos lleva a tener un recuerdo especial en estas Navidades con los palmeros que lo han perdido todo, con los inmigrantes que han tenido que dejar sus hogares, con los enfermos de COVID y todos los que sufren la crisis de esta pandemia. Pero tambi\u00e9n por todos aquellos que se encuentran solos o han perdido el sentido a su vida, los pobres de esperanza y los faltos de fe. En nuestra felicitaci\u00f3n navide\u00f1a no podemos olvidar y llevar hasta el Portal de la Eucarist\u00eda, a quienes m\u00e1s sufren en nuestro mundo cercano y lejano, a los que deambulan por nuestras calles arrastrando el dolor que sufren solos y a los que, en otras","og_url":"https:\/\/parroquiasanagustin.org\/index.php\/2021\/12\/22\/mensaje-navideno-de-nuestro-obispo\/","og_site_name":"Parroquia Matriz de San Agust\u00edn","article_published_time":"2021-12-22T08:38:56+00:00","article_modified_time":"2021-12-22T08:41:48+00:00","og_image":[{"width":1200,"height":839,"url":"https:\/\/parroquiasanagustin.org\/wp-content\/uploads\/2021\/12\/christmas-4715858_1280-scaled.jpg","type":"image\/jpeg"}],"author":"admin","twitter_card":"summary_large_image","twitter_misc":{"Escrito por":"admin","Tiempo de lectura":"6 minutos"},"schema":{"@context":"https:\/\/schema.org","@graph":[{"@type":"Article","@id":"https:\/\/parroquiasanagustin.org\/index.php\/2021\/12\/22\/mensaje-navideno-de-nuestro-obispo\/#article","isPartOf":{"@id":"https:\/\/parroquiasanagustin.org\/index.php\/2021\/12\/22\/mensaje-navideno-de-nuestro-obispo\/"},"author":{"name":"admin","@id":"https:\/\/parroquiasanagustin.org\/#\/schema\/person\/847433f46674263837c7be221cfa5120"},"headline":"Mensaje Navide\u00f1o de nuestro Obispo","datePublished":"2021-12-22T08:38:56+00:00","dateModified":"2021-12-22T08:41:48+00:00","mainEntityOfPage":{"@id":"https:\/\/parroquiasanagustin.org\/index.php\/2021\/12\/22\/mensaje-navideno-de-nuestro-obispo\/"},"wordCount":1262,"publisher":{"@id":"https:\/\/parroquiasanagustin.org\/#organization"},"image":{"@id":"https:\/\/parroquiasanagustin.org\/index.php\/2021\/12\/22\/mensaje-navideno-de-nuestro-obispo\/#primaryimage"},"thumbnailUrl":"https:\/\/parroquiasanagustin.org\/wp-content\/uploads\/2021\/12\/christmas-4715858_1280-scaled.jpg","keywords":["Jose","navidad","Obispo"],"articleSection":["Parroquia"],"inLanguage":"es"},{"@type":"WebPage","@id":"https:\/\/parroquiasanagustin.org\/index.php\/2021\/12\/22\/mensaje-navideno-de-nuestro-obispo\/","url":"https:\/\/parroquiasanagustin.org\/index.php\/2021\/12\/22\/mensaje-navideno-de-nuestro-obispo\/","name":"Mensaje Navide\u00f1o de nuestro Obispo - Parroquia Matriz de San Agust\u00edn","isPartOf":{"@id":"https:\/\/parroquiasanagustin.org\/#website"},"primaryImageOfPage":{"@id":"https:\/\/parroquiasanagustin.org\/index.php\/2021\/12\/22\/mensaje-navideno-de-nuestro-obispo\/#primaryimage"},"image":{"@id":"https:\/\/parroquiasanagustin.org\/index.php\/2021\/12\/22\/mensaje-navideno-de-nuestro-obispo\/#primaryimage"},"thumbnailUrl":"https:\/\/parroquiasanagustin.org\/wp-content\/uploads\/2021\/12\/christmas-4715858_1280-scaled.jpg","datePublished":"2021-12-22T08:38:56+00:00","dateModified":"2021-12-22T08:41:48+00:00","breadcrumb":{"@id":"https:\/\/parroquiasanagustin.org\/index.php\/2021\/12\/22\/mensaje-navideno-de-nuestro-obispo\/#breadcrumb"},"inLanguage":"es","potentialAction":[{"@type":"ReadAction","target":["https:\/\/parroquiasanagustin.org\/index.php\/2021\/12\/22\/mensaje-navideno-de-nuestro-obispo\/"]}]},{"@type":"ImageObject","inLanguage":"es","@id":"https:\/\/parroquiasanagustin.org\/index.php\/2021\/12\/22\/mensaje-navideno-de-nuestro-obispo\/#primaryimage","url":"https:\/\/parroquiasanagustin.org\/wp-content\/uploads\/2021\/12\/christmas-4715858_1280-scaled.jpg","contentUrl":"https:\/\/parroquiasanagustin.org\/wp-content\/uploads\/2021\/12\/christmas-4715858_1280-scaled.jpg","width":1200,"height":839},{"@type":"BreadcrumbList","@id":"https:\/\/parroquiasanagustin.org\/index.php\/2021\/12\/22\/mensaje-navideno-de-nuestro-obispo\/#breadcrumb","itemListElement":[{"@type":"ListItem","position":1,"name":"Portada","item":"https:\/\/parroquiasanagustin.org\/"},{"@type":"ListItem","position":2,"name":"Mensaje Navide\u00f1o de nuestro Obispo"}]},{"@type":"WebSite","@id":"https:\/\/parroquiasanagustin.org\/#website","url":"https:\/\/parroquiasanagustin.org\/","name":"Parroquia Matriz de San Agust\u00edn","description":"Iglesia de San Agust\u00edn y Santuario de Santa Rita, Vegueta, Las Palmas de Gran Canaria","publisher":{"@id":"https:\/\/parroquiasanagustin.org\/#organization"},"potentialAction":[{"@type":"SearchAction","target":{"@type":"EntryPoint","urlTemplate":"https:\/\/parroquiasanagustin.org\/?s={search_term_string}"},"query-input":{"@type":"PropertyValueSpecification","valueRequired":true,"valueName":"search_term_string"}}],"inLanguage":"es"},{"@type":"Organization","@id":"https:\/\/parroquiasanagustin.org\/#organization","name":"Parroquia Matriz de San Agust\u00edn","url":"https:\/\/parroquiasanagustin.org\/","logo":{"@type":"ImageObject","inLanguage":"es","@id":"https:\/\/parroquiasanagustin.org\/#\/schema\/logo\/image\/","url":"https:\/\/parroquiasanagustin.org\/wp-content\/uploads\/2020\/03\/iglesiaicono.jpg","contentUrl":"https:\/\/parroquiasanagustin.org\/wp-content\/uploads\/2020\/03\/iglesiaicono.jpg","width":567,"height":567,"caption":"Parroquia Matriz de San Agust\u00edn"},"image":{"@id":"https:\/\/parroquiasanagustin.org\/#\/schema\/logo\/image\/"}},{"@type":"Person","@id":"https:\/\/parroquiasanagustin.org\/#\/schema\/person\/847433f46674263837c7be221cfa5120","name":"admin","image":{"@type":"ImageObject","inLanguage":"es","@id":"https:\/\/secure.gravatar.com\/avatar\/07d4512f723a9a3b729f475206dd5edd698d449d5c20abe9a12060d2ff1e0807?s=96&d=mm&r=g","url":"https:\/\/secure.gravatar.com\/avatar\/07d4512f723a9a3b729f475206dd5edd698d449d5c20abe9a12060d2ff1e0807?s=96&d=mm&r=g","contentUrl":"https:\/\/secure.gravatar.com\/avatar\/07d4512f723a9a3b729f475206dd5edd698d449d5c20abe9a12060d2ff1e0807?s=96&d=mm&r=g","caption":"admin"},"url":"https:\/\/parroquiasanagustin.org\/index.php\/author\/admin\/"}]}},"_links":{"self":[{"href":"https:\/\/parroquiasanagustin.org\/index.php\/wp-json\/wp\/v2\/posts\/3661","targetHints":{"allow":["GET"]}}],"collection":[{"href":"https:\/\/parroquiasanagustin.org\/index.php\/wp-json\/wp\/v2\/posts"}],"about":[{"href":"https:\/\/parroquiasanagustin.org\/index.php\/wp-json\/wp\/v2\/types\/post"}],"author":[{"embeddable":true,"href":"https:\/\/parroquiasanagustin.org\/index.php\/wp-json\/wp\/v2\/users\/2"}],"replies":[{"embeddable":true,"href":"https:\/\/parroquiasanagustin.org\/index.php\/wp-json\/wp\/v2\/comments?post=3661"}],"version-history":[{"count":0,"href":"https:\/\/parroquiasanagustin.org\/index.php\/wp-json\/wp\/v2\/posts\/3661\/revisions"}],"wp:featuredmedia":[{"embeddable":true,"href":"https:\/\/parroquiasanagustin.org\/index.php\/wp-json\/wp\/v2\/media\/3662"}],"wp:attachment":[{"href":"https:\/\/parroquiasanagustin.org\/index.php\/wp-json\/wp\/v2\/media?parent=3661"}],"wp:term":[{"taxonomy":"category","embeddable":true,"href":"https:\/\/parroquiasanagustin.org\/index.php\/wp-json\/wp\/v2\/categories?post=3661"},{"taxonomy":"post_tag","embeddable":true,"href":"https:\/\/parroquiasanagustin.org\/index.php\/wp-json\/wp\/v2\/tags?post=3661"}],"curies":[{"name":"wp","href":"https:\/\/api.w.org\/{rel}","templated":true}]}}