{"id":3361,"date":"2021-10-26T17:41:00","date_gmt":"2021-10-26T17:41:00","guid":{"rendered":"https:\/\/parroquiasanagustin.org\/?p=3361"},"modified":"2021-11-03T08:37:19","modified_gmt":"2021-11-03T08:37:19","slug":"nadie-sin-hogar-2","status":"publish","type":"post","link":"https:\/\/parroquiasanagustin.org\/index.php\/2021\/10\/26\/nadie-sin-hogar-2\/","title":{"rendered":"Nadie sin Hogar"},"content":{"rendered":"\n<p class=\"wp-block-paragraph\">La celebraci\u00f3n del&nbsp;<strong>D\u00eda de las Personas Sin Hogar<\/strong>, que este a\u00f1o tiene lugar el 31 de octubre, vuelve a reunir a las organizaciones sociales que trabajan con estas personas para denunciar las dificultades continuadas y permanentes que afrontan para acceder a los derechos fundamentales y que se han agravado a\u00fan m\u00e1s durante la pandemia.<\/p>\n\n\n\n<div class=\"wp-block-image\"><figure class=\"alignleft size-medium is-resized\"><img fetchpriority=\"high\" decoding=\"async\" src=\"https:\/\/parroquiasanagustin.org\/wp-content\/uploads\/2021\/10\/Cartel-Sin-Hogar-2021-27x38-1-218x300.jpg\" alt=\"\" class=\"wp-image-3362\" width=\"300\" height=\"390\"\/><\/figure><\/div>\n\n\n\n<p class=\"wp-block-paragraph\">En esta edici\u00f3n, las entidades que impulsan en toda Espa\u00f1a la&nbsp;<a href=\"https:\/\/www.caritas.es\/campanas\/nadie-sin-hogar\/\" target=\"_blank\" rel=\"noreferrer noopener\"><strong>Campa\u00f1a de Personas Sin Hogar<\/strong><\/a>&nbsp;lanzan una alerta bajo el lema \u201c\u00bfSin salida? Perdidos en un sistema de protecci\u00f3n social que no protege. Digamos basta. Nadie Sin Hogar\u201d para poner el foco en el laberinto al que se enfrentan unas personas perdidas en un sistema de protecci\u00f3n social que no funciona.<\/p>\n\n\n\n<p class=\"wp-block-paragraph\">Ante esa realidad, C\u00e1ritas, Faciam (Federaci\u00f3n de Asociaciones y Centros de Ayuda a Marginados), XaPSLL (Xarxa d\u2019Atenci\u00f3 a Persones Sense Llar de Barcelona) y besteBI (Plataforma por la Exclusi\u00f3n Residencial y a favor de las Personas Sin Hogar de Bilbao) demandan el apoyo de la ciudadan\u00eda y de los medios de comunicaci\u00f3n para reclamar a las Administraciones p\u00fablicas la puesta en marcha de una protecci\u00f3n social adecuada, justa y digna para todas las personas, conforme a los derechos fundamentales.<\/p>\n","protected":false},"excerpt":{"rendered":"<p>La celebraci\u00f3n del&nbsp;D\u00eda de las Personas Sin Hogar, que este a\u00f1o tiene lugar el 31 de octubre, vuelve a reunir a las organizaciones sociales que trabajan con estas personas para denunciar las dificultades continuadas y permanentes que afrontan para acceder a los derechos fundamentales y que se han agravado a\u00fan m\u00e1s durante la pandemia. En esta edici\u00f3n, las entidades que impulsan en toda Espa\u00f1a la&nbsp;Campa\u00f1a de Personas Sin Hogar&nbsp;lanzan una alerta bajo el lema \u201c\u00bfSin salida? Perdidos en un sistema de protecci\u00f3n social que no protege. Digamos basta. Nadie Sin Hogar\u201d para poner el foco en el laberinto al que se enfrentan unas personas perdidas en un sistema de protecci\u00f3n social que no funciona. Ante esa realidad, C\u00e1ritas, Faciam (Federaci\u00f3n de Asociaciones y Centros de Ayuda a Marginados), XaPSLL (Xarxa d\u2019Atenci\u00f3 a Persones Sense Llar de Barcelona) y besteBI (Plataforma por la Exclusi\u00f3n Residencial y a favor de las Personas Sin Hogar de Bilbao) demandan el apoyo de la ciudadan\u00eda y de los medios de comunicaci\u00f3n para reclamar a las Administraciones p\u00fablicas la puesta en marcha de una protecci\u00f3n social adecuada, justa y digna para todas las personas, conforme a los derechos fundamentales.<\/p>\n","protected":false},"author":2,"featured_media":3362,"comment_status":"closed","ping_status":"closed","sticky":false,"template":"","format":"standard","meta":{"ocean_front_end_style_editor":"no","ocean_post_layout":"","ocean_both_sidebars_style":"","ocean_both_sidebars_content_width":0,"ocean_both_sidebars_sidebars_width":0,"ocean_sidebar":"0","ocean_second_sidebar":"0","ocean_disable_margins":"enable","ocean_add_body_class":"","ocean_shortcode_before_top_bar":"","ocean_shortcode_after_top_bar":"","ocean_shortcode_before_header":"","ocean_shortcode_after_header":"","ocean_has_shortcode":"","ocean_shortcode_after_title":"","ocean_shortcode_before_footer_widgets":"","ocean_shortcode_after_footer_widgets":"","ocean_shortcode_before_footer_bottom":"","ocean_shortcode_after_footer_bottom":"","ocean_display_top_bar":"default","ocean_display_header":"default","ocean_header_style":"","ocean_center_header_left_menu":"0","ocean_custom_header_template":"0","ocean_custom_logo":0,"ocean_custom_retina_logo":0,"ocean_custom_logo_max_width":0,"ocean_custom_logo_tablet_max_width":0,"ocean_custom_logo_mobile_max_width":0,"ocean_custom_logo_max_height":0,"ocean_custom_logo_tablet_max_height":0,"ocean_custom_logo_mobile_max_height":0,"ocean_header_custom_menu":"0","ocean_menu_typo_font_family":"0","ocean_menu_typo_font_subset":"","ocean_menu_typo_font_size":0,"ocean_menu_typo_font_size_tablet":0,"ocean_menu_typo_font_size_mobile":0,"ocean_menu_typo_font_size_unit":"px","ocean_menu_typo_font_weight":"","ocean_menu_typo_font_weight_tablet":"","ocean_menu_typo_font_weight_mobile":"","ocean_menu_typo_transform":"","ocean_menu_typo_transform_tablet":"","ocean_menu_typo_transform_mobile":"","ocean_menu_typo_line_height":0,"ocean_menu_typo_line_height_tablet":0,"ocean_menu_typo_line_height_mobile":0,"ocean_menu_typo_line_height_unit":"","ocean_menu_typo_spacing":0,"ocean_menu_typo_spacing_tablet":0,"ocean_menu_typo_spacing_mobile":0,"ocean_menu_typo_spacing_unit":"","ocean_menu_link_color":"","ocean_menu_link_color_hover":"","ocean_menu_link_color_active":"","ocean_menu_link_background":"","ocean_menu_link_hover_background":"","ocean_menu_link_active_background":"","ocean_menu_social_links_bg":"","ocean_menu_social_hover_links_bg":"","ocean_menu_social_links_color":"","ocean_menu_social_hover_links_color":"","ocean_disable_title":"default","ocean_disable_heading":"default","ocean_post_title":"","ocean_post_subheading":"","ocean_post_title_style":"","ocean_post_title_background_color":"","ocean_post_title_background":0,"ocean_post_title_bg_image_position":"","ocean_post_title_bg_image_attachment":"","ocean_post_title_bg_image_repeat":"","ocean_post_title_bg_image_size":"","ocean_post_title_height":0,"ocean_post_title_bg_overlay":0.5,"ocean_post_title_bg_overlay_color":"","ocean_disable_breadcrumbs":"default","ocean_breadcrumbs_color":"","ocean_breadcrumbs_separator_color":"","ocean_breadcrumbs_links_color":"","ocean_breadcrumbs_links_hover_color":"","ocean_display_footer_widgets":"default","ocean_display_footer_bottom":"default","ocean_custom_footer_template":"0","ocean_post_oembed":"","ocean_post_self_hosted_media":"","ocean_post_video_embed":"","ocean_link_format":"","ocean_link_format_target":"self","ocean_quote_format":"","ocean_quote_format_link":"post","ocean_gallery_link_images":"off","ocean_gallery_id":[],"footnotes":""},"categories":[9],"tags":[41,71],"class_list":["post-3361","post","type-post","status-publish","format-standard","has-post-thumbnail","hentry","category-parroquia","tag-caritas","tag-hogar","entry","has-media"],"yoast_head":"<!-- This site is optimized with the Yoast SEO plugin v28.3 - https:\/\/yoast.com\/product\/yoast-seo-wordpress\/ -->\n<title>Nadie sin Hogar - Parroquia Matriz de San Agust\u00edn<\/title>\n<meta name=\"robots\" content=\"index, follow, max-snippet:-1, max-image-preview:large, max-video-preview:-1\" \/>\n<link rel=\"canonical\" href=\"https:\/\/parroquiasanagustin.org\/index.php\/2021\/10\/26\/nadie-sin-hogar-2\/\" \/>\n<meta property=\"og:locale\" content=\"es_ES\" \/>\n<meta property=\"og:type\" content=\"article\" \/>\n<meta property=\"og:title\" content=\"Nadie sin Hogar - Parroquia Matriz de San Agust\u00edn\" \/>\n<meta property=\"og:description\" content=\"La celebraci\u00f3n del&nbsp;D\u00eda de las Personas Sin Hogar, que este a\u00f1o tiene lugar el 31 de octubre, vuelve a reunir a las organizaciones sociales que trabajan con estas personas para denunciar las dificultades continuadas y permanentes que afrontan para acceder a los derechos fundamentales y que se han agravado a\u00fan m\u00e1s durante la pandemia. En esta edici\u00f3n, las entidades que impulsan en toda Espa\u00f1a la&nbsp;Campa\u00f1a de Personas Sin Hogar&nbsp;lanzan una alerta bajo el lema \u201c\u00bfSin salida? Perdidos en un sistema de protecci\u00f3n social que no protege. Digamos basta. Nadie Sin Hogar\u201d para poner el foco en el laberinto al que se enfrentan unas personas perdidas en un sistema de protecci\u00f3n social que no funciona. Ante esa realidad, C\u00e1ritas, Faciam (Federaci\u00f3n de Asociaciones y Centros de Ayuda a Marginados), XaPSLL (Xarxa d\u2019Atenci\u00f3 a Persones Sense Llar de Barcelona) y besteBI (Plataforma por la Exclusi\u00f3n Residencial y a favor de las Personas Sin Hogar de Bilbao) demandan el apoyo de la ciudadan\u00eda y de los medios de comunicaci\u00f3n para reclamar a las Administraciones p\u00fablicas la puesta en marcha de una protecci\u00f3n social adecuada, justa y digna para todas las personas, conforme a los derechos fundamentales.\" \/>\n<meta property=\"og:url\" content=\"https:\/\/parroquiasanagustin.org\/index.php\/2021\/10\/26\/nadie-sin-hogar-2\/\" \/>\n<meta property=\"og:site_name\" content=\"Parroquia Matriz de San Agust\u00edn\" \/>\n<meta property=\"article:published_time\" content=\"2021-10-26T17:41:00+00:00\" \/>\n<meta property=\"article:modified_time\" content=\"2021-11-03T08:37:19+00:00\" \/>\n<meta property=\"og:image\" content=\"https:\/\/parroquiasanagustin.org\/wp-content\/uploads\/2021\/10\/Cartel-Sin-Hogar-2021-27x38-1.jpg\" \/>\n\t<meta property=\"og:image:width\" content=\"831\" \/>\n\t<meta property=\"og:image:height\" content=\"1143\" \/>\n\t<meta property=\"og:image:type\" content=\"image\/jpeg\" \/>\n<meta name=\"author\" content=\"admin\" \/>\n<meta name=\"twitter:card\" content=\"summary_large_image\" \/>\n<meta name=\"twitter:label1\" content=\"Escrito por\" \/>\n\t<meta name=\"twitter:data1\" content=\"admin\" \/>\n\t<meta name=\"twitter:label2\" content=\"Tiempo de lectura\" \/>\n\t<meta name=\"twitter:data2\" content=\"2 minutos\" \/>\n<script type=\"application\/ld+json\" class=\"yoast-schema-graph\">{\"@context\":\"https:\\\/\\\/schema.org\",\"@graph\":[{\"@type\":\"Article\",\"@id\":\"https:\\\/\\\/parroquiasanagustin.org\\\/index.php\\\/2021\\\/10\\\/26\\\/nadie-sin-hogar-2\\\/#article\",\"isPartOf\":{\"@id\":\"https:\\\/\\\/parroquiasanagustin.org\\\/index.php\\\/2021\\\/10\\\/26\\\/nadie-sin-hogar-2\\\/\"},\"author\":{\"name\":\"admin\",\"@id\":\"https:\\\/\\\/parroquiasanagustin.org\\\/#\\\/schema\\\/person\\\/847433f46674263837c7be221cfa5120\"},\"headline\":\"Nadie sin Hogar\",\"datePublished\":\"2021-10-26T17:41:00+00:00\",\"dateModified\":\"2021-11-03T08:37:19+00:00\",\"mainEntityOfPage\":{\"@id\":\"https:\\\/\\\/parroquiasanagustin.org\\\/index.php\\\/2021\\\/10\\\/26\\\/nadie-sin-hogar-2\\\/\"},\"wordCount\":219,\"publisher\":{\"@id\":\"https:\\\/\\\/parroquiasanagustin.org\\\/#organization\"},\"image\":{\"@id\":\"https:\\\/\\\/parroquiasanagustin.org\\\/index.php\\\/2021\\\/10\\\/26\\\/nadie-sin-hogar-2\\\/#primaryimage\"},\"thumbnailUrl\":\"https:\\\/\\\/parroquiasanagustin.org\\\/wp-content\\\/uploads\\\/2021\\\/10\\\/Cartel-Sin-Hogar-2021-27x38-1.jpg\",\"keywords\":[\"C\u00e1ritas\",\"Hogar\"],\"articleSection\":[\"Parroquia\"],\"inLanguage\":\"es\"},{\"@type\":\"WebPage\",\"@id\":\"https:\\\/\\\/parroquiasanagustin.org\\\/index.php\\\/2021\\\/10\\\/26\\\/nadie-sin-hogar-2\\\/\",\"url\":\"https:\\\/\\\/parroquiasanagustin.org\\\/index.php\\\/2021\\\/10\\\/26\\\/nadie-sin-hogar-2\\\/\",\"name\":\"Nadie sin Hogar - Parroquia Matriz de San Agust\u00edn\",\"isPartOf\":{\"@id\":\"https:\\\/\\\/parroquiasanagustin.org\\\/#website\"},\"primaryImageOfPage\":{\"@id\":\"https:\\\/\\\/parroquiasanagustin.org\\\/index.php\\\/2021\\\/10\\\/26\\\/nadie-sin-hogar-2\\\/#primaryimage\"},\"image\":{\"@id\":\"https:\\\/\\\/parroquiasanagustin.org\\\/index.php\\\/2021\\\/10\\\/26\\\/nadie-sin-hogar-2\\\/#primaryimage\"},\"thumbnailUrl\":\"https:\\\/\\\/parroquiasanagustin.org\\\/wp-content\\\/uploads\\\/2021\\\/10\\\/Cartel-Sin-Hogar-2021-27x38-1.jpg\",\"datePublished\":\"2021-10-26T17:41:00+00:00\",\"dateModified\":\"2021-11-03T08:37:19+00:00\",\"breadcrumb\":{\"@id\":\"https:\\\/\\\/parroquiasanagustin.org\\\/index.php\\\/2021\\\/10\\\/26\\\/nadie-sin-hogar-2\\\/#breadcrumb\"},\"inLanguage\":\"es\",\"potentialAction\":[{\"@type\":\"ReadAction\",\"target\":[\"https:\\\/\\\/parroquiasanagustin.org\\\/index.php\\\/2021\\\/10\\\/26\\\/nadie-sin-hogar-2\\\/\"]}]},{\"@type\":\"ImageObject\",\"inLanguage\":\"es\",\"@id\":\"https:\\\/\\\/parroquiasanagustin.org\\\/index.php\\\/2021\\\/10\\\/26\\\/nadie-sin-hogar-2\\\/#primaryimage\",\"url\":\"https:\\\/\\\/parroquiasanagustin.org\\\/wp-content\\\/uploads\\\/2021\\\/10\\\/Cartel-Sin-Hogar-2021-27x38-1.jpg\",\"contentUrl\":\"https:\\\/\\\/parroquiasanagustin.org\\\/wp-content\\\/uploads\\\/2021\\\/10\\\/Cartel-Sin-Hogar-2021-27x38-1.jpg\",\"width\":831,\"height\":1143},{\"@type\":\"BreadcrumbList\",\"@id\":\"https:\\\/\\\/parroquiasanagustin.org\\\/index.php\\\/2021\\\/10\\\/26\\\/nadie-sin-hogar-2\\\/#breadcrumb\",\"itemListElement\":[{\"@type\":\"ListItem\",\"position\":1,\"name\":\"Portada\",\"item\":\"https:\\\/\\\/parroquiasanagustin.org\\\/\"},{\"@type\":\"ListItem\",\"position\":2,\"name\":\"Nadie sin Hogar\"}]},{\"@type\":\"WebSite\",\"@id\":\"https:\\\/\\\/parroquiasanagustin.org\\\/#website\",\"url\":\"https:\\\/\\\/parroquiasanagustin.org\\\/\",\"name\":\"Parroquia Matriz de San Agust\u00edn\",\"description\":\"Iglesia de San Agust\u00edn y Santuario de Santa Rita, Vegueta, Las Palmas de Gran Canaria\",\"publisher\":{\"@id\":\"https:\\\/\\\/parroquiasanagustin.org\\\/#organization\"},\"potentialAction\":[{\"@type\":\"SearchAction\",\"target\":{\"@type\":\"EntryPoint\",\"urlTemplate\":\"https:\\\/\\\/parroquiasanagustin.org\\\/?s={search_term_string}\"},\"query-input\":{\"@type\":\"PropertyValueSpecification\",\"valueRequired\":true,\"valueName\":\"search_term_string\"}}],\"inLanguage\":\"es\"},{\"@type\":\"Organization\",\"@id\":\"https:\\\/\\\/parroquiasanagustin.org\\\/#organization\",\"name\":\"Parroquia Matriz de San Agust\u00edn\",\"url\":\"https:\\\/\\\/parroquiasanagustin.org\\\/\",\"logo\":{\"@type\":\"ImageObject\",\"inLanguage\":\"es\",\"@id\":\"https:\\\/\\\/parroquiasanagustin.org\\\/#\\\/schema\\\/logo\\\/image\\\/\",\"url\":\"https:\\\/\\\/parroquiasanagustin.org\\\/wp-content\\\/uploads\\\/2020\\\/03\\\/iglesiaicono.jpg\",\"contentUrl\":\"https:\\\/\\\/parroquiasanagustin.org\\\/wp-content\\\/uploads\\\/2020\\\/03\\\/iglesiaicono.jpg\",\"width\":567,\"height\":567,\"caption\":\"Parroquia Matriz de San Agust\u00edn\"},\"image\":{\"@id\":\"https:\\\/\\\/parroquiasanagustin.org\\\/#\\\/schema\\\/logo\\\/image\\\/\"}},{\"@type\":\"Person\",\"@id\":\"https:\\\/\\\/parroquiasanagustin.org\\\/#\\\/schema\\\/person\\\/847433f46674263837c7be221cfa5120\",\"name\":\"admin\",\"image\":{\"@type\":\"ImageObject\",\"inLanguage\":\"es\",\"@id\":\"https:\\\/\\\/secure.gravatar.com\\\/avatar\\\/07d4512f723a9a3b729f475206dd5edd698d449d5c20abe9a12060d2ff1e0807?s=96&d=mm&r=g\",\"url\":\"https:\\\/\\\/secure.gravatar.com\\\/avatar\\\/07d4512f723a9a3b729f475206dd5edd698d449d5c20abe9a12060d2ff1e0807?s=96&d=mm&r=g\",\"contentUrl\":\"https:\\\/\\\/secure.gravatar.com\\\/avatar\\\/07d4512f723a9a3b729f475206dd5edd698d449d5c20abe9a12060d2ff1e0807?s=96&d=mm&r=g\",\"caption\":\"admin\"},\"url\":\"https:\\\/\\\/parroquiasanagustin.org\\\/index.php\\\/author\\\/admin\\\/\"}]}<\/script>\n<!-- \/ Yoast SEO plugin. -->","yoast_head_json":{"title":"Nadie sin Hogar - Parroquia Matriz de San Agust\u00edn","robots":{"index":"index","follow":"follow","max-snippet":"max-snippet:-1","max-image-preview":"max-image-preview:large","max-video-preview":"max-video-preview:-1"},"canonical":"https:\/\/parroquiasanagustin.org\/index.php\/2021\/10\/26\/nadie-sin-hogar-2\/","og_locale":"es_ES","og_type":"article","og_title":"Nadie sin Hogar - Parroquia Matriz de San Agust\u00edn","og_description":"La celebraci\u00f3n del&nbsp;D\u00eda de las Personas Sin Hogar, que este a\u00f1o tiene lugar el 31 de octubre, vuelve a reunir a las organizaciones sociales que trabajan con estas personas para denunciar las dificultades continuadas y permanentes que afrontan para acceder a los derechos fundamentales y que se han agravado a\u00fan m\u00e1s durante la pandemia. En esta edici\u00f3n, las entidades que impulsan en toda Espa\u00f1a la&nbsp;Campa\u00f1a de Personas Sin Hogar&nbsp;lanzan una alerta bajo el lema \u201c\u00bfSin salida? Perdidos en un sistema de protecci\u00f3n social que no protege. Digamos basta. Nadie Sin Hogar\u201d para poner el foco en el laberinto al que se enfrentan unas personas perdidas en un sistema de protecci\u00f3n social que no funciona. Ante esa realidad, C\u00e1ritas, Faciam (Federaci\u00f3n de Asociaciones y Centros de Ayuda a Marginados), XaPSLL (Xarxa d\u2019Atenci\u00f3 a Persones Sense Llar de Barcelona) y besteBI (Plataforma por la Exclusi\u00f3n Residencial y a favor de las Personas Sin Hogar de Bilbao) demandan el apoyo de la ciudadan\u00eda y de los medios de comunicaci\u00f3n para reclamar a las Administraciones p\u00fablicas la puesta en marcha de una protecci\u00f3n social adecuada, justa y digna para todas las personas, conforme a los derechos fundamentales.","og_url":"https:\/\/parroquiasanagustin.org\/index.php\/2021\/10\/26\/nadie-sin-hogar-2\/","og_site_name":"Parroquia Matriz de San Agust\u00edn","article_published_time":"2021-10-26T17:41:00+00:00","article_modified_time":"2021-11-03T08:37:19+00:00","og_image":[{"width":831,"height":1143,"url":"https:\/\/parroquiasanagustin.org\/wp-content\/uploads\/2021\/10\/Cartel-Sin-Hogar-2021-27x38-1.jpg","type":"image\/jpeg"}],"author":"admin","twitter_card":"summary_large_image","twitter_misc":{"Escrito por":"admin","Tiempo de lectura":"2 minutos"},"schema":{"@context":"https:\/\/schema.org","@graph":[{"@type":"Article","@id":"https:\/\/parroquiasanagustin.org\/index.php\/2021\/10\/26\/nadie-sin-hogar-2\/#article","isPartOf":{"@id":"https:\/\/parroquiasanagustin.org\/index.php\/2021\/10\/26\/nadie-sin-hogar-2\/"},"author":{"name":"admin","@id":"https:\/\/parroquiasanagustin.org\/#\/schema\/person\/847433f46674263837c7be221cfa5120"},"headline":"Nadie sin Hogar","datePublished":"2021-10-26T17:41:00+00:00","dateModified":"2021-11-03T08:37:19+00:00","mainEntityOfPage":{"@id":"https:\/\/parroquiasanagustin.org\/index.php\/2021\/10\/26\/nadie-sin-hogar-2\/"},"wordCount":219,"publisher":{"@id":"https:\/\/parroquiasanagustin.org\/#organization"},"image":{"@id":"https:\/\/parroquiasanagustin.org\/index.php\/2021\/10\/26\/nadie-sin-hogar-2\/#primaryimage"},"thumbnailUrl":"https:\/\/parroquiasanagustin.org\/wp-content\/uploads\/2021\/10\/Cartel-Sin-Hogar-2021-27x38-1.jpg","keywords":["C\u00e1ritas","Hogar"],"articleSection":["Parroquia"],"inLanguage":"es"},{"@type":"WebPage","@id":"https:\/\/parroquiasanagustin.org\/index.php\/2021\/10\/26\/nadie-sin-hogar-2\/","url":"https:\/\/parroquiasanagustin.org\/index.php\/2021\/10\/26\/nadie-sin-hogar-2\/","name":"Nadie sin Hogar - Parroquia Matriz de San Agust\u00edn","isPartOf":{"@id":"https:\/\/parroquiasanagustin.org\/#website"},"primaryImageOfPage":{"@id":"https:\/\/parroquiasanagustin.org\/index.php\/2021\/10\/26\/nadie-sin-hogar-2\/#primaryimage"},"image":{"@id":"https:\/\/parroquiasanagustin.org\/index.php\/2021\/10\/26\/nadie-sin-hogar-2\/#primaryimage"},"thumbnailUrl":"https:\/\/parroquiasanagustin.org\/wp-content\/uploads\/2021\/10\/Cartel-Sin-Hogar-2021-27x38-1.jpg","datePublished":"2021-10-26T17:41:00+00:00","dateModified":"2021-11-03T08:37:19+00:00","breadcrumb":{"@id":"https:\/\/parroquiasanagustin.org\/index.php\/2021\/10\/26\/nadie-sin-hogar-2\/#breadcrumb"},"inLanguage":"es","potentialAction":[{"@type":"ReadAction","target":["https:\/\/parroquiasanagustin.org\/index.php\/2021\/10\/26\/nadie-sin-hogar-2\/"]}]},{"@type":"ImageObject","inLanguage":"es","@id":"https:\/\/parroquiasanagustin.org\/index.php\/2021\/10\/26\/nadie-sin-hogar-2\/#primaryimage","url":"https:\/\/parroquiasanagustin.org\/wp-content\/uploads\/2021\/10\/Cartel-Sin-Hogar-2021-27x38-1.jpg","contentUrl":"https:\/\/parroquiasanagustin.org\/wp-content\/uploads\/2021\/10\/Cartel-Sin-Hogar-2021-27x38-1.jpg","width":831,"height":1143},{"@type":"BreadcrumbList","@id":"https:\/\/parroquiasanagustin.org\/index.php\/2021\/10\/26\/nadie-sin-hogar-2\/#breadcrumb","itemListElement":[{"@type":"ListItem","position":1,"name":"Portada","item":"https:\/\/parroquiasanagustin.org\/"},{"@type":"ListItem","position":2,"name":"Nadie sin Hogar"}]},{"@type":"WebSite","@id":"https:\/\/parroquiasanagustin.org\/#website","url":"https:\/\/parroquiasanagustin.org\/","name":"Parroquia Matriz de San Agust\u00edn","description":"Iglesia de San Agust\u00edn y Santuario de Santa Rita, Vegueta, Las Palmas de Gran Canaria","publisher":{"@id":"https:\/\/parroquiasanagustin.org\/#organization"},"potentialAction":[{"@type":"SearchAction","target":{"@type":"EntryPoint","urlTemplate":"https:\/\/parroquiasanagustin.org\/?s={search_term_string}"},"query-input":{"@type":"PropertyValueSpecification","valueRequired":true,"valueName":"search_term_string"}}],"inLanguage":"es"},{"@type":"Organization","@id":"https:\/\/parroquiasanagustin.org\/#organization","name":"Parroquia Matriz de San Agust\u00edn","url":"https:\/\/parroquiasanagustin.org\/","logo":{"@type":"ImageObject","inLanguage":"es","@id":"https:\/\/parroquiasanagustin.org\/#\/schema\/logo\/image\/","url":"https:\/\/parroquiasanagustin.org\/wp-content\/uploads\/2020\/03\/iglesiaicono.jpg","contentUrl":"https:\/\/parroquiasanagustin.org\/wp-content\/uploads\/2020\/03\/iglesiaicono.jpg","width":567,"height":567,"caption":"Parroquia Matriz de San Agust\u00edn"},"image":{"@id":"https:\/\/parroquiasanagustin.org\/#\/schema\/logo\/image\/"}},{"@type":"Person","@id":"https:\/\/parroquiasanagustin.org\/#\/schema\/person\/847433f46674263837c7be221cfa5120","name":"admin","image":{"@type":"ImageObject","inLanguage":"es","@id":"https:\/\/secure.gravatar.com\/avatar\/07d4512f723a9a3b729f475206dd5edd698d449d5c20abe9a12060d2ff1e0807?s=96&d=mm&r=g","url":"https:\/\/secure.gravatar.com\/avatar\/07d4512f723a9a3b729f475206dd5edd698d449d5c20abe9a12060d2ff1e0807?s=96&d=mm&r=g","contentUrl":"https:\/\/secure.gravatar.com\/avatar\/07d4512f723a9a3b729f475206dd5edd698d449d5c20abe9a12060d2ff1e0807?s=96&d=mm&r=g","caption":"admin"},"url":"https:\/\/parroquiasanagustin.org\/index.php\/author\/admin\/"}]}},"_links":{"self":[{"href":"https:\/\/parroquiasanagustin.org\/index.php\/wp-json\/wp\/v2\/posts\/3361","targetHints":{"allow":["GET"]}}],"collection":[{"href":"https:\/\/parroquiasanagustin.org\/index.php\/wp-json\/wp\/v2\/posts"}],"about":[{"href":"https:\/\/parroquiasanagustin.org\/index.php\/wp-json\/wp\/v2\/types\/post"}],"author":[{"embeddable":true,"href":"https:\/\/parroquiasanagustin.org\/index.php\/wp-json\/wp\/v2\/users\/2"}],"replies":[{"embeddable":true,"href":"https:\/\/parroquiasanagustin.org\/index.php\/wp-json\/wp\/v2\/comments?post=3361"}],"version-history":[{"count":0,"href":"https:\/\/parroquiasanagustin.org\/index.php\/wp-json\/wp\/v2\/posts\/3361\/revisions"}],"wp:featuredmedia":[{"embeddable":true,"href":"https:\/\/parroquiasanagustin.org\/index.php\/wp-json\/wp\/v2\/media\/3362"}],"wp:attachment":[{"href":"https:\/\/parroquiasanagustin.org\/index.php\/wp-json\/wp\/v2\/media?parent=3361"}],"wp:term":[{"taxonomy":"category","embeddable":true,"href":"https:\/\/parroquiasanagustin.org\/index.php\/wp-json\/wp\/v2\/categories?post=3361"},{"taxonomy":"post_tag","embeddable":true,"href":"https:\/\/parroquiasanagustin.org\/index.php\/wp-json\/wp\/v2\/tags?post=3361"}],"curies":[{"name":"wp","href":"https:\/\/api.w.org\/{rel}","templated":true}]}}