{"id":2992,"date":"2021-07-24T16:28:35","date_gmt":"2021-07-24T16:28:35","guid":{"rendered":"https:\/\/parroquiasanagustin.org\/?p=2992"},"modified":"2021-08-06T11:05:19","modified_gmt":"2021-08-06T11:05:19","slug":"dia-de-los-abuelos-y-personas-mayores","status":"publish","type":"post","link":"https:\/\/parroquiasanagustin.org\/index.php\/2021\/07\/24\/dia-de-los-abuelos-y-personas-mayores\/","title":{"rendered":"D\u00eda de los abuelos y personas mayores"},"content":{"rendered":"\n<div class=\"wp-block-columns is-layout-flex wp-container-core-columns-is-layout-8f761849 wp-block-columns-is-layout-flex\">\n<div class=\"wp-block-column is-layout-flow wp-block-column-is-layout-flow\">\n<div class=\"wp-block-media-text alignwide is-stacked-on-mobile\"><figure class=\"wp-block-media-text__media\"><img fetchpriority=\"high\" decoding=\"async\" width=\"1024\" height=\"576\" src=\"https:\/\/parroquiasanagustin.org\/wp-content\/uploads\/2021\/06\/abuelos2021-1024x576.jpeg\" alt=\"\" class=\"wp-image-2821 size-full\" srcset=\"https:\/\/parroquiasanagustin.org\/wp-content\/uploads\/2021\/06\/abuelos2021-1024x576.jpeg 1024w, https:\/\/parroquiasanagustin.org\/wp-content\/uploads\/2021\/06\/abuelos2021-300x169.jpeg 300w, https:\/\/parroquiasanagustin.org\/wp-content\/uploads\/2021\/06\/abuelos2021-768x432.jpeg 768w, https:\/\/parroquiasanagustin.org\/wp-content\/uploads\/2021\/06\/abuelos2021-scaled.jpeg 1200w\" sizes=\"(max-width: 1024px) 100vw, 1024px\" \/><\/figure><div class=\"wp-block-media-text__content\">\n<p class=\"wp-block-paragraph\">El\u00a0<strong>26 de julio<\/strong> la Iglesia en Espa\u00f1a celebra por primera vez la\u00a0<strong><a href=\"https:\/\/www.vaticannews.va\/es\/vaticano\/news\/2021-06\/presentada-la-primera-jornada-mundial-de-los-abuelos-y-los-mayor.html\" target=\"_blank\" rel=\"noreferrer noopener\">Jornada Mundial de los abuelos y personas mayores.<\/a><\/strong>\u00a0Una jornada instaurada por el papa Francisco en torno entorno a la festividad de San Joaqu\u00edn y Santa Ana.\u00a0El tema elegido para este a\u00f1o es:\u00a0<a href=\"https:\/\/www.conferenciaepiscopal.es\/mensaje-jornada-abuelos-mayores-2021\/\" target=\"_blank\" rel=\"noreferrer noopener\">\u00abYo estoy contigo todos los d\u00edas\u00bb<\/a>\u00a0(cf. Mt 28, 20).<\/p>\n<\/div><\/div>\n<\/div>\n<\/div>\n\n\n\n<h3 class=\"wp-block-heading\">\u00bfCu\u00e1l es el mensaje de los obispos?<\/h3>\n\n\n\n<p class=\"wp-block-paragraph\">El tema escogido por el&nbsp;<strong><a href=\"https:\/\/twitter.com\/Pontifex_es\" target=\"_blank\" rel=\"noreferrer noopener\">papa Francisco<\/a><\/strong>&nbsp;expresa en primer lugar<strong>&nbsp;la cercan\u00eda del Se\u00f1or<\/strong>&nbsp;en la vida de cada abuelo, de cada&nbsp;<strong>persona mayor.&nbsp;<\/strong>Los obispos espa\u00f1oles subrayan que \u00abverdaderamente, Jesucristo es el amigo que nunca falla, el que siempre est\u00e1 presente en nuestras vidas\u00bb.<\/p>\n\n\n\n<p class=\"wp-block-paragraph\">Resaltan que \u00abde manera especial en este dif\u00edcil momento de pandemia, estas palabras tienen eco en el coraz\u00f3n de tantas personas mayores que han experimentado la soledad y el miedo durante este periodo\u00bb.<\/p>\n\n\n\n<p class=\"wp-block-paragraph\">Asimismo, el lema \u00abYo estoy contigo todos los d\u00edas\u00bb es una promesa de cercan\u00eda y esperanza que j\u00f3venes y mayores pueden expresarse mutuamente. \u00abDe hecho, no solo los nietos y los j\u00f3venes est\u00e1n llamados a estar presentes en la vida de las personas mayores, sino que las personas mayores y los abuelos tienen tambi\u00e9n una misi\u00f3n de evangelizaci\u00f3n, de anuncio, de<br>oraci\u00f3n y de gu\u00eda de los j\u00f3venes a la fe\u00bb.<a href=\"https:\/\/www.conferenciaepiscopal.es\/wp-content\/uploads\/2021\/06\/2021-jornada-abuelos-mensaje-obispos.pdf\" target=\"_blank\" rel=\"noreferrer noopener\"><\/a><\/p>\n","protected":false},"excerpt":{"rendered":"<p>El\u00a026 de julio la Iglesia en Espa\u00f1a celebra por primera vez la\u00a0Jornada Mundial de los abuelos y personas mayores.\u00a0Una jornada instaurada por el papa Francisco en torno entorno a la festividad de San Joaqu\u00edn y Santa Ana.\u00a0El tema elegido para este a\u00f1o es:\u00a0\u00abYo estoy contigo todos los d\u00edas\u00bb\u00a0(cf. Mt 28, 20). \u00bfCu\u00e1l es el mensaje de los obispos? El tema escogido por el&nbsp;papa Francisco&nbsp;expresa en primer lugar&nbsp;la cercan\u00eda del Se\u00f1or&nbsp;en la vida de cada abuelo, de cada&nbsp;persona mayor.&nbsp;Los obispos espa\u00f1oles subrayan que \u00abverdaderamente, Jesucristo es el amigo que nunca falla, el que siempre est\u00e1 presente en nuestras vidas\u00bb. Resaltan que \u00abde manera especial en este dif\u00edcil momento de pandemia, estas palabras tienen eco en el coraz\u00f3n de tantas personas mayores que han experimentado la soledad y el miedo durante este periodo\u00bb. Asimismo, el lema \u00abYo estoy contigo todos los d\u00edas\u00bb es una promesa de cercan\u00eda y esperanza que j\u00f3venes y mayores pueden expresarse mutuamente. \u00abDe hecho, no solo los nietos y los j\u00f3venes est\u00e1n llamados a estar presentes en la vida de las personas mayores, sino que las personas mayores y los abuelos tienen tambi\u00e9n una misi\u00f3n de evangelizaci\u00f3n, de anuncio, deoraci\u00f3n y de gu\u00eda de los j\u00f3venes a la fe\u00bb.<\/p>\n","protected":false},"author":2,"featured_media":2820,"comment_status":"closed","ping_status":"closed","sticky":false,"template":"","format":"standard","meta":{"ocean_front_end_style_editor":"no","ocean_post_layout":"","ocean_both_sidebars_style":"","ocean_both_sidebars_content_width":0,"ocean_both_sidebars_sidebars_width":0,"ocean_sidebar":"0","ocean_second_sidebar":"0","ocean_disable_margins":"enable","ocean_add_body_class":"","ocean_shortcode_before_top_bar":"","ocean_shortcode_after_top_bar":"","ocean_shortcode_before_header":"","ocean_shortcode_after_header":"","ocean_has_shortcode":"","ocean_shortcode_after_title":"","ocean_shortcode_before_footer_widgets":"","ocean_shortcode_after_footer_widgets":"","ocean_shortcode_before_footer_bottom":"","ocean_shortcode_after_footer_bottom":"","ocean_display_top_bar":"default","ocean_display_header":"default","ocean_header_style":"","ocean_center_header_left_menu":"0","ocean_custom_header_template":"0","ocean_custom_logo":0,"ocean_custom_retina_logo":0,"ocean_custom_logo_max_width":0,"ocean_custom_logo_tablet_max_width":0,"ocean_custom_logo_mobile_max_width":0,"ocean_custom_logo_max_height":0,"ocean_custom_logo_tablet_max_height":0,"ocean_custom_logo_mobile_max_height":0,"ocean_header_custom_menu":"0","ocean_menu_typo_font_family":"0","ocean_menu_typo_font_subset":"","ocean_menu_typo_font_size":0,"ocean_menu_typo_font_size_tablet":0,"ocean_menu_typo_font_size_mobile":0,"ocean_menu_typo_font_size_unit":"px","ocean_menu_typo_font_weight":"","ocean_menu_typo_font_weight_tablet":"","ocean_menu_typo_font_weight_mobile":"","ocean_menu_typo_transform":"","ocean_menu_typo_transform_tablet":"","ocean_menu_typo_transform_mobile":"","ocean_menu_typo_line_height":0,"ocean_menu_typo_line_height_tablet":0,"ocean_menu_typo_line_height_mobile":0,"ocean_menu_typo_line_height_unit":"","ocean_menu_typo_spacing":0,"ocean_menu_typo_spacing_tablet":0,"ocean_menu_typo_spacing_mobile":0,"ocean_menu_typo_spacing_unit":"","ocean_menu_link_color":"","ocean_menu_link_color_hover":"","ocean_menu_link_color_active":"","ocean_menu_link_background":"","ocean_menu_link_hover_background":"","ocean_menu_link_active_background":"","ocean_menu_social_links_bg":"","ocean_menu_social_hover_links_bg":"","ocean_menu_social_links_color":"","ocean_menu_social_hover_links_color":"","ocean_disable_title":"default","ocean_disable_heading":"default","ocean_post_title":"","ocean_post_subheading":"","ocean_post_title_style":"","ocean_post_title_background_color":"","ocean_post_title_background":0,"ocean_post_title_bg_image_position":"","ocean_post_title_bg_image_attachment":"","ocean_post_title_bg_image_repeat":"","ocean_post_title_bg_image_size":"","ocean_post_title_height":0,"ocean_post_title_bg_overlay":0.5,"ocean_post_title_bg_overlay_color":"","ocean_disable_breadcrumbs":"default","ocean_breadcrumbs_color":"","ocean_breadcrumbs_separator_color":"","ocean_breadcrumbs_links_color":"","ocean_breadcrumbs_links_hover_color":"","ocean_display_footer_widgets":"default","ocean_display_footer_bottom":"default","ocean_custom_footer_template":"0","ocean_post_oembed":"","ocean_post_self_hosted_media":"","ocean_post_video_embed":"","ocean_link_format":"","ocean_link_format_target":"self","ocean_quote_format":"","ocean_quote_format_link":"post","ocean_gallery_link_images":"off","ocean_gallery_id":[],"footnotes":""},"categories":[62],"tags":[87],"class_list":["post-2992","post","type-post","status-publish","format-standard","has-post-thumbnail","hentry","category-conferencia-episcopal","tag-abuelos","entry","has-media"],"yoast_head":"<!-- This site is optimized with the Yoast SEO plugin v28.3 - https:\/\/yoast.com\/product\/yoast-seo-wordpress\/ -->\n<title>D\u00eda de los abuelos y personas mayores - Parroquia Matriz de San Agust\u00edn<\/title>\n<meta name=\"robots\" content=\"index, follow, max-snippet:-1, max-image-preview:large, max-video-preview:-1\" \/>\n<link rel=\"canonical\" href=\"https:\/\/parroquiasanagustin.org\/index.php\/2021\/07\/24\/dia-de-los-abuelos-y-personas-mayores\/\" \/>\n<meta property=\"og:locale\" content=\"es_ES\" \/>\n<meta property=\"og:type\" content=\"article\" \/>\n<meta property=\"og:title\" content=\"D\u00eda de los abuelos y personas mayores - Parroquia Matriz de San Agust\u00edn\" \/>\n<meta property=\"og:description\" content=\"El\u00a026 de julio la Iglesia en Espa\u00f1a celebra por primera vez la\u00a0Jornada Mundial de los abuelos y personas mayores.\u00a0Una jornada instaurada por el papa Francisco en torno entorno a la festividad de San Joaqu\u00edn y Santa Ana.\u00a0El tema elegido para este a\u00f1o es:\u00a0\u00abYo estoy contigo todos los d\u00edas\u00bb\u00a0(cf. Mt 28, 20). \u00bfCu\u00e1l es el mensaje de los obispos? El tema escogido por el&nbsp;papa Francisco&nbsp;expresa en primer lugar&nbsp;la cercan\u00eda del Se\u00f1or&nbsp;en la vida de cada abuelo, de cada&nbsp;persona mayor.&nbsp;Los obispos espa\u00f1oles subrayan que \u00abverdaderamente, Jesucristo es el amigo que nunca falla, el que siempre est\u00e1 presente en nuestras vidas\u00bb. Resaltan que \u00abde manera especial en este dif\u00edcil momento de pandemia, estas palabras tienen eco en el coraz\u00f3n de tantas personas mayores que han experimentado la soledad y el miedo durante este periodo\u00bb. Asimismo, el lema \u00abYo estoy contigo todos los d\u00edas\u00bb es una promesa de cercan\u00eda y esperanza que j\u00f3venes y mayores pueden expresarse mutuamente. \u00abDe hecho, no solo los nietos y los j\u00f3venes est\u00e1n llamados a estar presentes en la vida de las personas mayores, sino que las personas mayores y los abuelos tienen tambi\u00e9n una misi\u00f3n de evangelizaci\u00f3n, de anuncio, deoraci\u00f3n y de gu\u00eda de los j\u00f3venes a la fe\u00bb.\" \/>\n<meta property=\"og:url\" content=\"https:\/\/parroquiasanagustin.org\/index.php\/2021\/07\/24\/dia-de-los-abuelos-y-personas-mayores\/\" \/>\n<meta property=\"og:site_name\" content=\"Parroquia Matriz de San Agust\u00edn\" \/>\n<meta property=\"article:published_time\" content=\"2021-07-24T16:28:35+00:00\" \/>\n<meta property=\"article:modified_time\" content=\"2021-08-06T11:05:19+00:00\" \/>\n<meta property=\"og:image\" content=\"https:\/\/parroquiasanagustin.org\/wp-content\/uploads\/2021\/06\/EzaM90WXEAMHjdq.jpg\" \/>\n\t<meta property=\"og:image:width\" content=\"1023\" \/>\n\t<meta property=\"og:image:height\" content=\"1023\" \/>\n\t<meta property=\"og:image:type\" content=\"image\/jpeg\" \/>\n<meta name=\"author\" content=\"admin\" \/>\n<meta name=\"twitter:card\" content=\"summary_large_image\" \/>\n<meta name=\"twitter:label1\" content=\"Escrito por\" \/>\n\t<meta name=\"twitter:data1\" content=\"admin\" \/>\n\t<meta name=\"twitter:label2\" content=\"Tiempo de lectura\" \/>\n\t<meta name=\"twitter:data2\" content=\"2 minutos\" \/>\n<script type=\"application\/ld+json\" class=\"yoast-schema-graph\">{\"@context\":\"https:\\\/\\\/schema.org\",\"@graph\":[{\"@type\":\"Article\",\"@id\":\"https:\\\/\\\/parroquiasanagustin.org\\\/index.php\\\/2021\\\/07\\\/24\\\/dia-de-los-abuelos-y-personas-mayores\\\/#article\",\"isPartOf\":{\"@id\":\"https:\\\/\\\/parroquiasanagustin.org\\\/index.php\\\/2021\\\/07\\\/24\\\/dia-de-los-abuelos-y-personas-mayores\\\/\"},\"author\":{\"name\":\"admin\",\"@id\":\"https:\\\/\\\/parroquiasanagustin.org\\\/#\\\/schema\\\/person\\\/847433f46674263837c7be221cfa5120\"},\"headline\":\"D\u00eda de los abuelos y personas mayores\",\"datePublished\":\"2021-07-24T16:28:35+00:00\",\"dateModified\":\"2021-08-06T11:05:19+00:00\",\"mainEntityOfPage\":{\"@id\":\"https:\\\/\\\/parroquiasanagustin.org\\\/index.php\\\/2021\\\/07\\\/24\\\/dia-de-los-abuelos-y-personas-mayores\\\/\"},\"wordCount\":245,\"publisher\":{\"@id\":\"https:\\\/\\\/parroquiasanagustin.org\\\/#organization\"},\"image\":{\"@id\":\"https:\\\/\\\/parroquiasanagustin.org\\\/index.php\\\/2021\\\/07\\\/24\\\/dia-de-los-abuelos-y-personas-mayores\\\/#primaryimage\"},\"thumbnailUrl\":\"https:\\\/\\\/parroquiasanagustin.org\\\/wp-content\\\/uploads\\\/2021\\\/06\\\/EzaM90WXEAMHjdq.jpg\",\"keywords\":[\"abuelos\"],\"articleSection\":[\"Conferencia Episcopal\"],\"inLanguage\":\"es\"},{\"@type\":\"WebPage\",\"@id\":\"https:\\\/\\\/parroquiasanagustin.org\\\/index.php\\\/2021\\\/07\\\/24\\\/dia-de-los-abuelos-y-personas-mayores\\\/\",\"url\":\"https:\\\/\\\/parroquiasanagustin.org\\\/index.php\\\/2021\\\/07\\\/24\\\/dia-de-los-abuelos-y-personas-mayores\\\/\",\"name\":\"D\u00eda de los abuelos y personas mayores - Parroquia Matriz de San Agust\u00edn\",\"isPartOf\":{\"@id\":\"https:\\\/\\\/parroquiasanagustin.org\\\/#website\"},\"primaryImageOfPage\":{\"@id\":\"https:\\\/\\\/parroquiasanagustin.org\\\/index.php\\\/2021\\\/07\\\/24\\\/dia-de-los-abuelos-y-personas-mayores\\\/#primaryimage\"},\"image\":{\"@id\":\"https:\\\/\\\/parroquiasanagustin.org\\\/index.php\\\/2021\\\/07\\\/24\\\/dia-de-los-abuelos-y-personas-mayores\\\/#primaryimage\"},\"thumbnailUrl\":\"https:\\\/\\\/parroquiasanagustin.org\\\/wp-content\\\/uploads\\\/2021\\\/06\\\/EzaM90WXEAMHjdq.jpg\",\"datePublished\":\"2021-07-24T16:28:35+00:00\",\"dateModified\":\"2021-08-06T11:05:19+00:00\",\"breadcrumb\":{\"@id\":\"https:\\\/\\\/parroquiasanagustin.org\\\/index.php\\\/2021\\\/07\\\/24\\\/dia-de-los-abuelos-y-personas-mayores\\\/#breadcrumb\"},\"inLanguage\":\"es\",\"potentialAction\":[{\"@type\":\"ReadAction\",\"target\":[\"https:\\\/\\\/parroquiasanagustin.org\\\/index.php\\\/2021\\\/07\\\/24\\\/dia-de-los-abuelos-y-personas-mayores\\\/\"]}]},{\"@type\":\"ImageObject\",\"inLanguage\":\"es\",\"@id\":\"https:\\\/\\\/parroquiasanagustin.org\\\/index.php\\\/2021\\\/07\\\/24\\\/dia-de-los-abuelos-y-personas-mayores\\\/#primaryimage\",\"url\":\"https:\\\/\\\/parroquiasanagustin.org\\\/wp-content\\\/uploads\\\/2021\\\/06\\\/EzaM90WXEAMHjdq.jpg\",\"contentUrl\":\"https:\\\/\\\/parroquiasanagustin.org\\\/wp-content\\\/uploads\\\/2021\\\/06\\\/EzaM90WXEAMHjdq.jpg\",\"width\":1023,\"height\":1023},{\"@type\":\"BreadcrumbList\",\"@id\":\"https:\\\/\\\/parroquiasanagustin.org\\\/index.php\\\/2021\\\/07\\\/24\\\/dia-de-los-abuelos-y-personas-mayores\\\/#breadcrumb\",\"itemListElement\":[{\"@type\":\"ListItem\",\"position\":1,\"name\":\"Portada\",\"item\":\"https:\\\/\\\/parroquiasanagustin.org\\\/\"},{\"@type\":\"ListItem\",\"position\":2,\"name\":\"D\u00eda de los abuelos y personas mayores\"}]},{\"@type\":\"WebSite\",\"@id\":\"https:\\\/\\\/parroquiasanagustin.org\\\/#website\",\"url\":\"https:\\\/\\\/parroquiasanagustin.org\\\/\",\"name\":\"Parroquia Matriz de San Agust\u00edn\",\"description\":\"Iglesia de San Agust\u00edn y Santuario de Santa Rita, Vegueta, Las Palmas de Gran Canaria\",\"publisher\":{\"@id\":\"https:\\\/\\\/parroquiasanagustin.org\\\/#organization\"},\"potentialAction\":[{\"@type\":\"SearchAction\",\"target\":{\"@type\":\"EntryPoint\",\"urlTemplate\":\"https:\\\/\\\/parroquiasanagustin.org\\\/?s={search_term_string}\"},\"query-input\":{\"@type\":\"PropertyValueSpecification\",\"valueRequired\":true,\"valueName\":\"search_term_string\"}}],\"inLanguage\":\"es\"},{\"@type\":\"Organization\",\"@id\":\"https:\\\/\\\/parroquiasanagustin.org\\\/#organization\",\"name\":\"Parroquia Matriz de San Agust\u00edn\",\"url\":\"https:\\\/\\\/parroquiasanagustin.org\\\/\",\"logo\":{\"@type\":\"ImageObject\",\"inLanguage\":\"es\",\"@id\":\"https:\\\/\\\/parroquiasanagustin.org\\\/#\\\/schema\\\/logo\\\/image\\\/\",\"url\":\"https:\\\/\\\/parroquiasanagustin.org\\\/wp-content\\\/uploads\\\/2020\\\/03\\\/iglesiaicono.jpg\",\"contentUrl\":\"https:\\\/\\\/parroquiasanagustin.org\\\/wp-content\\\/uploads\\\/2020\\\/03\\\/iglesiaicono.jpg\",\"width\":567,\"height\":567,\"caption\":\"Parroquia Matriz de San Agust\u00edn\"},\"image\":{\"@id\":\"https:\\\/\\\/parroquiasanagustin.org\\\/#\\\/schema\\\/logo\\\/image\\\/\"}},{\"@type\":\"Person\",\"@id\":\"https:\\\/\\\/parroquiasanagustin.org\\\/#\\\/schema\\\/person\\\/847433f46674263837c7be221cfa5120\",\"name\":\"admin\",\"image\":{\"@type\":\"ImageObject\",\"inLanguage\":\"es\",\"@id\":\"https:\\\/\\\/secure.gravatar.com\\\/avatar\\\/07d4512f723a9a3b729f475206dd5edd698d449d5c20abe9a12060d2ff1e0807?s=96&d=mm&r=g\",\"url\":\"https:\\\/\\\/secure.gravatar.com\\\/avatar\\\/07d4512f723a9a3b729f475206dd5edd698d449d5c20abe9a12060d2ff1e0807?s=96&d=mm&r=g\",\"contentUrl\":\"https:\\\/\\\/secure.gravatar.com\\\/avatar\\\/07d4512f723a9a3b729f475206dd5edd698d449d5c20abe9a12060d2ff1e0807?s=96&d=mm&r=g\",\"caption\":\"admin\"},\"url\":\"https:\\\/\\\/parroquiasanagustin.org\\\/index.php\\\/author\\\/admin\\\/\"}]}<\/script>\n<!-- \/ Yoast SEO plugin. -->","yoast_head_json":{"title":"D\u00eda de los abuelos y personas mayores - Parroquia Matriz de San Agust\u00edn","robots":{"index":"index","follow":"follow","max-snippet":"max-snippet:-1","max-image-preview":"max-image-preview:large","max-video-preview":"max-video-preview:-1"},"canonical":"https:\/\/parroquiasanagustin.org\/index.php\/2021\/07\/24\/dia-de-los-abuelos-y-personas-mayores\/","og_locale":"es_ES","og_type":"article","og_title":"D\u00eda de los abuelos y personas mayores - Parroquia Matriz de San Agust\u00edn","og_description":"El\u00a026 de julio la Iglesia en Espa\u00f1a celebra por primera vez la\u00a0Jornada Mundial de los abuelos y personas mayores.\u00a0Una jornada instaurada por el papa Francisco en torno entorno a la festividad de San Joaqu\u00edn y Santa Ana.\u00a0El tema elegido para este a\u00f1o es:\u00a0\u00abYo estoy contigo todos los d\u00edas\u00bb\u00a0(cf. Mt 28, 20). \u00bfCu\u00e1l es el mensaje de los obispos? El tema escogido por el&nbsp;papa Francisco&nbsp;expresa en primer lugar&nbsp;la cercan\u00eda del Se\u00f1or&nbsp;en la vida de cada abuelo, de cada&nbsp;persona mayor.&nbsp;Los obispos espa\u00f1oles subrayan que \u00abverdaderamente, Jesucristo es el amigo que nunca falla, el que siempre est\u00e1 presente en nuestras vidas\u00bb. Resaltan que \u00abde manera especial en este dif\u00edcil momento de pandemia, estas palabras tienen eco en el coraz\u00f3n de tantas personas mayores que han experimentado la soledad y el miedo durante este periodo\u00bb. Asimismo, el lema \u00abYo estoy contigo todos los d\u00edas\u00bb es una promesa de cercan\u00eda y esperanza que j\u00f3venes y mayores pueden expresarse mutuamente. \u00abDe hecho, no solo los nietos y los j\u00f3venes est\u00e1n llamados a estar presentes en la vida de las personas mayores, sino que las personas mayores y los abuelos tienen tambi\u00e9n una misi\u00f3n de evangelizaci\u00f3n, de anuncio, deoraci\u00f3n y de gu\u00eda de los j\u00f3venes a la fe\u00bb.","og_url":"https:\/\/parroquiasanagustin.org\/index.php\/2021\/07\/24\/dia-de-los-abuelos-y-personas-mayores\/","og_site_name":"Parroquia Matriz de San Agust\u00edn","article_published_time":"2021-07-24T16:28:35+00:00","article_modified_time":"2021-08-06T11:05:19+00:00","og_image":[{"width":1023,"height":1023,"url":"https:\/\/parroquiasanagustin.org\/wp-content\/uploads\/2021\/06\/EzaM90WXEAMHjdq.jpg","type":"image\/jpeg"}],"author":"admin","twitter_card":"summary_large_image","twitter_misc":{"Escrito por":"admin","Tiempo de lectura":"2 minutos"},"schema":{"@context":"https:\/\/schema.org","@graph":[{"@type":"Article","@id":"https:\/\/parroquiasanagustin.org\/index.php\/2021\/07\/24\/dia-de-los-abuelos-y-personas-mayores\/#article","isPartOf":{"@id":"https:\/\/parroquiasanagustin.org\/index.php\/2021\/07\/24\/dia-de-los-abuelos-y-personas-mayores\/"},"author":{"name":"admin","@id":"https:\/\/parroquiasanagustin.org\/#\/schema\/person\/847433f46674263837c7be221cfa5120"},"headline":"D\u00eda de los abuelos y personas mayores","datePublished":"2021-07-24T16:28:35+00:00","dateModified":"2021-08-06T11:05:19+00:00","mainEntityOfPage":{"@id":"https:\/\/parroquiasanagustin.org\/index.php\/2021\/07\/24\/dia-de-los-abuelos-y-personas-mayores\/"},"wordCount":245,"publisher":{"@id":"https:\/\/parroquiasanagustin.org\/#organization"},"image":{"@id":"https:\/\/parroquiasanagustin.org\/index.php\/2021\/07\/24\/dia-de-los-abuelos-y-personas-mayores\/#primaryimage"},"thumbnailUrl":"https:\/\/parroquiasanagustin.org\/wp-content\/uploads\/2021\/06\/EzaM90WXEAMHjdq.jpg","keywords":["abuelos"],"articleSection":["Conferencia Episcopal"],"inLanguage":"es"},{"@type":"WebPage","@id":"https:\/\/parroquiasanagustin.org\/index.php\/2021\/07\/24\/dia-de-los-abuelos-y-personas-mayores\/","url":"https:\/\/parroquiasanagustin.org\/index.php\/2021\/07\/24\/dia-de-los-abuelos-y-personas-mayores\/","name":"D\u00eda de los abuelos y personas mayores - Parroquia Matriz de San Agust\u00edn","isPartOf":{"@id":"https:\/\/parroquiasanagustin.org\/#website"},"primaryImageOfPage":{"@id":"https:\/\/parroquiasanagustin.org\/index.php\/2021\/07\/24\/dia-de-los-abuelos-y-personas-mayores\/#primaryimage"},"image":{"@id":"https:\/\/parroquiasanagustin.org\/index.php\/2021\/07\/24\/dia-de-los-abuelos-y-personas-mayores\/#primaryimage"},"thumbnailUrl":"https:\/\/parroquiasanagustin.org\/wp-content\/uploads\/2021\/06\/EzaM90WXEAMHjdq.jpg","datePublished":"2021-07-24T16:28:35+00:00","dateModified":"2021-08-06T11:05:19+00:00","breadcrumb":{"@id":"https:\/\/parroquiasanagustin.org\/index.php\/2021\/07\/24\/dia-de-los-abuelos-y-personas-mayores\/#breadcrumb"},"inLanguage":"es","potentialAction":[{"@type":"ReadAction","target":["https:\/\/parroquiasanagustin.org\/index.php\/2021\/07\/24\/dia-de-los-abuelos-y-personas-mayores\/"]}]},{"@type":"ImageObject","inLanguage":"es","@id":"https:\/\/parroquiasanagustin.org\/index.php\/2021\/07\/24\/dia-de-los-abuelos-y-personas-mayores\/#primaryimage","url":"https:\/\/parroquiasanagustin.org\/wp-content\/uploads\/2021\/06\/EzaM90WXEAMHjdq.jpg","contentUrl":"https:\/\/parroquiasanagustin.org\/wp-content\/uploads\/2021\/06\/EzaM90WXEAMHjdq.jpg","width":1023,"height":1023},{"@type":"BreadcrumbList","@id":"https:\/\/parroquiasanagustin.org\/index.php\/2021\/07\/24\/dia-de-los-abuelos-y-personas-mayores\/#breadcrumb","itemListElement":[{"@type":"ListItem","position":1,"name":"Portada","item":"https:\/\/parroquiasanagustin.org\/"},{"@type":"ListItem","position":2,"name":"D\u00eda de los abuelos y personas mayores"}]},{"@type":"WebSite","@id":"https:\/\/parroquiasanagustin.org\/#website","url":"https:\/\/parroquiasanagustin.org\/","name":"Parroquia Matriz de San Agust\u00edn","description":"Iglesia de San Agust\u00edn y Santuario de Santa Rita, Vegueta, Las Palmas de Gran Canaria","publisher":{"@id":"https:\/\/parroquiasanagustin.org\/#organization"},"potentialAction":[{"@type":"SearchAction","target":{"@type":"EntryPoint","urlTemplate":"https:\/\/parroquiasanagustin.org\/?s={search_term_string}"},"query-input":{"@type":"PropertyValueSpecification","valueRequired":true,"valueName":"search_term_string"}}],"inLanguage":"es"},{"@type":"Organization","@id":"https:\/\/parroquiasanagustin.org\/#organization","name":"Parroquia Matriz de San Agust\u00edn","url":"https:\/\/parroquiasanagustin.org\/","logo":{"@type":"ImageObject","inLanguage":"es","@id":"https:\/\/parroquiasanagustin.org\/#\/schema\/logo\/image\/","url":"https:\/\/parroquiasanagustin.org\/wp-content\/uploads\/2020\/03\/iglesiaicono.jpg","contentUrl":"https:\/\/parroquiasanagustin.org\/wp-content\/uploads\/2020\/03\/iglesiaicono.jpg","width":567,"height":567,"caption":"Parroquia Matriz de San Agust\u00edn"},"image":{"@id":"https:\/\/parroquiasanagustin.org\/#\/schema\/logo\/image\/"}},{"@type":"Person","@id":"https:\/\/parroquiasanagustin.org\/#\/schema\/person\/847433f46674263837c7be221cfa5120","name":"admin","image":{"@type":"ImageObject","inLanguage":"es","@id":"https:\/\/secure.gravatar.com\/avatar\/07d4512f723a9a3b729f475206dd5edd698d449d5c20abe9a12060d2ff1e0807?s=96&d=mm&r=g","url":"https:\/\/secure.gravatar.com\/avatar\/07d4512f723a9a3b729f475206dd5edd698d449d5c20abe9a12060d2ff1e0807?s=96&d=mm&r=g","contentUrl":"https:\/\/secure.gravatar.com\/avatar\/07d4512f723a9a3b729f475206dd5edd698d449d5c20abe9a12060d2ff1e0807?s=96&d=mm&r=g","caption":"admin"},"url":"https:\/\/parroquiasanagustin.org\/index.php\/author\/admin\/"}]}},"_links":{"self":[{"href":"https:\/\/parroquiasanagustin.org\/index.php\/wp-json\/wp\/v2\/posts\/2992","targetHints":{"allow":["GET"]}}],"collection":[{"href":"https:\/\/parroquiasanagustin.org\/index.php\/wp-json\/wp\/v2\/posts"}],"about":[{"href":"https:\/\/parroquiasanagustin.org\/index.php\/wp-json\/wp\/v2\/types\/post"}],"author":[{"embeddable":true,"href":"https:\/\/parroquiasanagustin.org\/index.php\/wp-json\/wp\/v2\/users\/2"}],"replies":[{"embeddable":true,"href":"https:\/\/parroquiasanagustin.org\/index.php\/wp-json\/wp\/v2\/comments?post=2992"}],"version-history":[{"count":0,"href":"https:\/\/parroquiasanagustin.org\/index.php\/wp-json\/wp\/v2\/posts\/2992\/revisions"}],"wp:featuredmedia":[{"embeddable":true,"href":"https:\/\/parroquiasanagustin.org\/index.php\/wp-json\/wp\/v2\/media\/2820"}],"wp:attachment":[{"href":"https:\/\/parroquiasanagustin.org\/index.php\/wp-json\/wp\/v2\/media?parent=2992"}],"wp:term":[{"taxonomy":"category","embeddable":true,"href":"https:\/\/parroquiasanagustin.org\/index.php\/wp-json\/wp\/v2\/categories?post=2992"},{"taxonomy":"post_tag","embeddable":true,"href":"https:\/\/parroquiasanagustin.org\/index.php\/wp-json\/wp\/v2\/tags?post=2992"}],"curies":[{"name":"wp","href":"https:\/\/api.w.org\/{rel}","templated":true}]}}